{"id":15364,"date":"2020-04-24T06:57:26","date_gmt":"2020-04-24T06:57:26","guid":{"rendered":"http:\/\/www.iceagetv.com\/radiosite\/?p=15364"},"modified":"2020-04-24T06:57:26","modified_gmt":"2020-04-24T06:57:26","slug":"le-gouvernement-annonce-ce-matin-quil-va-distribuer-des-masques-aux-francais-a-partir-de-4-mai-mais-comment-et-a-quel-prix-voici-ce-que-lon-sait","status":"publish","type":"post","link":"https:\/\/www.iceagetv.com\/radiosite\/le-gouvernement-annonce-ce-matin-quil-va-distribuer-des-masques-aux-francais-a-partir-de-4-mai-mais-comment-et-a-quel-prix-voici-ce-que-lon-sait\/","title":{"rendered":"Le gouvernement annonce ce matin qu&rsquo;il va distribuer des masques aux Fran\u00e7ais \u00e0 partir de 4 mai : Mais comment et \u00e0 quel prix ? Voici ce que l&rsquo;on sait&#8230;"},"content":{"rendered":"\n<p>Le gouvernement fran\u00e7ais va distribuer des masques de protection contre le coronavirus aupr\u00e8s des Fran\u00e7ais \u00e0 partir du lundi 4 mai, affirme la secr\u00e9taire d&rsquo;\u00c9tat \u00e0 l&rsquo;Economie, Agn\u00e8s Pannier-Runacher, dans un entretien aux \u00c9chos. \u00ab\u00a0L&rsquo;\u00c9tat contribuera \u00e0 doter en masques grand public les citoyens d\u00e8s que possible par les canaux de distribution les mieux adapt\u00e9s\u00a0\u00bb, insiste-t-elle.<\/p>\n\n\n\n<p>Pour autant, \u00ab\u00a0il reste \u00e0 trancher des questions : comment \u00e9viter un ph\u00e9nom\u00e8ne de surstockage par certains au risque de provoquer des ruptures locales d&rsquo;approvisionnement ? Comment s&rsquo;appuyer sur les collectivit\u00e9s locales ?\u00a0\u00bb, s&rsquo;interroge la secr\u00e9taire d&rsquo;\u00c9tat, pr\u00e9cisant que ces questions seront arbitr\u00e9es dans le cadre du plan de d\u00e9confinement.<\/p>\n\n\n\n<p>Pour l&rsquo;heure, le gouvernement a \u00ab\u00a0initi\u00e9 une fili\u00e8re de fabrication de masques grand public en textile, le plus souvent lavables et r\u00e9utilisables\u00a0\u00bb, souligne Agn\u00e8s Pannier-Runacher, affirmant que la production a atteint plus de 10 millions de masques la semaine pass\u00e9e. \u00ab\u00a0Et l&rsquo;approvisionnement, par la production fran\u00e7aise et les importations, va s&rsquo;accro\u00eetre rapidement pour d\u00e9passer 25 millions de masques lavables par semaine fin avril\u00a0\u00bb, poursuit-elle.<\/p>\n\n\n\n<p>\u00ab\u00a0Plusieurs modes de distribution ont \u00e9t\u00e9 identifi\u00e9s pour permettre \u00e0 un maximum de Fran\u00e7ais d&rsquo;y avoir acc\u00e8s. Le champ des possibles est tr\u00e8s large et nous regardons toutes les hypoth\u00e8ses : pharmaciens, mairies, grande distribution, buralistes, plateforme Afnor, e-commerce, etc.\u00a0\u00bb, poursuit Agn\u00e8s Pannier-Runacher.<\/p>\n\n\n\n<p>\u00ab\u00a0Le r\u00e9seau des 24.000 buralistes accompagne le d\u00e9confinement progressif \u00e0 venir en donnant acc\u00e8s \u00e0 la population \u00e0 des masques de protection\u00a0\u00bb, a confirm\u00e9 dans un communiqu\u00e9 la Conf\u00e9d\u00e9ration des buralistes. Le Parisien \u00e9voque un prix \u00e0 l&rsquo;unit\u00e9 autour de cinq euros. Mais la conf\u00e9d\u00e9ration a pr\u00e9cis\u00e9 \u00e0 l&rsquo;AFP que ce prix \u00e9tait seulement indicatif. Interrog\u00e9e sur l&rsquo;opportunit\u00e9 d&rsquo;encadrer les prix de vente de ces masques, Agn\u00e8s Pannier-Runacher indique : \u00ab\u00a0\u00a0\u00bbCe n&rsquo;est pas d&rsquo;actualit\u00e9.\u00a0\u00bb<\/p>\n","protected":false},"excerpt":{"rendered":"<p>Le gouvernement fran\u00e7ais va distribuer des masques de protection contre le coronavirus aupr\u00e8s des Fran\u00e7ais \u00e0 partir du lundi 4 mai, affirme la secr\u00e9taire d&rsquo;\u00c9tat \u00e0 l&rsquo;Economie, Agn\u00e8s Pannier-Runacher, dans un entretien aux \u00c9chos. \u00ab\u00a0L&rsquo;\u00c9tat contribuera \u00e0 doter en masques grand public les citoyens d\u00e8s que possible par les canaux de distribution les mieux adapt\u00e9s\u00a0\u00bb, [&hellip;]<\/p>\n","protected":false},"author":2,"featured_media":15365,"comment_status":"open","ping_status":"open","sticky":false,"template":"","format":"standard","meta":{"_jetpack_memberships_contains_paid_content":false,"footnotes":"","jetpack_publicize_message":"","jetpack_publicize_feature_enabled":true,"jetpack_social_post_already_shared":true,"jetpack_social_options":{"image_generator_settings":{"template":"highway","default_image_id":0,"font":"","enabled":false},"version":2},"_wpas_customize_per_network":false},"categories":[405],"tags":[],"class_list":["post-15364","post","type-post","status-publish","format-standard","has-post-thumbnail","hentry","category-actu-france-monde"],"jetpack_publicize_connections":[],"jetpack_featured_media_url":"https:\/\/i0.wp.com\/www.iceagetv.com\/radiosite\/wp-content\/uploads\/2020\/04\/Le-gouvernement-annonce-ce-matin.png?fit=884%2C384&ssl=1","jetpack_sharing_enabled":true,"_links":{"self":[{"href":"https:\/\/www.iceagetv.com\/radiosite\/wp-json\/wp\/v2\/posts\/15364","targetHints":{"allow":["GET"]}}],"collection":[{"href":"https:\/\/www.iceagetv.com\/radiosite\/wp-json\/wp\/v2\/posts"}],"about":[{"href":"https:\/\/www.iceagetv.com\/radiosite\/wp-json\/wp\/v2\/types\/post"}],"author":[{"embeddable":true,"href":"https:\/\/www.iceagetv.com\/radiosite\/wp-json\/wp\/v2\/users\/2"}],"replies":[{"embeddable":true,"href":"https:\/\/www.iceagetv.com\/radiosite\/wp-json\/wp\/v2\/comments?post=15364"}],"version-history":[{"count":1,"href":"https:\/\/www.iceagetv.com\/radiosite\/wp-json\/wp\/v2\/posts\/15364\/revisions"}],"predecessor-version":[{"id":15366,"href":"https:\/\/www.iceagetv.com\/radiosite\/wp-json\/wp\/v2\/posts\/15364\/revisions\/15366"}],"wp:featuredmedia":[{"embeddable":true,"href":"https:\/\/www.iceagetv.com\/radiosite\/wp-json\/wp\/v2\/media\/15365"}],"wp:attachment":[{"href":"https:\/\/www.iceagetv.com\/radiosite\/wp-json\/wp\/v2\/media?parent=15364"}],"wp:term":[{"taxonomy":"category","embeddable":true,"href":"https:\/\/www.iceagetv.com\/radiosite\/wp-json\/wp\/v2\/categories?post=15364"},{"taxonomy":"post_tag","embeddable":true,"href":"https:\/\/www.iceagetv.com\/radiosite\/wp-json\/wp\/v2\/tags?post=15364"}],"curies":[{"name":"wp","href":"https:\/\/api.w.org\/{rel}","templated":true}]}}