{"id":15370,"date":"2020-04-24T12:51:33","date_gmt":"2020-04-24T12:51:33","guid":{"rendered":"http:\/\/www.iceagetv.com\/radiosite\/?p=15370"},"modified":"2020-04-24T12:51:33","modified_gmt":"2020-04-24T12:51:33","slug":"reouverture-des-magasins-port-de-masque-quelles-strategies-de-deconfinement-adoptent-les-pays-europeens","status":"publish","type":"post","link":"https:\/\/www.iceagetv.com\/radiosite\/reouverture-des-magasins-port-de-masque-quelles-strategies-de-deconfinement-adoptent-les-pays-europeens\/","title":{"rendered":"r\u00e9ouverture des magasins, port de masque&#8230; Quelles strat\u00e9gies de d\u00e9confinement adoptent les pays europ\u00e9ens ?"},"content":{"rendered":"\n<p> Depuis plusieurs jours le gouvernement fran\u00e7ais r\u00e9fl\u00e9chit\u00a0\u00e0\u00a0un plan de\u00a0<a href=\"https:\/\/www.francetvinfo.fr\/sante\/maladie\/coronavirus\/deconfinement\">d\u00e9confinement<\/a>. Vendredi 24 avril, plusieurs pays europ\u00e9ens ont d\u00e9j\u00e0 assoupli leurs r\u00e8gles ou\u00a0se pr\u00e9parent \u00e9galement \u00e0 sortir progressivement du\u00a0<a href=\"https:\/\/www.francetvinfo.fr\/sante\/maladie\/coronavirus\/confinement\">confinement<\/a>\u00a0impos\u00e9\u00a0pour tenter d&rsquo;enrayer\u00a0la pand\u00e9mie de\u00a0<a href=\"https:\/\/www.francetvinfo.fr\/sante\/maladie\/coronavirus\">coronavirus<\/a>. Franceinfo se penche sur les feuilles de route de nos voisins. <\/p>\n\n\n\n<p>Berlin et 10 des 16 Etats f\u00e9d\u00e9r\u00e9s allemands ont d\u00e9cid\u00e9 d&rsquo;imposer le port du masque dans les transports publics. Bars, restaurants, lieux culturels, terrains de sports y demeurent ferm\u00e9s.&nbsp;Les \u00e9coles et les lyc\u00e9es doivent par exemple garder leurs portes closes jusqu&rsquo;au 3 mai.<\/p>\n\n\n\n<p>La situation reste&nbsp;<em>\u00ab\u00a0fragile\u00a0\u00bb<\/em>, a pr\u00e9venu la chanceli\u00e8re Angela Merkel, estimant qu&rsquo;<em>\u00ab\u00a0aller trop vite serait une erreur\u00a0\u00bb<\/em>.<\/p>\n\n\n\n<h2 class=\"wp-block-heading\">Autriche : r\u00e9ouverture des petits magasins depuis le 14 avril<\/h2>\n\n\n\n<p>Le pays, qui compte quelque 500 d\u00e9c\u00e8s sur une population d&rsquo;environ 9 millions d&rsquo;habitants, a permis, d\u00e8s le 14 avril,&nbsp;la r\u00e9ouverture de ses petits commerces (moins de 400 m2), des jardins publics et m\u00eame des magasins de bricolage.<\/p>\n\n\n\n<p>Se couvrir le nez et la bouche est obligatoire dans les commerces et les transports en commun et la population est encore&nbsp;invit\u00e9e \u00e0 limiter ses d\u00e9placements. Ecoles, caf\u00e9s et restaurants restent ferm\u00e9s jusqu&rsquo;\u00e0 la mi-mai au moins.&nbsp;C&rsquo;est&nbsp;<em>\u00ab\u00a0le premier pas vers une nouvelle forme de normalit\u00e9\u00a0\u00bb<\/em>, a d\u00e9clar\u00e9 le chancelier Sebastian Kurz.<\/p>\n\n\n\n<h2 class=\"wp-block-heading\">Suisse : trois \u00e9tapes, du 27 avril au 8 juin<\/h2>\n\n\n\n<p>Le pays, qui compte&nbsp;quelque&nbsp;27 000 cas de contaminations et un peu plus de 1&nbsp;000 morts,&nbsp;va assouplir progressivement ses mesures de confinement. Alain Berset, le ministre de l&rsquo;Int\u00e9rieur [en charge de la sant\u00e9], a expliqu\u00e9, vouloir&nbsp;<em>\u00ab\u00a0agir aussi vite que possible, mais aussi lentement que n\u00e9cessaire\u00a0\u00bb<\/em>, une formule&nbsp;<em>\u00ab\u00a0pour ne pas faire&nbsp;mentir la traditionnelle prudence helv\u00e9tique\u00a0\u00bb<\/em>,&nbsp;<a href=\"https:\/\/www.lepoint.fr\/monde\/en-suisse-un-deconfinement-a-petits-pas-17-04-2020-2371812_24.php\" target=\"_blank\" rel=\"noreferrer noopener\">commente<\/a><em><a href=\"https:\/\/www.lepoint.fr\/monde\/en-suisse-un-deconfinement-a-petits-pas-17-04-2020-2371812_24.php\" target=\"_blank\" rel=\"noreferrer noopener\">&nbsp;Le Point<\/a><\/em>.<\/p>\n\n\n\n<p>D\u00e8s le 27 avril, la Suisse va autoriser la r\u00e9ouverture des coiffeurs et autres services de soin \u00e0 la personne, jardineries, magasins de bricolage, rapporte la&nbsp;<a href=\"https:\/\/www.rts.ch\/info\/11257509-le-plan-de-deconfinement-progressif-du-conseil-federal-continue-de-faire-grincer-des-dents.html\" target=\"_blank\" rel=\"noreferrer noopener\">RTS<\/a>. Une deuxi\u00e8me \u00e9tape surviendra le 11 mai avec la r\u00e9ouverture des \u00e9coles obligatoires, des autres commerces, des installations sportives. Enfin, le 8 juin, les&nbsp;<em>\u00ab\u00a0lieux de divertissement\u00a0\u00bb<\/em>, comme les mus\u00e9es et les biblioth\u00e8ques, vont pouvoir accueillir du public.<\/p>\n\n\n\n<p>Le Conseil f\u00e9d\u00e9ral suisse a&nbsp;<a href=\"https:\/\/www.rts.ch\/info\/11257509-le-plan-de-deconfinement-progressif-du-conseil-federal-continue-de-faire-grincer-des-dents.html\" target=\"_blank\" rel=\"noreferrer noopener\">pr\u00e9cis\u00e9 son plan, mercredi. Il s&rsquo;est d\u00e9clar\u00e9 contre le port du masque g\u00e9n\u00e9ralis\u00e9 et a annonc\u00e9 un sout<\/a>ien particulier aux start-up.<\/p>\n\n\n\n<h2 class=\"wp-block-heading\">Norv\u00e8ge : cr\u00e8ches et maternelles d\u00e9j\u00e0 rouvertes<\/h2>\n\n\n\n<p>Le pays a enregistr\u00e9 quelque&nbsp;6 500 cas de contaminations et moins de 200 d\u00e9c\u00e8s. La Norv\u00e8ge a&nbsp;choisi&nbsp;un d\u00e9confinement progressif. Les&nbsp;<em>barnehager<\/em>, \u00e9tablissements qui englobent cr\u00e8ches et \u00e9coles maternelles, ont rouvert, lundi, dans tout le pays.&nbsp;En revanche, les coll\u00e8ges, lyc\u00e9es et universit\u00e9s devront attendre le 27 avril et leur r\u00e9ouverture ne sera que partielle.<\/p>\n\n\n\n<p><em>\u00ab\u00a0L&rsquo;interdiction de rejoindre sa maison de vacances, qui avait fait grand bruit dans le pays, est \u00e9galement lev\u00e9e\u00a0\u00bb<\/em>, rapporte&nbsp;<a href=\"http:\/\/www.rfi.fr\/fr\/europe\/20200420-coronavirus-la-norv%C3%A8ge-entame-son-d%C3%A9confinement\" target=\"_blank\" rel=\"noreferrer noopener\">RFI<\/a>. La Premi\u00e8re ministre, Erna Solberg, a toutefois soulign\u00e9 que les d\u00e9placements de loisir doivent \u00eatre limit\u00e9s.<\/p>\n\n\n\n<p>La consignes de distanciation sociale sont maintenues et les rassemblements de plus de cinq personnes demeurent interdits. Jusqu&rsquo;au 15 juin, les restaurants, bars, cin\u00e9mas, th\u00e9\u00e2tres resteront ferm\u00e9s. Les \u00e9v\u00e9nements culturels et sportifs restent interdits jusqu&rsquo;\u00e0 nouvel ordre.<\/p>\n\n\n\n<p>RFI pr\u00e9cise que&nbsp;<em>\u00ab\u00a0ce d\u00e9confinement sera accompagn\u00e9 par une surveillance de la propagation de l&rsquo;\u00e9pid\u00e9mie gr\u00e2ce \u00e0 une application mobile de tra\u00e7age t\u00e9l\u00e9chargeable sur la base du volontariat\u00a0\u00bb<\/em>. Son nom : Smittestopp.<\/p>\n\n\n\n<h2 class=\"wp-block-heading\">Danemark : \u00e9coles et cr\u00e8ches rouvertes depuis le 15 avril<\/h2>\n\n\n\n<p>La d\u00e9marche est \u00e9galement progressive dans ce pays&nbsp;qui compte quelque 400 morts et plus de 7 500 cas de Covid-19&nbsp;av\u00e9r\u00e9s.&nbsp;Les \u00e9l\u00e8ves reprennent peu \u00e0 peu le chemin de l&rsquo;\u00e9cole et les transports retrouvent un rythme normal.&nbsp;Apr\u00e8s les \u00e9coles et les cr\u00e8ches le 15 avril, des petites entreprises tels les salons de coiffure et de tatouage mais aussi les dentistes, ont rouvert le 20 avril.&nbsp;<em>\u00ab\u00a0Il sera peut-\u00eatre n\u00e9cessaire de revenir en arri\u00e8re et d&rsquo;introduire des restrictions\u00a0\u00bb<\/em>, a d\u00e9j\u00e0 pr\u00e9venu Mette Frederiksen,&nbsp;la Premi\u00e8re ministre.<\/p>\n\n\n\n<p>Les autorit\u00e9s danoises ont annonc\u00e9, mardi, maintenir les restrictions de rassemblements en vigueur mais leur limite passera de 10 \u00e0 500 personnes \u00e0 compter du 11 mai, et ce jusqu&rsquo;au 1er septembre.&nbsp;Pour Copenhague, la pierre angulaire de ce retour \u00e0 une normalit\u00e9 encadr\u00e9e est le respect draconien des consignes sanitaires, notamment les distances et les r\u00e8gles d&rsquo;hygi\u00e8ne.<\/p>\n\n\n\n<h2 class=\"wp-block-heading\">Finlande : r\u00e9unions publiques de moins de 500 personnes autoris\u00e9es d\u00e8s le 13 mai<\/h2>\n\n\n\n<p><em>\u00ab\u00a0La Finlande va d\u00e9sormais all\u00e9ger les restrictions\u00a0\u00bb<\/em>, a d\u00e9clar\u00e9 la Premi\u00e8re ministre, Sanna Marin, mercredi. Elle a annonc\u00e9 que le pays&nbsp; allait autoriser, d\u00e8s le 13 mai,&nbsp;les r\u00e9unions publiques rassemblant moins de 500 personnes, alors que cette limite est pour l&rsquo;instant de 10. L&rsquo;interdiction de ces rassemblements est pr\u00e9vue au moins jusqu&rsquo;\u00e0 la fin juillet.<\/p>\n\n\n\n<p>Le nombre de tests va augmenter et une application pour t\u00e9l\u00e9phone portable permettant de d\u00e9tecter les cha\u00eenes de contamination va \u00eatre mise en place. La d\u00e9cision de rouvrir ou non les \u00e9coles ne sera \u00e9ventuellement prise que la semaine du 27 avril, a pr\u00e9cis\u00e9 la Premi\u00e8re ministre.<\/p>\n\n\n\n<p>Les grands rassemblements publics ont \u00e9t\u00e9 interdits et les fronti\u00e8res ferm\u00e9es d\u00e8s mi-mars. Les \u00e9coles ont \u00e9t\u00e9 ferm\u00e9es pour les enfant de plus de dix ans, et les plus jeunes ont \u00e9t\u00e9 encourag\u00e9s \u00e0 rester chez eux quand c&rsquo;est possible.<\/p>\n\n\n\n<h2 class=\"wp-block-heading\">Roumanie : port du masque obligatoire dans les espaces ferm\u00e9s et les transports publics<\/h2>\n\n\n\n<p>Le pays est moins touch\u00e9 par la pand\u00e9mie de coronavirus que nombre de ses voisins europ\u00e9ens.&nbsp;La Roumanie compte quelque 9 700 cas confirm\u00e9s de Covid-19 et un peu plus de d\u00e9c\u00e8s. Le pr\u00e9sident Klaus Iohannis a d\u00e9voil\u00e9, mercredi, de&nbsp;premi\u00e8res mesures de d\u00e9confinement comme&nbsp;le port du masque qui deviendra obligatoire dans les espaces ferm\u00e9s et les transports publics \u00e0 partir du 15 mai. Cette obligation restera sans doute en vigueur jusqu&rsquo;\u00e0 l&rsquo;ann\u00e9e prochaine,&nbsp;<em>\u00ab\u00a0lorsque la pand\u00e9mie sera sous contr\u00f4le et le risque de contamination n&rsquo;existera plus\u00a0\u00bb<\/em>, a pr\u00e9venu&nbsp;le dirigeant.<\/p>\n\n\n\n<p>Selon le chef de l&rsquo;Etat, les restrictions visant la libert\u00e9 de mouvement, impos\u00e9es \u00e0 la mi-mars, ne seront plus reconduites lorsque l&rsquo;\u00e9tat d&rsquo;urgence expirera, le 15 mai. &nbsp;En revanche, les \u00e9coliers et les \u00e9tudiants devront attendre encore quelques jours pour savoir \u00e0 quelle date ils pourront retourner en classe :&nbsp;<em>\u00ab\u00a0un plan concret\u00a0\u00bb<\/em>&nbsp;sera annonc\u00e9 prochainement, de m\u00eame que des mesures visant la reprise \u00e9conomique.<\/p>\n\n\n\n<h2 class=\"wp-block-heading\">Italie :&nbsp;des m\u00e9dias \u00e9voquent un d\u00e9confinement progressif<\/h2>\n\n\n\n<p>En Italie, le pays europ\u00e9en le plus meurtri par la pand\u00e9mie avec quelque 25 500 morts et 190 000 cas confirm\u00e9s de Covid-19, le gouvernement n&rsquo;a pas encore pr\u00e9sent\u00e9 son plan de d\u00e9confinement. Mais la presse transalpine a \u00e9voqu\u00e9 plusieurs mesures envisag\u00e9es ; comme le fait que pr\u00e8s de 3 millions d&rsquo;Italiens pourraient&nbsp;reprendre le travail \u00e0 compter du 4 mai. Les m\u00e9dias \u00e9voquent ainsi un&nbsp;d\u00e9confinement progressif du pays, en quatre \u00e9tapes, dont la premi\u00e8re pourrait d\u00e9buter d\u00e8s le lundi 27 avril.<\/p>\n\n\n\n<p><em>\u00ab\u00a0Ce sont quatre lundis qui vont rythmer la r\u00e9ouverture\u00a0\u00bb<\/em>&nbsp;du pays \u00e0 l&rsquo;issue du confinement instaur\u00e9 le 9 mars pour endiguer l&rsquo;\u00e9pid\u00e9mie de Covid-19, qui a fait plus de 25 500 morts dans la p\u00e9ninsule, selon le quotidien&nbsp;<em><a href=\"https:\/\/www.corriere.it\/cronache\/20_aprile_23\/dai-parrucchieri-shoppingecco-regole-inderogabili-ed78b1c6-85a5-11ea-b71d-7609e1287c32.shtml\" target=\"_blank\" rel=\"noreferrer noopener\">Corriere della Sera<\/a>&nbsp;(en italien)<\/em>, principal tirage du pays.&nbsp;<em>\u00ab\u00a0Tout d\u00e9pendra de la courbe des contagions\u00a0\u00bb<\/em>, mais si celle-ci n&rsquo;augmente pas,&nbsp;<em>\u00ab\u00a0les usines de machines agricoles et pour la sylviculture pourraient rouvrir le 27 avril\u00a0\u00bb<\/em>, \u00e9crit le quotidien.<\/p>\n\n\n\n<h2 class=\"wp-block-heading\">En Espagne : d\u00e9but de d\u00e9confinement envisag\u00e9 apr\u00e8s la mi-mai<\/h2>\n\n\n\n<p>Les mesures de confinement sont entr\u00e9es en vigueur le 14 mars en Espagne, pays parmi les plus touch\u00e9s par l&rsquo;\u00e9pid\u00e9mie, avec plus de 208&nbsp;000 cas et quelque 21 700 morts. Un assouplissment n&rsquo;est pas pr\u00e9vu dans l&rsquo;imm\u00e9diat.&nbsp;<\/p>\n\n\n\n<p>Le pr\u00e9sident du gouvernement espagnol, Pedro Sanchez, a annonc\u00e9, mercredi au Parlement, son intention d&rsquo;entamer la lev\u00e9e des mesures de confinement&nbsp;de fa\u00e7on progressive dans la deuxi\u00e8me quinzaine de mai.<\/p>\n\n\n\n<p>Toutefois,&nbsp;l&rsquo;ex\u00e9cutif a&nbsp;autoris\u00e9 la reprise du travail dans certains secteurs et a accept\u00e9 mardi soir sous la pression de l&rsquo;opinion de laisser les enfants de moins de 14 ans faire de courtes promenades sous surveillance \u00e0 partir du week-end prochain, alors qu&rsquo;ils avaient jusqu&rsquo;ici l&rsquo;interdiction de sortir.<\/p>\n\n\n\n<h2 class=\"wp-block-heading\">Au Royaume-Uni : pas de d\u00e9confinement pr\u00e9vu pour l&rsquo;instant<\/h2>\n\n\n\n<p>Au&nbsp;Royaume-Uni, le confinement instaur\u00e9 le 23 mars a \u00e9t\u00e9 prolong\u00e9 d&rsquo;au moins trois semaines, le 16 avril, et le gouvernement n&rsquo;envisage pas encore d&rsquo;en sortir malgr\u00e9 la pression croissante.<\/p>\n\n\n\n<p>L&rsquo;ex\u00e9cutif se voit reprocher les retards pris dans le d\u00e9pistage et le manque d&rsquo;\u00e9quipements de protection pour les soignants.&nbsp;Le ministre de la Sant\u00e9 a affirm\u00e9, mercredi, que le pays \u00e9tait confront\u00e9 au \u00ab\u00a0pic\u00a0\u00bb de l&rsquo;\u00e9pid\u00e9mie.<\/p>\n\n\n\n<p><\/p>\n","protected":false},"excerpt":{"rendered":"<p>Depuis plusieurs jours le gouvernement fran\u00e7ais r\u00e9fl\u00e9chit\u00a0\u00e0\u00a0un plan de\u00a0d\u00e9confinement. Vendredi 24 avril, plusieurs pays europ\u00e9ens ont d\u00e9j\u00e0 assoupli leurs r\u00e8gles ou\u00a0se pr\u00e9parent \u00e9galement \u00e0 sortir progressivement du\u00a0confinement\u00a0impos\u00e9\u00a0pour tenter d&rsquo;enrayer\u00a0la pand\u00e9mie de\u00a0coronavirus. Franceinfo se penche sur les feuilles de route de nos voisins. Berlin et 10 des 16 Etats f\u00e9d\u00e9r\u00e9s allemands ont d\u00e9cid\u00e9 d&rsquo;imposer le port [&hellip;]<\/p>\n","protected":false},"author":2,"featured_media":15371,"comment_status":"open","ping_status":"open","sticky":false,"template":"","format":"standard","meta":{"_jetpack_memberships_contains_paid_content":false,"footnotes":"","jetpack_publicize_message":"","jetpack_publicize_feature_enabled":true,"jetpack_social_post_already_shared":true,"jetpack_social_options":{"image_generator_settings":{"template":"highway","default_image_id":0,"font":"","enabled":false},"version":2},"_wpas_customize_per_network":false},"categories":[405],"tags":[],"class_list":["post-15370","post","type-post","status-publish","format-standard","has-post-thumbnail","hentry","category-actu-france-monde"],"jetpack_publicize_connections":[],"jetpack_featured_media_url":"https:\/\/i0.wp.com\/www.iceagetv.com\/radiosite\/wp-content\/uploads\/2020\/04\/Quelles-strat%C3%A9gies-de-d%C3%A9confinement-adoptent-les-pays-europ%C3%A9ens.jpg?fit=1023%2C384&ssl=1","jetpack_sharing_enabled":true,"_links":{"self":[{"href":"https:\/\/www.iceagetv.com\/radiosite\/wp-json\/wp\/v2\/posts\/15370","targetHints":{"allow":["GET"]}}],"collection":[{"href":"https:\/\/www.iceagetv.com\/radiosite\/wp-json\/wp\/v2\/posts"}],"about":[{"href":"https:\/\/www.iceagetv.com\/radiosite\/wp-json\/wp\/v2\/types\/post"}],"author":[{"embeddable":true,"href":"https:\/\/www.iceagetv.com\/radiosite\/wp-json\/wp\/v2\/users\/2"}],"replies":[{"embeddable":true,"href":"https:\/\/www.iceagetv.com\/radiosite\/wp-json\/wp\/v2\/comments?post=15370"}],"version-history":[{"count":1,"href":"https:\/\/www.iceagetv.com\/radiosite\/wp-json\/wp\/v2\/posts\/15370\/revisions"}],"predecessor-version":[{"id":15372,"href":"https:\/\/www.iceagetv.com\/radiosite\/wp-json\/wp\/v2\/posts\/15370\/revisions\/15372"}],"wp:featuredmedia":[{"embeddable":true,"href":"https:\/\/www.iceagetv.com\/radiosite\/wp-json\/wp\/v2\/media\/15371"}],"wp:attachment":[{"href":"https:\/\/www.iceagetv.com\/radiosite\/wp-json\/wp\/v2\/media?parent=15370"}],"wp:term":[{"taxonomy":"category","embeddable":true,"href":"https:\/\/www.iceagetv.com\/radiosite\/wp-json\/wp\/v2\/categories?post=15370"},{"taxonomy":"post_tag","embeddable":true,"href":"https:\/\/www.iceagetv.com\/radiosite\/wp-json\/wp\/v2\/tags?post=15370"}],"curies":[{"name":"wp","href":"https:\/\/api.w.org\/{rel}","templated":true}]}}