{"id":15373,"date":"2020-04-25T06:58:12","date_gmt":"2020-04-25T06:58:12","guid":{"rendered":"http:\/\/www.iceagetv.com\/radiosite\/?p=15373"},"modified":"2020-04-25T06:58:12","modified_gmt":"2020-04-25T06:58:12","slug":"des-deputes-proposent-de-reporter-les-conges-de-debut-juillet-a-debut-septembre-en-reportant-egalement-la-rentree-des-classes-a-mi-septembre","status":"publish","type":"post","link":"https:\/\/www.iceagetv.com\/radiosite\/des-deputes-proposent-de-reporter-les-conges-de-debut-juillet-a-debut-septembre-en-reportant-egalement-la-rentree-des-classes-a-mi-septembre\/","title":{"rendered":"Des d\u00e9put\u00e9s proposent de reporter les cong\u00e9s de d\u00e9but juillet \u00e0 d\u00e9but septembre en reportant \u00e9galement la rentr\u00e9e des classes \u00e0 mi-septembre"},"content":{"rendered":"\n<p>Trente d\u00e9put\u00e9s Les R\u00e9publicains r\u00e9clament des \u00ab\u00a0clarifications urgentes pour le tourisme\u00a0\u00bb. Ceux-ci sugg\u00e8rent notamment le report des cong\u00e9s de d\u00e9but juillet, \u00e0 d\u00e9but septembre. Dans un communiqu\u00e9, ces \u00e9lus, emmen\u00e9s par le d\u00e9put\u00e9 du Vaucluse Julien Aubert, font part des \u00ab\u00a0interrogations nombreuses des professionnels du tourisme, inquiets pour la saison estivale\u00a0\u00bb au vu de la crise du coronavirus. Les professionnels de l&rsquo;h\u00f4tellerie et de la restauration doivent quant \u00e0 eux s&rsquo;entretenir ce vendredi avec Emmanuel Macron.<\/p>\n\n\n\n<p>Prenant en compte les \u00ab\u00a0risques pesant sur les r\u00e9servations en juillet\u00a0\u00bb, les \u00e9lus sugg\u00e8rent notamment \u00ab\u00a0de reporter les cong\u00e9s de la premi\u00e8re quinzaine de juillet sur la premi\u00e8re quinzaine de septembre, en reportant \u00e9galement \u00e0 la mi-septembre la rentr\u00e9e des classes\u00a0\u00bb.<\/p>\n\n\n\n<p>Les d\u00e9put\u00e9s proposent \u00e9galement \u00ab\u00a0que le gouvernement pr\u00e9voie un dispositif de d\u00e9fiscalisation sur les r\u00e9servations en France\u00a0\u00bb. Il s&rsquo;agirait, disent-ils, de lancer \u00ab\u00a0une grande campagne &lsquo;Partons en France&rsquo; soutenue par l&rsquo;\u00c9tat\u00a0\u00bb, dont l&rsquo;objectif est d&rsquo;aider les professionnels du tourisme, mais aussi d'\u00a0\u00bb\u00e9viter que des Fran\u00e7ais ne r\u00e9importent l&rsquo;\u00e9pid\u00e9mie d&rsquo;un autre pays \u00e0 leur retour\u00a0\u00bb, pr\u00e9cise le communiqu\u00e9.<\/p>\n","protected":false},"excerpt":{"rendered":"<p>Trente d\u00e9put\u00e9s Les R\u00e9publicains r\u00e9clament des \u00ab\u00a0clarifications urgentes pour le tourisme\u00a0\u00bb. Ceux-ci sugg\u00e8rent notamment le report des cong\u00e9s de d\u00e9but juillet, \u00e0 d\u00e9but septembre. Dans un communiqu\u00e9, ces \u00e9lus, emmen\u00e9s par le d\u00e9put\u00e9 du Vaucluse Julien Aubert, font part des \u00ab\u00a0interrogations nombreuses des professionnels du tourisme, inquiets pour la saison estivale\u00a0\u00bb au vu de la [&hellip;]<\/p>\n","protected":false},"author":2,"featured_media":15374,"comment_status":"open","ping_status":"open","sticky":false,"template":"","format":"standard","meta":{"_jetpack_memberships_contains_paid_content":false,"footnotes":"","jetpack_publicize_message":"","jetpack_publicize_feature_enabled":true,"jetpack_social_post_already_shared":true,"jetpack_social_options":{"image_generator_settings":{"template":"highway","default_image_id":0,"font":"","enabled":false},"version":2},"_wpas_customize_per_network":false},"categories":[405],"tags":[],"class_list":["post-15373","post","type-post","status-publish","format-standard","has-post-thumbnail","hentry","category-actu-france-monde"],"jetpack_publicize_connections":[],"jetpack_featured_media_url":"https:\/\/i0.wp.com\/www.iceagetv.com\/radiosite\/wp-content\/uploads\/2020\/04\/Des-d%C3%A9put%C3%A9s-proposent-de-reporter-les-cong%C3%A9s-de-d%C3%A9but-juillet-%C3%A0-d%C3%A9but-septembre-en-reportant-%C3%A9galement-la-rentr%C3%A9e-des-classes-%C3%A0-mi-septembre.png?fit=621%2C268&ssl=1","jetpack_sharing_enabled":true,"_links":{"self":[{"href":"https:\/\/www.iceagetv.com\/radiosite\/wp-json\/wp\/v2\/posts\/15373","targetHints":{"allow":["GET"]}}],"collection":[{"href":"https:\/\/www.iceagetv.com\/radiosite\/wp-json\/wp\/v2\/posts"}],"about":[{"href":"https:\/\/www.iceagetv.com\/radiosite\/wp-json\/wp\/v2\/types\/post"}],"author":[{"embeddable":true,"href":"https:\/\/www.iceagetv.com\/radiosite\/wp-json\/wp\/v2\/users\/2"}],"replies":[{"embeddable":true,"href":"https:\/\/www.iceagetv.com\/radiosite\/wp-json\/wp\/v2\/comments?post=15373"}],"version-history":[{"count":1,"href":"https:\/\/www.iceagetv.com\/radiosite\/wp-json\/wp\/v2\/posts\/15373\/revisions"}],"predecessor-version":[{"id":15375,"href":"https:\/\/www.iceagetv.com\/radiosite\/wp-json\/wp\/v2\/posts\/15373\/revisions\/15375"}],"wp:featuredmedia":[{"embeddable":true,"href":"https:\/\/www.iceagetv.com\/radiosite\/wp-json\/wp\/v2\/media\/15374"}],"wp:attachment":[{"href":"https:\/\/www.iceagetv.com\/radiosite\/wp-json\/wp\/v2\/media?parent=15373"}],"wp:term":[{"taxonomy":"category","embeddable":true,"href":"https:\/\/www.iceagetv.com\/radiosite\/wp-json\/wp\/v2\/categories?post=15373"},{"taxonomy":"post_tag","embeddable":true,"href":"https:\/\/www.iceagetv.com\/radiosite\/wp-json\/wp\/v2\/tags?post=15373"}],"curies":[{"name":"wp","href":"https:\/\/api.w.org\/{rel}","templated":true}]}}