{"id":15397,"date":"2020-04-27T13:00:43","date_gmt":"2020-04-27T13:00:43","guid":{"rendered":"http:\/\/www.iceagetv.com\/radiosite\/?p=15397"},"modified":"2020-04-27T13:00:43","modified_gmt":"2020-04-27T13:00:43","slug":"la-france-disposera-de-26-millions-de-masques-grand-public-par-semaine-des-fin-avril-promet-bercy","status":"publish","type":"post","link":"https:\/\/www.iceagetv.com\/radiosite\/la-france-disposera-de-26-millions-de-masques-grand-public-par-semaine-des-fin-avril-promet-bercy\/","title":{"rendered":"La France disposera de 26 millions de masques grand public par semaine d\u00e8s fin avril, promet Bercy"},"content":{"rendered":"\n<p> Bercy le promet : la France disposera de plus de 26 millions de masques grand public par semaine d\u00e8s la fin avril, dont pr\u00e8s de la moiti\u00e9 produits dans le pays. Une quantit\u00e9 rendue possible\u00a0<em>\u00ab\u00a0avec la mont\u00e9e en cadence rapide de la production et l&rsquo;accroissement des volumes import\u00e9s\u00a0\u00bb,\u00a0<\/em>a affirm\u00e9 la secr\u00e9taire d&rsquo;Etat \u00e0 l&rsquo;Economie, lundi 27 avril.\u00a0 <\/p>\n\n\n\n<p>Selon Agn\u00e8s Pannier-Runacher, pr\u00e8s de la moiti\u00e9 de ces masques filtrants en tissu, le plus souvent lavables et r\u00e9utilisables pour lutter contre l&rsquo;\u00e9pid\u00e9mie de&nbsp;<a href=\"https:\/\/www.francetvinfo.fr\/sante\/maladie\/coronavirus\/\" target=\"_blank\" rel=\"noreferrer noopener\">coronavirus<\/a>,&nbsp;seront import\u00e9s et le reste produit en France gr\u00e2ce \u00e0 la&nbsp;<em>\u00ab\u00a0mobilisation exceptionnelle\u00a0\u00bb<\/em>&nbsp;de l&rsquo;industrie textile, avec 242 entreprises qui les fabriqueront.<\/p>\n\n\n\n<p><em>\u00ab\u00a0Cette mobilisation d\u00e9montre la capacit\u00e9 et le savoir-faire de l&rsquo;industrie fran\u00e7aise du textile et de l&rsquo;habillement qui continue de monter en puissance\u00a0\u00bb<\/em>, s&rsquo;est f\u00e9licit\u00e9 Guillaume de Seynes, pr\u00e9sident du Comit\u00e9 strat\u00e9gique de la Fili\u00e8re \u00ab\u00a0Mode et Luxe\u00a0\u00bb.&nbsp;Ces masques porteront un logo qui indiquera le nombre de lavages possibles.<\/p>\n\n\n\n<p>20 millions de masques sanitaires pour les professionnels d&rsquo;ici fin mai&nbsp;<\/p>\n\n\n\n<p>En ce qui concerne les masques sanitaires FFP2 et chirurgicaux, destin\u00e9s aux professionnels de la sant\u00e9, la production est pass\u00e9e de 3,5 millions de masques par semaine avant la crise,&nbsp;<em>\u00ab\u00a0\u00e0 une production hebdomadaire de 10 millions de masques en avril\u00a0\u00bb<\/em>, a pr\u00e9cis\u00e9 Agn\u00e8s Pannier-Runacher.<\/p>\n\n\n\n<p><em>\u00ab\u00a0Nous renfor\u00e7ons les capacit\u00e9s de production des quatre fabricants historiques implant\u00e9s en France (Kolmi, Boye, Valmy, Macopharma) avec l&rsquo;objectif de produire 20 millions de masques par semaine d&rsquo;ici fin mai\u00a0\u00bb<\/em>, a-t-elle expliqu\u00e9.<\/p>\n\n\n\n<p>Selon elle, les efforts men\u00e9s par le gouvernement et les acteurs de cette fili\u00e8re devraient&nbsp;<em>\u00ab\u00a0porter la capacit\u00e9 de production hebdomadaire \u00e0 50 millions de masques chirurgicaux et FFP2 d&rsquo;ici octobre\u00a0\u00bb.&nbsp;<\/em>La France a besoin de 40 millions de masques par semaine pour le personnel soignant et les \u00e9tablissements pour personnes \u00e2g\u00e9es.<\/p>\n\n\n\n<p><\/p>\n","protected":false},"excerpt":{"rendered":"<p>Bercy le promet : la France disposera de plus de 26 millions de masques grand public par semaine d\u00e8s la fin avril, dont pr\u00e8s de la moiti\u00e9 produits dans le pays. Une quantit\u00e9 rendue possible\u00a0\u00ab\u00a0avec la mont\u00e9e en cadence rapide de la production et l&rsquo;accroissement des volumes import\u00e9s\u00a0\u00bb,\u00a0a affirm\u00e9 la secr\u00e9taire d&rsquo;Etat \u00e0 l&rsquo;Economie, lundi [&hellip;]<\/p>\n","protected":false},"author":2,"featured_media":15398,"comment_status":"open","ping_status":"open","sticky":false,"template":"","format":"standard","meta":{"_jetpack_memberships_contains_paid_content":false,"footnotes":"","jetpack_publicize_message":"","jetpack_publicize_feature_enabled":true,"jetpack_social_post_already_shared":true,"jetpack_social_options":{"image_generator_settings":{"template":"highway","default_image_id":0,"font":"","enabled":false},"version":2},"_wpas_customize_per_network":false},"categories":[405],"tags":[2776],"class_list":["post-15397","post","type-post","status-publish","format-standard","has-post-thumbnail","hentry","category-actu-france-monde","tag-la-france-disposera-de-26-millions-de-masques-grand-public-par-semaine-des-fin-avril"],"jetpack_publicize_connections":[],"jetpack_featured_media_url":"https:\/\/i0.wp.com\/www.iceagetv.com\/radiosite\/wp-content\/uploads\/2020\/04\/La-France-disposera-de-26-millions-de-masques-grand-public-par-semaine-d%C3%A8s-fin-avril-promet-Bercy.jpg?fit=1023%2C385&ssl=1","jetpack_sharing_enabled":true,"_links":{"self":[{"href":"https:\/\/www.iceagetv.com\/radiosite\/wp-json\/wp\/v2\/posts\/15397","targetHints":{"allow":["GET"]}}],"collection":[{"href":"https:\/\/www.iceagetv.com\/radiosite\/wp-json\/wp\/v2\/posts"}],"about":[{"href":"https:\/\/www.iceagetv.com\/radiosite\/wp-json\/wp\/v2\/types\/post"}],"author":[{"embeddable":true,"href":"https:\/\/www.iceagetv.com\/radiosite\/wp-json\/wp\/v2\/users\/2"}],"replies":[{"embeddable":true,"href":"https:\/\/www.iceagetv.com\/radiosite\/wp-json\/wp\/v2\/comments?post=15397"}],"version-history":[{"count":1,"href":"https:\/\/www.iceagetv.com\/radiosite\/wp-json\/wp\/v2\/posts\/15397\/revisions"}],"predecessor-version":[{"id":15399,"href":"https:\/\/www.iceagetv.com\/radiosite\/wp-json\/wp\/v2\/posts\/15397\/revisions\/15399"}],"wp:featuredmedia":[{"embeddable":true,"href":"https:\/\/www.iceagetv.com\/radiosite\/wp-json\/wp\/v2\/media\/15398"}],"wp:attachment":[{"href":"https:\/\/www.iceagetv.com\/radiosite\/wp-json\/wp\/v2\/media?parent=15397"}],"wp:term":[{"taxonomy":"category","embeddable":true,"href":"https:\/\/www.iceagetv.com\/radiosite\/wp-json\/wp\/v2\/categories?post=15397"},{"taxonomy":"post_tag","embeddable":true,"href":"https:\/\/www.iceagetv.com\/radiosite\/wp-json\/wp\/v2\/tags?post=15397"}],"curies":[{"name":"wp","href":"https:\/\/api.w.org\/{rel}","templated":true}]}}