{"id":15413,"date":"2020-04-28T14:20:41","date_gmt":"2020-04-28T14:20:41","guid":{"rendered":"http:\/\/www.iceagetv.com\/radiosite\/?p=15413"},"modified":"2020-04-28T14:20:41","modified_gmt":"2020-04-28T14:20:41","slug":"plan-de-deconfinement-suivez-lintervention-de-philippe-a-lassemblee","status":"publish","type":"post","link":"https:\/\/www.iceagetv.com\/radiosite\/plan-de-deconfinement-suivez-lintervention-de-philippe-a-lassemblee\/","title":{"rendered":"Plan de d\u00e9confinement : suivez l&rsquo;intervention de Philippe \u00e0 l&rsquo;Assembl\u00e9e"},"content":{"rendered":"\n<p>&nbsp;Le Premier ministre&nbsp;<a href=\"https:\/\/www.liberation.fr\/politiques\/2020\/04\/26\/deconfinement-un-plan-finalement-annonce-des-mardi_1786457\" target=\"_blank\" rel=\"noreferrer noopener\">pr\u00e9sente ce mardi<\/a>&nbsp;\u00e0 l\u2019Assembl\u00e9e&nbsp;son plan pour faire red\u00e9marrer le pays par \u00e9tapes \u00e0 partir du 11&nbsp;mai.&nbsp;<em>\u00abSi les indicateurs ne sont pas au rendez-vous, nous ne d\u00e9confinerons pas le 11 mai\u00bb,<\/em>&nbsp;a-t-il pr\u00e9venu.<\/p>\n\n\n\n<p>\u2022 Le d\u00e9confinement ne sera pas uniforme selon les d\u00e9partements.&nbsp;Les d\u00e9placements de plus de 100 kilom\u00e8tres devront ob\u00e9ir \u00e0 des n\u00e9cessit\u00e9s imp\u00e9rieuses.<\/p>\n\n\n\n<p>\u2022 700 000 tests virologiques seront pratiqu\u00e9s par semaine \u00e0 partir du 11&nbsp;mai. Les personnes positives pourront s\u2019isoler chez elles ou dans des h\u00f4tels d\u00e9di\u00e9s. Leurs proches seront test\u00e9s. Les tests seront rembours\u00e9s.<\/p>\n\n\n\n<p>\u2022 Tous les commerces sauf les caf\u00e9s-restaurants rouvriront le 11 mai. Des r\u00e8gles strictes de distanciation sociale devront \u00eatre respect\u00e9es. Les commer\u00e7ants pourront exiger le port du masque.<\/p>\n\n\n\n<p>\u2022 Les comp\u00e9titions sportives professionnelles ne pourront pas reprendre.<\/p>\n\n\n\n<h3 class=\"wp-block-heading\">Transports en commun : le port du masque obligatoire \u00e0 partir du 11 mai<\/h3>\n\n\n\n<p>Discours.<\/p>\n\n\n\n<p>C&rsquo;est d\u00e9sormais confirm\u00e9. Le port du masque sera rendu obligatoire dans tous les transports, m\u00e9tros comme bus, \u00e0 partir du 11 mai<em>.&nbsp;<\/em>Environ 70% de l&rsquo;offre de la RATP sera disponible \u00e0 cette date. \u00ab<em>Il faudra favoriser le t\u00e9l\u00e9travail, et r\u00e9server le transport aux heures de pointe aux personnes qui travaillent\u00bb,&nbsp;<\/em>pr\u00e9cise Edouard Philippe.<\/p>\n\n\n\n<p>Les d\u00e9placements interd\u00e9partementaux ou interr\u00e9gionaux seront r\u00e9duits<em>\u00a0\u00abaux seuls motifs professionnels ou familiaux imp\u00e9rieux, pour des raisons \u00e9videntes de limitation de la circulation du virus\u00bb<\/em>, \u00e0 la fin de la p\u00e9riode de confinement. La r\u00e9servation sera obligatoire dans tous les trains.<em>\u00a0\u00abNous allons continuer \u00e0 r\u00e9duire l&rsquo;offre\u00bb<\/em>, ajoute Edouard Philippe.<\/p>\n\n\n\n<h3 class=\"wp-block-heading\"><br>R\u00e9ouverture \u00abtr\u00e8s progressive\u00bb des \u00e9coles d\u00e8s le 11 mai, de certains coll\u00e8ges \u00e0 partir du 18 mai<\/h3>\n\n\n\n<p>Education.<\/p>\n\n\n\n<p>Pour aborder la vie quotidienne des Fran\u00e7ais, Edouard Philippe&nbsp;<a href=\"https:\/\/www.liberation.fr\/france\/2020\/04\/26\/ecoles-et-colleges-mission-impossible_1786491\" target=\"_blank\" rel=\"noreferrer noopener\">d\u00e9marre par l&rsquo;\u00e9cole.<\/a><em>&nbsp;\u00abLa r\u00e9ouverture des \u00e9coles est n\u00e9cessaire\u00bb,<\/em>&nbsp;dit-il en annon\u00e7ant un maximum de 15 \u00e9l\u00e8ves par classe, avec un personnel scolaire masqu\u00e9 s&rsquo;il est dans l&rsquo;impossibilit\u00e9 de respecter les gestes barri\u00e8res.<\/p>\n\n\n\n<p>C&rsquo;est sur la base du volontariat que les maternelles et primaires ouvriront le 11 mai, tandis que la r\u00e9ouverture de certains coll\u00e8ges pourra se faire \u00e0 partir du 18 mai&nbsp;<em>\u00abseulement dans les d\u00e9partements o\u00f9 la circulation du virus est tr\u00e8s faible\u00bb.<\/em>&nbsp;La d\u00e9cision sur une possible r\u00e9ouverture des lyc\u00e9es devrait \u00eatre prise fin mai.<\/p>\n\n\n\n<p>Le masque sera prohib\u00e9 en maternelle, d\u00e9conseill\u00e9 \u00e0 l&rsquo;\u00e9cole primaire mais rendu obligatoire pour les coll\u00e9giens. Les cr\u00e8ches seront \u00e9galement r\u00e9ouvertes avec une capacit\u00e9 d&rsquo;accueil de dix personnes maximum selon des priorit\u00e9s d&rsquo;accueil.<\/p>\n\n\n\n<h3 class=\"wp-block-heading\"><br>Commerces : r\u00e9ouverture le 11 mai sauf pour les caf\u00e9s et restaurants<\/h3>\n\n\n\n<p>Discours.<\/p>\n\n\n\n<p>Tous les commerces, sauf caf\u00e9s et restaurants, pourront rouvrir \u00e0 partir du 11 mai. Il faudra<em>&nbsp;\u00aborganiser les flux\u00bb&nbsp;<\/em>et garantir des mesures de protection sanitaire, notamment le port du masque, recommand\u00e9 pour le personnel et les clients si la distanciation est impossible, annonce Edouard Philippe<\/p>\n\n\n\n<p>Les march\u00e9s seront&nbsp;<em>\u00aben g\u00e9n\u00e9ral autoris\u00e9s\u00bb<\/em>, sauf d\u00e9cision contraire du maire. Les pr\u00e9fets pourront maintenir ferm\u00e9s les centres commerciaux de plus de 40 000 m2.&nbsp;<a href=\"https:\/\/www.liberation.fr\/direct\/element\/decision-fin-mai-sur-la-reouverture-des-cafes-et-restaurants_112720\/\" target=\"_blank\" rel=\"noreferrer noopener\">Le gouvernement fera un point fin mai<\/a>&nbsp;pour d\u00e9cider si les bars et restaurants peuvent ouvrir apr\u00e8s le 2 juin.<\/p>\n\n\n\n<h3 class=\"wp-block-heading\">StopCovid : Philippe reporte le d\u00e9bat et annonce un vote \u00absp\u00e9cifique\u00bb<\/h3>\n\n\n\n<p><\/p>\n\n\n\n<p>Sur le projet sensible du tra\u00e7age des donn\u00e9es mobiles&nbsp;<a href=\"https:\/\/www.liberation.fr\/debats\/2020\/04\/19\/stopcovid-un-bracelet-electronique-pour-tous_1785727\" target=\"_blank\" rel=\"noreferrer noopener\">StopCovid<\/a>,&nbsp;<em>\u00able d\u00e9bat est pr\u00e9matur\u00e9\u00bb<\/em>&nbsp;mais lorsque l&rsquo;application&nbsp;<em>\u00abfonctionnera et avant sa mise en \u0153uvre, nous organiserons un d\u00e9bat sp\u00e9cifique, suivi d&rsquo;un vote sp\u00e9cifique\u00bb<\/em>, a annonc\u00e9 Edouard Philippe mardi.<\/p>\n\n\n\n<p>L&rsquo;application,&nbsp;<a href=\"https:\/\/www.liberation.fr\/debats\/2020\/04\/27\/le-projet-stopcovid-doit-etre-abandonne_1786576\" target=\"_blank\" rel=\"noreferrer noopener\">contest\u00e9e,<\/a>&nbsp;serait d&rsquo;une utilit\u00e9<em>&nbsp;\u00abcompl\u00e9mentaire\u00bb,<\/em>&nbsp;a d\u00e9clar\u00e9 Edouard Philippe, notamment pour savoir qui est entr\u00e9 en contact avec qui dans les transports en commun par exemple.<\/p>\n\n\n\n<p>Mais les questions de libert\u00e9s publiques&nbsp;<em>\u00abme paraissent fond\u00e9es. Elles doivent \u00eatre pos\u00e9es. Elles doivent \u00eatre d\u00e9battues\u00bb<\/em>, a soulign\u00e9 le Premier ministre au sujet de cette application de tra\u00e7age qui suscite des critiques jusqu&rsquo;au sein de la majorit\u00e9.<\/p>\n\n\n\n<h3 class=\"wp-block-heading\">Si les indicateurs ne sont pas au rendez-vous, nous ne d\u00e9confinerons pas le 11 mai\u00bb<\/h3>\n\n\n\n<p>Discours.<\/p>\n\n\n\n<p><em>\u00abSi les indicateurs ne sont pas au rendez-vous, nous ne d\u00e9confinerons pas le 11 mai, ou nous le ferons plus strictement\u00bb,\u00a0<\/em>avertit Edouard Philippe.\u00a0<em>\u00abSi \u00e0 l&rsquo;approche du 11 mai, le nombre de nouveaux cas journaliers n&rsquo;\u00e9tait pas dans la fourchette pr\u00e9vue, alors nous devrions en tirer les cons\u00e9quences\u00bb,<\/em>\u00a0a mis en garde le Premier ministre.<\/p>\n\n\n\n<h3 class=\"wp-block-heading\">Au moins 700 000 tests virologiques par semaine au 11&nbsp;mai\u00bb<\/h3>\n\n\n\n<p>Tests.<\/p>\n\n\n\n<p>Concernant les tests, le Premier ministre pr\u00e9voit<em>&nbsp;\u00abau moins 700 000 tests virologiques par semaine au 11 mai\u00bb,<\/em>&nbsp;qui serviront y compris dans les Ehpad. L&rsquo;assurance maladie prendra ces tests en charge. Edouard Philippe souhaite tester<em>&nbsp;\u00abtous ceux qui, symptomatiques ou non, ont \u00e9t\u00e9 en contact avec une personne test\u00e9e positive\u00bb<\/em>&nbsp;une fois que celle-ci a \u00e9t\u00e9 identifi\u00e9e. Des brigades dans chaque d\u00e9partement seront consacr\u00e9es \u00e0 cette mission.<\/p>\n\n\n\n<p>Concernant l&rsquo;isolement, le Premier ministre indique que celui-ci\u00a0<em>\u00abn&rsquo;est pas une punition, il doit \u00eatre expliqu\u00e9, consenti et accompagn\u00e9\u00bb<\/em>. Il pourrait y avoir des\u00a0<em>\u00abdispositifs de contr\u00f4le\u00bb\u00a0<\/em>si n\u00e9cessaire. Les pr\u00e9fets et collectivit\u00e9s territoriales devront d\u00e9finir le plan d&rsquo;accompagnement des personnes plac\u00e9es en isolement :<em>\u00a0\u00abChez elles ou dans un lieu mis \u00e0 sa disposition, notamment dans des h\u00f4tels r\u00e9quisitionn\u00e9s.\u00bb<\/em><\/p>\n\n\n\n<h3 class=\"wp-block-heading\">A partir du 11&nbsp;mai, il y aura suffisamment de masques pour tout le monde\u00bb<\/h3>\n\n\n\n<p>Masques.<\/p>\n\n\n\n<p>Le Premier ministre estime qu&rsquo;il y aurait&nbsp;<em>\u00abassez de masques dans le pays pour faire face aux besoins \u00e0 partir du 11 mai\u00bb.&nbsp;<\/em>Il juge par ailleurs<em>\u00abpr\u00e9f\u00e9rable\u00bb,&nbsp;<\/em>dans<em>&nbsp;\u00abde nombreuses circonstances\u00bb&nbsp;<\/em>de<em>&nbsp;\u00abporter un masque\u00bb.<\/em><\/p>\n\n\n\n<p>Le Premier ministre assure que la production de&nbsp;<a href=\"https:\/\/www.liberation.fr\/france\/2020\/04\/27\/masques-grand-public-le-flou-artistique_1786637\" target=\"_blank\" rel=\"noreferrer noopener\">masques chirurgicaux<\/a>&nbsp;sera augment\u00e9e et que 20 millions de masques grand public sont d\u00e9j\u00e0 command\u00e9s. A partir du 11 mai, Edouard Philippe annonce que les pharmacies et la grande distribution&nbsp;<em>\u00abseront invit\u00e9es \u00e0 vendre des masques jetables ou lavables\u00bb.&nbsp;<\/em>Par ailleurs, une plateforme d&rsquo;e-commerce proposera prochainement des masques. Les \u00e9l\u00e8ves s&rsquo;en verront distribuer.<\/p>\n\n\n\n<p>Edouard Philippe invite \u00e9galement<em>&nbsp;\u00abtoutes les entreprises, quand leurs moyens le leur permettent, \u00e0 veiller \u00e0 \u00e9quiper leurs salari\u00e9s\u00bb<\/em>&nbsp;en masques de protection.<\/p>\n\n\n\n<h3 class=\"wp-block-heading\">Edouard Philippe met en garde contre \u00able risque de l\u2019\u00e9croulement\u00bb de l\u2019\u00e9conomie<\/h3>\n\n\n\n<p>Discours.<\/p>\n\n\n\n<p><strong>Sur la situation \u00e9conomique :\u00a0<\/strong><em>\u00abNous sentons que l&rsquo;arr\u00eat prolong\u00e9 de la production de pans entiers de notre \u00e9conomie, que la perturbation durable de la scolarisation d&rsquo;un grand nombre d&rsquo;enfants et d&rsquo;adolescents, que l&rsquo;interruption des investissements publics ou priv\u00e9s, que la fermeture prolong\u00e9e des fronti\u00e8res, que l&rsquo;extr\u00eame limitation de la libert\u00e9 d&rsquo;aller et venir (&#8230;), pr\u00e9senteraient pour le pays, non pas seulement l&rsquo;inconv\u00e9nient p\u00e9nible du confinement, mais en v\u00e9rit\u00e9 celui, bien plus terrible, du risque de l&rsquo;\u00e9croulement\u00bb<\/em>, a d\u00e9clar\u00e9 le Premier ministre, qui ajoute par ailleurs que\u00a0<em>\u00able d\u00e9confinement se fera sur le triptyque prot\u00e9ger-tester-isoler\u00bb.<\/em><\/p>\n\n\n\n<p>\u00abIl nous faudra donc apprendre \u00e0 vivre avec le Covid-19 et \u00e0 s\u2019en prot\u00e9ger\u00bb, pr\u00e9vient Edouard Philippe<br>\nDiscours.<br>\n\u00abVoil\u00e0 donc le moment o\u00f9 nous devons dire \u00e0 la France comment notre vie va reprendre\u00bb, d\u00e9bute Edouard Philippe devant un h\u00e9micycle au trois quarts vide pour cause de distanciation sociale. Il salue les effets positifs du confinement : \u00abDepuis le 8 avril, le nombre de cas Covid-19 en r\u00e9animation diminue, la d\u00e9crue est engag\u00e9e, elle et lente mais r\u00e9guli\u00e8re.\u00bb Mais un prolongement \u00abaurait pour la nation des cons\u00e9quences gravissimes\u00bb pour l&rsquo;\u00e9conomie, l&rsquo;\u00e9ducation et les libert\u00e9s individuelles, poursuit le Premier ministre. Il est donc temps d&rsquo;annoncer un \u00abd\u00e9confinement aussi attendu que risqu\u00e9\u00bb alors m\u00eame que l&rsquo;on sait que \u00abl&rsquo;immunit\u00e9 collective n&rsquo;est pas suffisante\u00bb : \u00abIl nous faudra donc apprendre \u00e0 vivre avec le Covid-19 et \u00e0 s&rsquo;en prot\u00e9ger.\u00bb \u00abLe d\u00e9confinement se fera sur le triptyque prot\u00e9ger-tester-isoler\u00bb, pr\u00e9cise Edouard Philippe. Le plan sera \u00abprogressif\u00bb et \u00abadapt\u00e9 localement\u00bb.<\/p>\n\n\n\n<h3 class=\"wp-block-heading\">Edouard Philippe d\u00e9bute sa pr\u00e9sentation du plan de d\u00e9confinement devant l\u2019Assembl\u00e9e<\/h3>\n\n\n\n<p>Discours.<\/p>\n\n\n\n<p>Le Premier ministre Edouard Philippe vient de d\u00e9marrer son discours portant sur le plan pour faire red\u00e9marrer le pays par \u00e9tapes \u00e0 partir du 11 mai. Quelques grands principes sont d\u00e9j\u00e0 connus, comme le retour des \u00e9l\u00e8ves \u00e0 l&rsquo;\u00e9cole sur la base du volontariat, l&rsquo;adaptation locale sous la houlette des maires, la r\u00e9ouverture des commerces sauf les caf\u00e9s-restaurants et le masque obligatoire dans les transports en commun.<\/p>\n\n\n\n<p>A moins de deux semaines du jour J, les arbitrages de cette strat\u00e9gie tant attendue ont fait l&rsquo;objet de six heures de r\u00e9union non stop \u00e0 l&rsquo;Elys\u00e9e lundi avec autour du pr\u00e9sident, le Premier ministre, le pilote du plan Jean Castex, les ministres Olivier V\u00e9ran (Sant\u00e9) et Jean-Michel Blanquer (Education).<\/p>\n\n\n\n<p>Le plan portera d&rsquo;abord sur les trois prochaines semaines de mai, avec une clause de revoyure d\u00e9but juin, dans un esprit&nbsp;<em>\u00abultra-pragmatique\u00bb<\/em>, pr\u00e9cise un proche de l&rsquo;ex\u00e9cutif. Avec trois grands principes:&nbsp;<em>\u00abprogressivit\u00e9, r\u00e9versibilit\u00e9 et adaptabilit\u00e9\u00bb<\/em>.<\/p>\n\n\n\n<p>Apr\u00e8s le discours d&rsquo;Edouard Philippe, le plan fera l&rsquo;objet d&rsquo;un d\u00e9bat de 2h30 avec les d\u00e9put\u00e9s, dont 75 pourront \u00eatre physiquement pr\u00e9sents, puis sera soumis au vote.<\/p>\n\n\n\n<h3 class=\"wp-block-heading\">Gilles Le Gendre (LREM) \u00abassez serein\u00bb sur le vote, malgr\u00e9 des dissidences<\/h3>\n\n\n\n<p>Assembl\u00e9e.<\/p>\n\n\n\n<p>Le chef de file des d\u00e9put\u00e9s LREM Gilles Le Gendre s&rsquo;est dit&nbsp;<em>\u00abassez serein\u00bb<\/em>&nbsp;quant au vote mardi du plan de d\u00e9confinement pr\u00e9sent\u00e9 par Edouard Philippe, malgr\u00e9 des abstentions pr\u00e9visibles voire des votes contre au sein de son groupe.&nbsp;<em>\u00abJe n&rsquo;ai aucune inqui\u00e9tude que&nbsp;<\/em>(la d\u00e9claration du Premier ministre)<em>&nbsp;sera approuv\u00e9e \u00e0 une \u00e9crasante majorit\u00e9\u00bb<\/em>, a d\u00e9clar\u00e9 le d\u00e9put\u00e9 de Paris lors d&rsquo;une visioconf\u00e9rence de presse.<\/p>\n\n\n\n<p><em>\u00abJe sais o\u00f9 se trouvent les points de fragilit\u00e9, les points d&rsquo;attention\u00bb<\/em>, notamment sur la&nbsp;<em>\u00abproc\u00e9dure\u00bb<\/em>&nbsp;de vote qui intervient trop t\u00f4t aux yeux de certains, a-t-il soulign\u00e9. Mais&nbsp;<em>\u00ables Fran\u00e7ais veulent des r\u00e9ponses et qu&rsquo;on ne perde pas une minute\u00bb<\/em>.<\/p>\n\n\n\n<h3 class=\"wp-block-heading\">Emmanuel Macron d\u00e9ment toute dissension avec Edouard Philippe et fustige ceux qui \u00abtentent de diviser\u00bb<\/h3>\n\n\n\n<p>Gouvernement.<\/p>\n\n\n\n<p>Emmanuel Macron a d\u00e9menti mardi lors du Conseil des ministres toute dissension avec son Premier ministre Edouard Philippe et fustig\u00e9 ceux qui&nbsp;<em>\u00abtentent de diviser\u00bb<\/em>&nbsp;l&rsquo;ex\u00e9cutif, selon des sources gouvernementales concordantes.<\/p>\n\n\n\n<p><em>\u00abL&rsquo;ensemble de l&rsquo;ex\u00e9cutif est pleinement align\u00e9 dans cette crise. Je n&rsquo;aurai aucune complaisance \u00e0 l&rsquo;\u00e9gard de ceux qui par des bruits et des rumeurs tentent de diviser le gouvernement et singuli\u00e8rement le Premier ministre et le Pr\u00e9sident de la R\u00e9publique\u00bb<\/em>, a d\u00e9clar\u00e9 le chef de l&rsquo;Etat, selon des propos rapport\u00e9s par un participant au Conseil des ministres.<\/p>\n\n\n\n<p><\/p>\n","protected":false},"excerpt":{"rendered":"<p>&nbsp;Le Premier ministre&nbsp;pr\u00e9sente ce mardi&nbsp;\u00e0 l\u2019Assembl\u00e9e&nbsp;son plan pour faire red\u00e9marrer le pays par \u00e9tapes \u00e0 partir du 11&nbsp;mai.&nbsp;\u00abSi les indicateurs ne sont pas au rendez-vous, nous ne d\u00e9confinerons pas le 11 mai\u00bb,&nbsp;a-t-il pr\u00e9venu. \u2022 Le d\u00e9confinement ne sera pas uniforme selon les d\u00e9partements.&nbsp;Les d\u00e9placements de plus de 100 kilom\u00e8tres devront ob\u00e9ir \u00e0 des n\u00e9cessit\u00e9s imp\u00e9rieuses. [&hellip;]<\/p>\n","protected":false},"author":2,"featured_media":15414,"comment_status":"open","ping_status":"open","sticky":false,"template":"","format":"standard","meta":{"_jetpack_memberships_contains_paid_content":false,"footnotes":"","jetpack_publicize_message":"","jetpack_publicize_feature_enabled":true,"jetpack_social_post_already_shared":true,"jetpack_social_options":{"image_generator_settings":{"template":"highway","default_image_id":0,"font":"","enabled":false},"version":2},"_wpas_customize_per_network":false},"categories":[405],"tags":[],"class_list":["post-15413","post","type-post","status-publish","format-standard","has-post-thumbnail","hentry","category-actu-france-monde"],"jetpack_publicize_connections":[],"jetpack_featured_media_url":"https:\/\/i0.wp.com\/www.iceagetv.com\/radiosite\/wp-content\/uploads\/2020\/04\/Plan-de-d%C3%A9confinement.jpg?fit=960%2C639&ssl=1","jetpack_sharing_enabled":true,"_links":{"self":[{"href":"https:\/\/www.iceagetv.com\/radiosite\/wp-json\/wp\/v2\/posts\/15413","targetHints":{"allow":["GET"]}}],"collection":[{"href":"https:\/\/www.iceagetv.com\/radiosite\/wp-json\/wp\/v2\/posts"}],"about":[{"href":"https:\/\/www.iceagetv.com\/radiosite\/wp-json\/wp\/v2\/types\/post"}],"author":[{"embeddable":true,"href":"https:\/\/www.iceagetv.com\/radiosite\/wp-json\/wp\/v2\/users\/2"}],"replies":[{"embeddable":true,"href":"https:\/\/www.iceagetv.com\/radiosite\/wp-json\/wp\/v2\/comments?post=15413"}],"version-history":[{"count":1,"href":"https:\/\/www.iceagetv.com\/radiosite\/wp-json\/wp\/v2\/posts\/15413\/revisions"}],"predecessor-version":[{"id":15415,"href":"https:\/\/www.iceagetv.com\/radiosite\/wp-json\/wp\/v2\/posts\/15413\/revisions\/15415"}],"wp:featuredmedia":[{"embeddable":true,"href":"https:\/\/www.iceagetv.com\/radiosite\/wp-json\/wp\/v2\/media\/15414"}],"wp:attachment":[{"href":"https:\/\/www.iceagetv.com\/radiosite\/wp-json\/wp\/v2\/media?parent=15413"}],"wp:term":[{"taxonomy":"category","embeddable":true,"href":"https:\/\/www.iceagetv.com\/radiosite\/wp-json\/wp\/v2\/categories?post=15413"},{"taxonomy":"post_tag","embeddable":true,"href":"https:\/\/www.iceagetv.com\/radiosite\/wp-json\/wp\/v2\/tags?post=15413"}],"curies":[{"name":"wp","href":"https:\/\/api.w.org\/{rel}","templated":true}]}}