{"id":15428,"date":"2020-04-30T11:21:03","date_gmt":"2020-04-30T11:21:03","guid":{"rendered":"http:\/\/www.iceagetv.com\/radiosite\/?p=15428"},"modified":"2020-04-30T11:21:03","modified_gmt":"2020-04-30T11:21:03","slug":"la-ministre-des-sports-precise-dans-quelles-conditions-le-sport-et-lactivite-physique-pourront-reprendre-a-partir-du-11-mai-prochain","status":"publish","type":"post","link":"https:\/\/www.iceagetv.com\/radiosite\/la-ministre-des-sports-precise-dans-quelles-conditions-le-sport-et-lactivite-physique-pourront-reprendre-a-partir-du-11-mai-prochain\/","title":{"rendered":"La ministre des Sports pr\u00e9cise dans quelles conditions le sport et l\u2019activit\u00e9 physique pourront reprendre \u00e0 partir du 11 mai prochain"},"content":{"rendered":"\n<p>Dans un&nbsp;<a href=\"http:\/\/sports.gouv.fr\/presse\/article\/reprise-de-l-activite-sportive\" target=\"_blank\" rel=\"noreferrer noopener\">communiqu\u00e9<\/a>, la Ministre des Sports, Roxana Maracineanu, a d\u00e9taill\u00e9 les conditions de reprise du sport \u00e0 partir du 11 mai prochain. La Ministre rappelle qu\u2019il sera possible de pratiquer une activit\u00e9 sportive individuelle en plein air \u00e0 partir du 11 mai, en respectant les r\u00e8gles de distanciation physique, dans les espaces ouverts autoris\u00e9s et en fonction de la situation sanitaire de chaque territoire (zone rouge ou verte).<\/p>\n\n\n\n<p>\u00ab\u00a0La ministre \u00e9tudie, depuis plusieurs semaines et en lien \u00e9troit avec son \u00e9cosyst\u00e8me, des trajectoires de reprise de l\u2019activit\u00e9 pour les diff\u00e9rents secteurs du sport avec la sant\u00e9 des pratiquants et des athl\u00e8tes pour seule boussole. Elle poursuit ses consultations avec le mouvement sportif et les collectivit\u00e9s territoriales, les acteurs \u00e9conomiques, les services et les \u00e9tablissements ainsi que les repr\u00e9sentants des agents du minist\u00e8re pour d\u00e9finir l\u2019op\u00e9rationnalit\u00e9 et le calendrier de cette reprise de l\u2019activit\u00e9 sportive\u00a0\u00bb, pr\u00e9cise le texte.<\/p>\n\n\n\n<p>Et d&rsquo;ajouter : \u00ab\u00a0La ministre rappelle la n\u00e9cessit\u00e9 pour les Fran\u00e7ais de pratiquer une activit\u00e9 sportive tant du point de vue du bien-\u00eatre que de la sant\u00e9 de chacun. La pratique d\u2019une activit\u00e9 physique et sportive est un enjeu de sant\u00e9 publique d\u2019autant plus dans la crise que nous traversons. N\u00e9anmoins, sur les recommandations du Haut Conseil de Sant\u00e9 Publique, une distanciation physique sp\u00e9cifique entre les pratiquants est une condition indispensable \u00e0 la pratique de l\u2019activit\u00e9 physique\u00a0\u00bb.<\/p>\n\n\n\n<p><strong>Ces activit\u00e9s pourront se faire :<\/strong><\/p>\n\n\n\n<p><strong>&#8211; Sans limitation de dur\u00e9e de pratique<\/strong><\/p>\n\n\n\n<p><strong>&#8211; Sans attestation<\/strong><\/p>\n\n\n\n<p><strong>&#8211; Dans une limite de distance du domicile inf\u00e9rieure \u00e0 100 km&nbsp;<\/strong><\/p>\n\n\n\n<p><strong>&#8211; En limitant les rassemblements \u00e0 10 personnes maximum<\/strong><\/p>\n\n\n\n<p><strong>&#8211; En ext\u00e9rieur<\/strong><\/p>\n\n\n\n<p><strong>&#8211; Et sans b\u00e9n\u00e9ficier des vestiaires qui peuvent \u00eatre mis \u00e0 disposition pour les activit\u00e9s de plein air.<\/strong><\/p>\n\n\n\n<p><strong>Les crit\u00e8res de distanciation sp\u00e9cifiques entre les personnes sont les suivantes :<\/strong><\/p>\n\n\n\n<p><strong>&#8211; une distance de 10 m\u00e8tres minimum entre deux personnes pour les activit\u00e9 du v\u00e9lo et du jogging&nbsp;<\/strong><\/p>\n\n\n\n<p><strong>&#8211; une distance physique suffisante d\u2019environ 4m2 pour les activit\u00e9s en plein air type tennis, yoga, fitness par exemple<\/strong><\/p>\n\n\n\n<p>\u00ab\u00a0Des sp\u00e9cifications compl\u00e9mentaires en fonction des activit\u00e9s seront fournies prochainement par le minist\u00e8re des sports. Les activit\u00e9s sportives qui ne permettent pas cette distanciation (sports collectifs, sport de combat) ne pourront pas reprendre dans l\u2019imm\u00e9diat.<\/p>\n\n\n\n<p>Le minist\u00e8re des sports proposera une liste exhaustive des disciplines et sports concern\u00e9s par cette interdiction provisoire dans un guide pratique en cours d\u2019\u00e9laboration. Un nouveau point d\u2019\u00e9tape sera fait d\u2019ici au 2 juin pour \u00e9valuer les modalit\u00e9s de reprise des pratiques sportives en salles et des disciplines qui n\u00e9cessitent un contact\u00a0\u00bb, indique le Minist\u00e8re.<\/p>\n","protected":false},"excerpt":{"rendered":"<p>Dans un&nbsp;communiqu\u00e9, la Ministre des Sports, Roxana Maracineanu, a d\u00e9taill\u00e9 les conditions de reprise du sport \u00e0 partir du 11 mai prochain. La Ministre rappelle qu\u2019il sera possible de pratiquer une activit\u00e9 sportive individuelle en plein air \u00e0 partir du 11 mai, en respectant les r\u00e8gles de distanciation physique, dans les espaces ouverts autoris\u00e9s et [&hellip;]<\/p>\n","protected":false},"author":2,"featured_media":15429,"comment_status":"open","ping_status":"open","sticky":false,"template":"","format":"standard","meta":{"_jetpack_memberships_contains_paid_content":false,"footnotes":"","jetpack_publicize_message":"","jetpack_publicize_feature_enabled":true,"jetpack_social_post_already_shared":true,"jetpack_social_options":{"image_generator_settings":{"template":"highway","default_image_id":0,"font":"","enabled":false},"version":2},"_wpas_customize_per_network":false},"categories":[405],"tags":[],"class_list":["post-15428","post","type-post","status-publish","format-standard","has-post-thumbnail","hentry","category-actu-france-monde"],"jetpack_publicize_connections":[],"jetpack_featured_media_url":"https:\/\/i0.wp.com\/www.iceagetv.com\/radiosite\/wp-content\/uploads\/2020\/04\/La-ministre-des-Sports-pr%C3%A9cise-dans-quelles-conditions-le-sport-et-l%E2%80%99activit%C3%A9-physique-pourront-reprendre-%C3%A0-partir-du-11-mai-prochain.png?fit=870%2C389&ssl=1","jetpack_sharing_enabled":true,"_links":{"self":[{"href":"https:\/\/www.iceagetv.com\/radiosite\/wp-json\/wp\/v2\/posts\/15428","targetHints":{"allow":["GET"]}}],"collection":[{"href":"https:\/\/www.iceagetv.com\/radiosite\/wp-json\/wp\/v2\/posts"}],"about":[{"href":"https:\/\/www.iceagetv.com\/radiosite\/wp-json\/wp\/v2\/types\/post"}],"author":[{"embeddable":true,"href":"https:\/\/www.iceagetv.com\/radiosite\/wp-json\/wp\/v2\/users\/2"}],"replies":[{"embeddable":true,"href":"https:\/\/www.iceagetv.com\/radiosite\/wp-json\/wp\/v2\/comments?post=15428"}],"version-history":[{"count":1,"href":"https:\/\/www.iceagetv.com\/radiosite\/wp-json\/wp\/v2\/posts\/15428\/revisions"}],"predecessor-version":[{"id":15430,"href":"https:\/\/www.iceagetv.com\/radiosite\/wp-json\/wp\/v2\/posts\/15428\/revisions\/15430"}],"wp:featuredmedia":[{"embeddable":true,"href":"https:\/\/www.iceagetv.com\/radiosite\/wp-json\/wp\/v2\/media\/15429"}],"wp:attachment":[{"href":"https:\/\/www.iceagetv.com\/radiosite\/wp-json\/wp\/v2\/media?parent=15428"}],"wp:term":[{"taxonomy":"category","embeddable":true,"href":"https:\/\/www.iceagetv.com\/radiosite\/wp-json\/wp\/v2\/categories?post=15428"},{"taxonomy":"post_tag","embeddable":true,"href":"https:\/\/www.iceagetv.com\/radiosite\/wp-json\/wp\/v2\/tags?post=15428"}],"curies":[{"name":"wp","href":"https:\/\/api.w.org\/{rel}","templated":true}]}}