{"id":15441,"date":"2020-05-01T07:54:51","date_gmt":"2020-05-01T07:54:51","guid":{"rendered":"http:\/\/www.iceagetv.com\/radiosite\/?p=15441"},"modified":"2020-05-01T07:54:51","modified_gmt":"2020-05-01T07:54:51","slug":"la-vente-de-voitures-neuves-a-recule-de-88-par-rapport-a-2019","status":"publish","type":"post","link":"https:\/\/www.iceagetv.com\/radiosite\/la-vente-de-voitures-neuves-a-recule-de-88-par-rapport-a-2019\/","title":{"rendered":"La vente de voitures neuves a recul\u00e9 de 88% par rapport \u00e0 2019"},"content":{"rendered":"\n<p>C&rsquo;est un choc historique pour le secteur automobile. Les immatriculations de v\u00e9hicules neufs en France ont recul\u00e9 de 88% par rapport \u00e0 l\u2019ann\u00e9e derni\u00e8re, ce qui est tout simplement du jamais vu. Aucun effondrement de cette ampleur dans l\u2019histoire du march\u00e9 automobile fran\u00e7ais n&rsquo;a \u00e9t\u00e9 d\u00e9cel\u00e9 et on s\u2019attend \u00e0\u00a0<strong>un repli de 30% des immatriculations<\/strong>\u00a0sur toute l\u2019ann\u00e9e 2020.<\/p>\n\n\n\n<p>Lors de la crise pr\u00e9c\u00e9dente, en 2008\/2009, on \u00e9tait sur&nbsp;<a href=\"https:\/\/www.rtl.fr\/actu\/conso\/voiture-le-malus-ecologique-va-bondir-en-2020-7799589117\">des baisses d\u2019immatriculations<\/a>&nbsp;de l\u2019ordre de 8%. Cette fois, si on additionne les voitures pour les particuliers et les v\u00e9hicules de soci\u00e9t\u00e9,&nbsp;<strong>on a vendu 28.000 automobiles le mois dernier contre 232.000 en avril 2019<\/strong>. Si les concessions \u00e9taient ferm\u00e9es, les ventes se sont faites par des livraisons de voitures command\u00e9es avant le confinement, notamment pour&nbsp;<a href=\"https:\/\/www.rtl.fr\/culture\/medias-people\/confinement-michele-laroque-exprime-son-admiration-pour-le-personnel-medical-sur-rtl-7800302314\">le personnel m\u00e9dical<\/a>&nbsp;qui avait besoin de rouler,&nbsp;<strong>mais aussi de la part des administrations<\/strong>&nbsp;comme la police, la gendarmerie et les pompiers.<\/p>\n\n\n\n<p>Ceux qui ont achet\u00e9&nbsp;<strong>des voitures neuves<\/strong>&nbsp;\u00e9taient souvent li\u00e9s aux professions qui ont continu\u00e9 \u00e0 se d\u00e9placer pour lutter contre&nbsp;<a href=\"https:\/\/www.rtl.fr\/actu\/bien-etre\/coronavirus-les-caillots-de-sang-nouveau-symptome-du-covid-19-7800454520\">le Covid-19<\/a>. Finalement, on se rend compte, avec les immatriculations de voitures, de l\u2019impact du confinement sur&nbsp;<a href=\"https:\/\/www.rtl.fr\/actu\/debats-societe\/coronavirus-en-france-la-crise-economique-se-dessine-derriere-la-crise-sanitaire-7800420973\">notre \u00e9conomie<\/a>. Le moteur a cal\u00e9 et&nbsp;<strong>on ne s\u2019en rend pas forc\u00e9ment compte<\/strong>, pendant cette p\u00e9riode de confinement o\u00f9 on continue \u00e0 toucher un salaire, m\u00eame au&nbsp;<a href=\"https:\/\/www.rtl.fr\/actu\/politique\/coronavirus-le-chomage-partiel-va-accompagner-ce-deconfinement-dit-darmanin-7800455114\">ch\u00f4mage partiel<\/a>, et o\u00f9 on continue \u00e0 percevoir des prestations sociales.<\/p>\n\n\n\n<h3 class=\"wp-block-heading\">L&rsquo;\u00c9tat au soutien des constructeurs automobiles<\/h3>\n\n\n\n<p>Pour compenser les pertes, l\u2019\u00c9tat injecte, depuis bient\u00f4t 8 semaines, des milliards pour remplacer tous les milliards que\u00a0<strong>les acteurs \u00e9conomiques, les industriels ne produisent plus<\/strong>. L\u2019industrie automobile pourra se relever d\u2019un tel choc mais elle va, l\u00e0 encore, avoir besoin d\u2019u<a href=\"https:\/\/www.rtl.fr\/actu\/conso\/psa-et-renault-remboursent-integralement-l-etat-7680736373\">n coup de pouce de l\u2019\u00c9tat<\/a>, avec des primes \u00e0 l\u2019achat de v\u00e9hicules neufs.<\/p>\n\n\n\n<p>La fili\u00e8re r\u00e9clame notamment&nbsp;<strong>une prime pour acheter des voitures \u00e9lectriques ou hybrides<\/strong>&nbsp;rechargeables afin d\u2019\u00e9viter les erreurs des primes de 2008\/2009 o\u00f9 on avait&nbsp;<a href=\"https:\/\/www.rtl.fr\/actu\/conso\/coronavirus-et-confinement-le-secteur-automobile-frappe-de-plein-fouet-7800336005\">distribu\u00e9 de l\u2019argent public<\/a>&nbsp;qui avait servi \u00e0 acheter des voitures de marques fran\u00e7aises mais fabriqu\u00e9es \u00e0 l\u2019\u00e9tranger.<\/p>\n\n\n\n<p>Avec l\u2019\u00e9lectrique et l\u2019hybride, on est sur&nbsp;<strong>des productions haut de gamme<\/strong>&nbsp;et fabriqu\u00e9es en France. Avec l\u2019\u00e9lectrique, on soutient donc les constructeurs et les emplois. Il ne faut jamais oublier que&nbsp;<a href=\"https:\/\/www.rtl.fr\/actu\/conso\/confinement-et-coronavirus-peut-on-laver-sa-voiture-7800411701\">l\u2019automobile<\/a>&nbsp;au sens large repr\u00e9sente environ&nbsp;<strong>un emploi industriel sur dix&nbsp;<\/strong>dans le pays.<\/p>\n\n\n\n<h3 class=\"wp-block-heading\">Le march\u00e9 des v\u00e9hicules \u00e9lectriques pl\u00e9biscit\u00e9 ?<\/h3>\n\n\n\n<p>Les mod\u00e8les \u00e9lectrique et hybride co\u00fbtent plus cher,&nbsp;<strong>d&rsquo;o\u00f9 l\u2019int\u00e9r\u00eat d\u2019injecter des primes et des aides d\u2019\u00c9tat&nbsp;<\/strong>sur ces mod\u00e8les l\u00e0. Si&nbsp;<a href=\"https:\/\/www.rtl.fr\/actu\/conso\/transformer-sa-voiture-thermique-en-electrique-c-est-desormais-possible-7800385730\">le march\u00e9 des voitures \u00e9lectriques<\/a>&nbsp;ne repr\u00e9sente que moins de 5% de la production des marques fran\u00e7aises, ce trou d\u2019air g\u00e9n\u00e9r\u00e9 par la crise du coronavirus peut aussi enfin&nbsp;<strong>faire d\u00e9coller le march\u00e9 des v\u00e9hicules \u00ab\u00a0z\u00e9ro CO2\u00a0\u00bb<\/strong>.&nbsp;<\/p>\n\n\n\n<p>Il faut peut-\u00eatre cet \u00e9lectrochoc pour&nbsp;<strong>structurer la fili\u00e8re \u00e9lectrique<\/strong>&nbsp;avec des fabricants europ\u00e9ens de voitures, de batteries et de bornes rechargeables.Car on peut supposer qu\u2019\u00e0 la sortie du&nbsp;<a href=\"https:\/\/www.rtl.fr\/actu\/politique\/le-confinement-generalise-est-un-echec-juge-marine-le-pen-sur-rtl-7800455365\">confinement<\/a>, les Fran\u00e7ais vont&nbsp;<strong>pr\u00e9f\u00e9rer prendre leurs voitures individuelles<\/strong>&nbsp;plut\u00f4t que des&nbsp;<a href=\"https:\/\/www.rtl.fr\/actu\/debats-societe\/deconfinement-les-masques-seront-obligatoires-dans-les-transports-en-commun-7800453595\">transports en commun<\/a>&nbsp;bond\u00e9s.&nbsp;<\/p>\n\n\n\n<p>On peut \u00e9galement supposer qu\u2019ils ne voudront&nbsp;<strong>plus passer une heure dans les bouchons pour aller travailler<\/strong>&nbsp;et respirer les vapeurs de pots d\u2019\u00e9chappement. Face \u00e0 ces diff\u00e9rentes envies,&nbsp;<a href=\"https:\/\/www.rtl.fr\/actu\/conso\/transformer-sa-voiture-thermique-en-electrique-c-est-desormais-possible-7800385730\">la voiture \u00e9lectrique<\/a>&nbsp;est une r\u00e9ponse industrielle,&nbsp;<strong>\u00e0 condition qu\u2019on ait envie de consommer<\/strong>&nbsp;et de changer de voiture.<\/p>\n\n\n\n<p><\/p>\n","protected":false},"excerpt":{"rendered":"<p>C&rsquo;est un choc historique pour le secteur automobile. Les immatriculations de v\u00e9hicules neufs en France ont recul\u00e9 de 88% par rapport \u00e0 l\u2019ann\u00e9e derni\u00e8re, ce qui est tout simplement du jamais vu. Aucun effondrement de cette ampleur dans l\u2019histoire du march\u00e9 automobile fran\u00e7ais n&rsquo;a \u00e9t\u00e9 d\u00e9cel\u00e9 et on s\u2019attend \u00e0\u00a0un repli de 30% des immatriculations\u00a0sur [&hellip;]<\/p>\n","protected":false},"author":2,"featured_media":15442,"comment_status":"open","ping_status":"open","sticky":false,"template":"","format":"standard","meta":{"_jetpack_memberships_contains_paid_content":false,"footnotes":"","jetpack_publicize_message":"","jetpack_publicize_feature_enabled":true,"jetpack_social_post_already_shared":true,"jetpack_social_options":{"image_generator_settings":{"template":"highway","default_image_id":0,"font":"","enabled":false},"version":2},"_wpas_customize_per_network":false},"categories":[405],"tags":[],"class_list":["post-15441","post","type-post","status-publish","format-standard","has-post-thumbnail","hentry","category-actu-france-monde"],"jetpack_publicize_connections":[],"jetpack_featured_media_url":"https:\/\/i0.wp.com\/www.iceagetv.com\/radiosite\/wp-content\/uploads\/2020\/05\/La-vente-de-voitures-neuves-a-recul%C3%A9-de-88-par-rapport-%C3%A0-2019.jpg?fit=679%2C299&ssl=1","jetpack_sharing_enabled":true,"_links":{"self":[{"href":"https:\/\/www.iceagetv.com\/radiosite\/wp-json\/wp\/v2\/posts\/15441","targetHints":{"allow":["GET"]}}],"collection":[{"href":"https:\/\/www.iceagetv.com\/radiosite\/wp-json\/wp\/v2\/posts"}],"about":[{"href":"https:\/\/www.iceagetv.com\/radiosite\/wp-json\/wp\/v2\/types\/post"}],"author":[{"embeddable":true,"href":"https:\/\/www.iceagetv.com\/radiosite\/wp-json\/wp\/v2\/users\/2"}],"replies":[{"embeddable":true,"href":"https:\/\/www.iceagetv.com\/radiosite\/wp-json\/wp\/v2\/comments?post=15441"}],"version-history":[{"count":1,"href":"https:\/\/www.iceagetv.com\/radiosite\/wp-json\/wp\/v2\/posts\/15441\/revisions"}],"predecessor-version":[{"id":15443,"href":"https:\/\/www.iceagetv.com\/radiosite\/wp-json\/wp\/v2\/posts\/15441\/revisions\/15443"}],"wp:featuredmedia":[{"embeddable":true,"href":"https:\/\/www.iceagetv.com\/radiosite\/wp-json\/wp\/v2\/media\/15442"}],"wp:attachment":[{"href":"https:\/\/www.iceagetv.com\/radiosite\/wp-json\/wp\/v2\/media?parent=15441"}],"wp:term":[{"taxonomy":"category","embeddable":true,"href":"https:\/\/www.iceagetv.com\/radiosite\/wp-json\/wp\/v2\/categories?post=15441"},{"taxonomy":"post_tag","embeddable":true,"href":"https:\/\/www.iceagetv.com\/radiosite\/wp-json\/wp\/v2\/tags?post=15441"}],"curies":[{"name":"wp","href":"https:\/\/api.w.org\/{rel}","templated":true}]}}