{"id":15450,"date":"2020-05-02T07:35:46","date_gmt":"2020-05-02T07:35:46","guid":{"rendered":"http:\/\/www.iceagetv.com\/radiosite\/?p=15450"},"modified":"2020-05-02T07:35:46","modified_gmt":"2020-05-02T07:35:46","slug":"un-legionnaire-est-mort-apres-avoir-ete-blesse-au-mali-au-cours-dune-operation-contre-des-groupes-terroristes","status":"publish","type":"post","link":"https:\/\/www.iceagetv.com\/radiosite\/un-legionnaire-est-mort-apres-avoir-ete-blesse-au-mali-au-cours-dune-operation-contre-des-groupes-terroristes\/","title":{"rendered":"Un l\u00e9gionnaire est mort apr\u00e8s avoir \u00e9t\u00e9 bless\u00e9 au Mali au cours d\u2019une op\u00e9ration contre des groupes terroristes"},"content":{"rendered":"\n<p><strong>Un soldat de la L\u00e9gion \u00e9trang\u00e8re, appartenant au premier r\u00e9giment de cavalerie, est d\u00e9c\u00e9d\u00e9 des suites de ses blessures, ce vendredi \u00e0 l\u2019h\u00f4pital militaire de Clamart, a annonc\u00e9 ce samedi l\u2019Elys\u00e9e.<\/strong><br><\/p>\n\n\n\n<p>Le brigadier Dmytro Martynyouk avait \u00e9t\u00e9 bless\u00e9 le 23 avril au Mali lors d\u2019une \u00ab&nbsp;<em>op\u00e9ration contre les groupes arm\u00e9s terroristes<\/em>&nbsp;\u00bb. Il a succomb\u00e9 \u00e0 ses blessures le 1er mai \u00e0 l\u2019h\u00f4pital militaire de Percy \u00e0 Clamart (Hauts-de-Seine), a annonc\u00e9 la pr\u00e9sidence de la R\u00e9publique ce samedi. Il \u00e9tait engag\u00e9 dans l\u2019op\u00e9ration Barkhane.<\/p>\n\n\n\n<p>Dans un communiqu\u00e9, le pr\u00e9sident de la R\u00e9publique Emmanuel Macron a indiqu\u00e9 que le l\u00e9gionnaire avait \u00e9t\u00e9 bless\u00e9 par l\u2019explosion d\u2019un engin explosif improvis\u00e9, saluant \u00ab&nbsp;<em>le courage des militaires fran\u00e7ais engag\u00e9s au Sahel<\/em>&nbsp;\u00bb.<\/p>\n\n\n\n<p>\u00ab\u00a0<em>Un camion-citerne de la force Barkhane\u00a0<\/em>\u00bb avait \u00e9t\u00e9 atteint par un engin explosif improvis\u00e9, blessant \u00ab\u00a0<em>le conducteur et le chef de bord du v\u00e9hicule<\/em>\u00a0\u00bb, a pr\u00e9cis\u00e9 l\u2019Etat-major des arm\u00e9es, dans un communiqu\u00e9 distinct. Les deux militaires avaient \u00e9t\u00e9 \u00e9vacu\u00e9s vers la France le 24 avril pour y \u00eatre soign\u00e9s. Le brigadier Dmytro Martynyouk a succomb\u00e9 \u00e0 ses blessures, tandis que \u00ab\u00a0<em>l\u2019\u00e9tat de son camarade est stable, et son pronostic vital n\u2019est pas engag\u00e9<\/em>\u00a0\u00bb, a ajoute l\u2019Etat-major.<\/p>\n\n\n\n<h2 class=\"wp-block-heading\">42 militaires tu\u00e9s au Sahel depuis 2013<\/h2>\n\n\n\n<p>Depuis le d\u00e9but de l\u2019intervention fran\u00e7aise au Sahel, en 2013 avec l\u2019op\u00e9ration Serval, 42 militaires ont \u00e9t\u00e9 tu\u00e9s dans le pays, selon un comptage effectu\u00e9 \u00e0 partir de chiffres publi\u00e9s par l\u2019Etat-major des arm\u00e9es, relate&nbsp;<em><a href=\"http:\/\/franceinfo.fr\/\" target=\"_blank\" rel=\"noreferrer noopener\">franceinfo<\/a><\/em>.<\/p>\n\n\n\n<p>L\u2019arm\u00e9e fran\u00e7aise a multipli\u00e9 les offensives dans cette r\u00e9gion du Sahel, entre le Mali et le Niger, ces derni\u00e8res semaines. Elle revendique \u00ab&nbsp;<em>neutralisation<\/em>&nbsp;\u00bb de plusieurs dizaines de djihadistes depuis le d\u00e9but de l\u2019ann\u00e9e. Les forces engag\u00e9es dans l\u2019op\u00e9ration Barkhane sont r\u00e9cemment pass\u00e9es de 4 500 \u00e0 5 100 militaires, alors que les groupes terroristes ont multipli\u00e9 les attaques ces derniers mois.<\/p>\n\n\n\n<p><\/p>\n","protected":false},"excerpt":{"rendered":"<p>Un soldat de la L\u00e9gion \u00e9trang\u00e8re, appartenant au premier r\u00e9giment de cavalerie, est d\u00e9c\u00e9d\u00e9 des suites de ses blessures, ce vendredi \u00e0 l\u2019h\u00f4pital militaire de Clamart, a annonc\u00e9 ce samedi l\u2019Elys\u00e9e. Le brigadier Dmytro Martynyouk avait \u00e9t\u00e9 bless\u00e9 le 23 avril au Mali lors d\u2019une \u00ab&nbsp;op\u00e9ration contre les groupes arm\u00e9s terroristes&nbsp;\u00bb. Il a succomb\u00e9 \u00e0 [&hellip;]<\/p>\n","protected":false},"author":2,"featured_media":15451,"comment_status":"open","ping_status":"open","sticky":false,"template":"","format":"standard","meta":{"_jetpack_memberships_contains_paid_content":false,"footnotes":"","jetpack_publicize_message":"","jetpack_publicize_feature_enabled":true,"jetpack_social_post_already_shared":true,"jetpack_social_options":{"image_generator_settings":{"template":"highway","default_image_id":0,"font":"","enabled":false},"version":2},"_wpas_customize_per_network":false},"categories":[405],"tags":[],"class_list":["post-15450","post","type-post","status-publish","format-standard","has-post-thumbnail","hentry","category-actu-france-monde"],"jetpack_publicize_connections":[],"jetpack_featured_media_url":"https:\/\/i0.wp.com\/www.iceagetv.com\/radiosite\/wp-content\/uploads\/2020\/05\/Un-l%C3%A9gionnaire-est-mort-apr%C3%A8s-avoir-%C3%A9t%C3%A9-bless%C3%A9-au-Mali-au-cours-d%E2%80%99une-op%C3%A9ration-contre-des-groupes-terroristes.jpg?fit=1024%2C683&ssl=1","jetpack_sharing_enabled":true,"_links":{"self":[{"href":"https:\/\/www.iceagetv.com\/radiosite\/wp-json\/wp\/v2\/posts\/15450","targetHints":{"allow":["GET"]}}],"collection":[{"href":"https:\/\/www.iceagetv.com\/radiosite\/wp-json\/wp\/v2\/posts"}],"about":[{"href":"https:\/\/www.iceagetv.com\/radiosite\/wp-json\/wp\/v2\/types\/post"}],"author":[{"embeddable":true,"href":"https:\/\/www.iceagetv.com\/radiosite\/wp-json\/wp\/v2\/users\/2"}],"replies":[{"embeddable":true,"href":"https:\/\/www.iceagetv.com\/radiosite\/wp-json\/wp\/v2\/comments?post=15450"}],"version-history":[{"count":1,"href":"https:\/\/www.iceagetv.com\/radiosite\/wp-json\/wp\/v2\/posts\/15450\/revisions"}],"predecessor-version":[{"id":15452,"href":"https:\/\/www.iceagetv.com\/radiosite\/wp-json\/wp\/v2\/posts\/15450\/revisions\/15452"}],"wp:featuredmedia":[{"embeddable":true,"href":"https:\/\/www.iceagetv.com\/radiosite\/wp-json\/wp\/v2\/media\/15451"}],"wp:attachment":[{"href":"https:\/\/www.iceagetv.com\/radiosite\/wp-json\/wp\/v2\/media?parent=15450"}],"wp:term":[{"taxonomy":"category","embeddable":true,"href":"https:\/\/www.iceagetv.com\/radiosite\/wp-json\/wp\/v2\/categories?post=15450"},{"taxonomy":"post_tag","embeddable":true,"href":"https:\/\/www.iceagetv.com\/radiosite\/wp-json\/wp\/v2\/tags?post=15450"}],"curies":[{"name":"wp","href":"https:\/\/api.w.org\/{rel}","templated":true}]}}