{"id":15453,"date":"2020-05-02T16:07:37","date_gmt":"2020-05-02T16:07:37","guid":{"rendered":"http:\/\/www.iceagetv.com\/radiosite\/?p=15453"},"modified":"2020-05-02T16:07:37","modified_gmt":"2020-05-02T16:07:37","slug":"isabelle-balkany-hospitalisee-en-urgence-au-chu-de-rouen-apres-ce-qui-pourrait-etre-une-nouvelle-tentative-de-suicide-ou-dune-pneumonie","status":"publish","type":"post","link":"https:\/\/www.iceagetv.com\/radiosite\/isabelle-balkany-hospitalisee-en-urgence-au-chu-de-rouen-apres-ce-qui-pourrait-etre-une-nouvelle-tentative-de-suicide-ou-dune-pneumonie\/","title":{"rendered":"Isabelle Balkany hospitalis\u00e9e en urgence au CHU de Rouen apr\u00e8s ce qui pourrait \u00eatre une nouvelle tentative de suicide ou d&rsquo;une pneumonie"},"content":{"rendered":"\n<p>Selon le site 76actu, Isabelle Balkany, \u00e2g\u00e9e de 72 ans, aurait fait une nouvelle tentative de suicide dimanche dernier dans sa r\u00e9sidence de Giverny (Eure), le moulin de Cossy&nbsp;<a href=\"https:\/\/actu.fr\/normandie\/rouen_76540\/isabelle-balkany-hospitalisee-rouen-apres-une-tentative-suicide_33384880.html\" target=\"_blank\" rel=\"noreferrer noopener\">selon les informations donn\u00e9es par le site normand Actu 76<\/a>. \u00ab\u00a0Elle a tent\u00e9 de mettre fin \u00e0 ses jours \u00e0 l\u2019aide de m\u00e9dicaments, vers 20h30\u00a0\u00bb, pr\u00e9cise le site local d&rsquo;informations, avant d&rsquo;\u00eatre hospitalis\u00e9e au CHU de Rouen (Seine-Maritime), o\u00f9 elle se trouvait encore jeudi. Aucun d\u00e9tail n&rsquo;a \u00e9t\u00e9 donn\u00e9 sur son \u00e9tat.<\/p>\n\n\n\n<p><strong>La femme de Patrick Balkany, ancien maire de Levallois, est toujours hospitalis\u00e9e \u00e0 Rouen mais on ne conna\u00eet pas dans l&rsquo;imm\u00e9diat son \u00e9tat de sant\u00e9.<\/strong>&nbsp;\u00ab\u00a0Une heure avant cette tentative de suicide, Isabelle Balkany postait des messages sur les r\u00e9seaux sociaux entour\u00e9e de ses proches, et notamment de ses petits-enfants\u00a0\u00bb \u00e9crit le site Actu 76.&nbsp;<strong>Selon nos informations, aucune source officielle ne confirme pour l&rsquo;instant cette tentative de suicide \u00e9voquant la possibilit\u00e9 d&rsquo;une pneumonie<\/strong><\/p>\n\n\n\n<p>Il y a quasiment un an, le 1er mai 2019, celle qui \u00e9tait encore premi\u00e8re adjointe au maire de Levallois-Perret, elle avait fait une premi\u00e8re tentative de suicide en avalant une tr\u00e8s forte quantit\u00e9 de m\u00e9dicaments dans cette m\u00eame maison de Giverny. Elle s&rsquo;en \u00e9tait sortie avec de lourdes s\u00e9quelles : \u00ab\u00a0J&rsquo;en avais marre de recevoir des insultes donc j&rsquo;ai eu un burn-out complet qui m&rsquo;a provoqu\u00e9 un coma. Trois semaines d&rsquo;amn\u00e9sie totale et des probl\u00e8mes neurologiques importants puisque je ne pouvais pas tenir seule debout\u00a0\u00bb, avait-elle racont\u00e9<\/p>\n","protected":false},"excerpt":{"rendered":"<p>Selon le site 76actu, Isabelle Balkany, \u00e2g\u00e9e de 72 ans, aurait fait une nouvelle tentative de suicide dimanche dernier dans sa r\u00e9sidence de Giverny (Eure), le moulin de Cossy&nbsp;selon les informations donn\u00e9es par le site normand Actu 76. \u00ab\u00a0Elle a tent\u00e9 de mettre fin \u00e0 ses jours \u00e0 l\u2019aide de m\u00e9dicaments, vers 20h30\u00a0\u00bb, pr\u00e9cise le [&hellip;]<\/p>\n","protected":false},"author":2,"featured_media":15454,"comment_status":"open","ping_status":"open","sticky":false,"template":"","format":"standard","meta":{"_jetpack_memberships_contains_paid_content":false,"footnotes":"","jetpack_publicize_message":"","jetpack_publicize_feature_enabled":true,"jetpack_social_post_already_shared":true,"jetpack_social_options":{"image_generator_settings":{"template":"highway","default_image_id":0,"font":"","enabled":false},"version":2},"_wpas_customize_per_network":false},"categories":[405],"tags":[],"class_list":["post-15453","post","type-post","status-publish","format-standard","has-post-thumbnail","hentry","category-actu-france-monde"],"jetpack_publicize_connections":[],"jetpack_featured_media_url":"https:\/\/i0.wp.com\/www.iceagetv.com\/radiosite\/wp-content\/uploads\/2020\/05\/Isabelle-Balkany-hospitalis%C3%A9e-en-urgence-au-CHU-de-Rouen-apr%C3%A8s-ce-qui-pourrait-%C3%AAtre-une-nouvelle-tentative-de-suicide-ou-dune-pneumonie.png?fit=850%2C374&ssl=1","jetpack_sharing_enabled":true,"_links":{"self":[{"href":"https:\/\/www.iceagetv.com\/radiosite\/wp-json\/wp\/v2\/posts\/15453","targetHints":{"allow":["GET"]}}],"collection":[{"href":"https:\/\/www.iceagetv.com\/radiosite\/wp-json\/wp\/v2\/posts"}],"about":[{"href":"https:\/\/www.iceagetv.com\/radiosite\/wp-json\/wp\/v2\/types\/post"}],"author":[{"embeddable":true,"href":"https:\/\/www.iceagetv.com\/radiosite\/wp-json\/wp\/v2\/users\/2"}],"replies":[{"embeddable":true,"href":"https:\/\/www.iceagetv.com\/radiosite\/wp-json\/wp\/v2\/comments?post=15453"}],"version-history":[{"count":1,"href":"https:\/\/www.iceagetv.com\/radiosite\/wp-json\/wp\/v2\/posts\/15453\/revisions"}],"predecessor-version":[{"id":15455,"href":"https:\/\/www.iceagetv.com\/radiosite\/wp-json\/wp\/v2\/posts\/15453\/revisions\/15455"}],"wp:featuredmedia":[{"embeddable":true,"href":"https:\/\/www.iceagetv.com\/radiosite\/wp-json\/wp\/v2\/media\/15454"}],"wp:attachment":[{"href":"https:\/\/www.iceagetv.com\/radiosite\/wp-json\/wp\/v2\/media?parent=15453"}],"wp:term":[{"taxonomy":"category","embeddable":true,"href":"https:\/\/www.iceagetv.com\/radiosite\/wp-json\/wp\/v2\/categories?post=15453"},{"taxonomy":"post_tag","embeddable":true,"href":"https:\/\/www.iceagetv.com\/radiosite\/wp-json\/wp\/v2\/tags?post=15453"}],"curies":[{"name":"wp","href":"https:\/\/api.w.org\/{rel}","templated":true}]}}