{"id":15459,"date":"2020-05-03T14:57:00","date_gmt":"2020-05-03T14:57:00","guid":{"rendered":"http:\/\/www.iceagetv.com\/radiosite\/?p=15459"},"modified":"2020-05-03T14:57:00","modified_gmt":"2020-05-03T14:57:00","slug":"laeroport-de-paris-orly-devrait-rester-ferme-jusqua-lautomne","status":"publish","type":"post","link":"https:\/\/www.iceagetv.com\/radiosite\/laeroport-de-paris-orly-devrait-rester-ferme-jusqua-lautomne\/","title":{"rendered":"L&rsquo;a\u00e9roport de Paris-Orly devrait rester ferm\u00e9 jusqu&rsquo;\u00e0 l&rsquo;automne"},"content":{"rendered":"\n<h2 class=\"wp-block-heading\">Ferm\u00e9 depuis le 31 dernier en raison de l&rsquo;\u00e9pid\u00e9mie de Covid-19, l&rsquo;a\u00e9roport d&rsquo;Orly ne devrait pas rouvrir cet \u00e9t\u00e9.&nbsp;L&rsquo;a\u00e9roport de Roissy-CDG, r\u00e9duit \u00e0 deux ou trois terminaux, devrait absorber la totalit\u00e9 du trafic estival.<\/h2>\n\n\n\n<p>Les voyageurs ne sont pas pr\u00eats \u00e0 reprendre l&rsquo;avion \u00e0 l&rsquo;a\u00e9roport d&rsquo;Orly.&nbsp;<a href=\"https:\/\/www.bfmtv.com\/societe\/orly-aeroport-fantome-au-secours-des-malades-du-coronavirus-1889153.html#content\/contribution\/edit\">Ferm\u00e9e&nbsp;depuis le 31 mars en raison de l&rsquo;\u00e9pid\u00e9mie de coronavirus<\/a>,&nbsp;la deuxi\u00e8me plus grande plate-forme a\u00e9roportuaire de France, avec 80.000 voyageurs quotidiens, ne pourrait rouvrir qu&rsquo;\u00e0 l&rsquo;automne,&nbsp;<a href=\"https:\/\/www.lesechos.fr\/industrie-services\/tourisme-transport\/laeroport-de-paris-orly-devrait-rester-fermer-jusqua-lautomne-1199988\">selon une information du journal&nbsp;<em>Les \u00c9chos.<\/em><\/a><\/p>\n\n\n\n<p>Pour cause, malgr\u00e9 les mesures de d\u00e9confinement initi\u00e9es dans plusieurs pays, le trafic a\u00e9rien reste tr\u00e8s d\u00e9prim\u00e9 et la&nbsp;reprise du trafic&nbsp;s&rsquo;annonce beaucoup plus lente que pr\u00e9vu.&nbsp;<a href=\"https:\/\/www.bfmtv.com\/societe\/isolement-quarantaine-les-regles-qui-seront-imposees-aux-frontieres-a-partir-du-11-mai-1906313.html#content\/contribution\/edit\">Les fronti\u00e8res de l&rsquo;Union Europ\u00e9enne pourraient en effet rester ferm\u00e9es durant tout l&rsquo;\u00e9t\u00e9.<\/a><\/p>\n\n\n\n<blockquote class=\"wp-block-quote is-layout-flow wp-block-quote-is-layout-flow\"><p>\u00ab\u00a0Nous devons attendre la r\u00e9ouverture des fronti\u00e8res avant de pouvoir remonter en puissance\u00a0\u00bb, expliquent les A\u00e9roports de Paris au journal \u00e9conomique.<\/p><\/blockquote>\n\n\n\n<p>Pour rappel,\u00a0actuellement, seule la compagnie Air France op\u00e8re\u00a0encore des vols vers Marseille, Nice et Toulouse au d\u00e9part de Roissy, ainsi que des vols cargo et de rapatriement. Quasiment toutes les autres compagnies sont \u00e0 l&rsquo;arr\u00eat.\u00a0<\/p>\n\n\n\n<h3 class=\"wp-block-heading\">Le trafic a\u00e9rien concentr\u00e9 \u00e0 Roissy<\/h3>\n\n\n\n<p>L&rsquo;a\u00e9roport de Roissy-CDG, dont trois terminaux sont toujours ouverts, pourrait ainsi absorber la totalit\u00e9 du trafic estival.&nbsp;<\/p>\n\n\n\n<p>Selon&nbsp;<em>Les Echos<\/em>,&nbsp;&nbsp;ADP envisage m\u00eame de fermer l&rsquo;un des trois&nbsp;terminaux&nbsp;afin de faciliter les contr\u00f4les sanitaires.<\/p>\n\n\n\n<p><\/p>\n","protected":false},"excerpt":{"rendered":"<p>Ferm\u00e9 depuis le 31 dernier en raison de l&rsquo;\u00e9pid\u00e9mie de Covid-19, l&rsquo;a\u00e9roport d&rsquo;Orly ne devrait pas rouvrir cet \u00e9t\u00e9.&nbsp;L&rsquo;a\u00e9roport de Roissy-CDG, r\u00e9duit \u00e0 deux ou trois terminaux, devrait absorber la totalit\u00e9 du trafic estival. Les voyageurs ne sont pas pr\u00eats \u00e0 reprendre l&rsquo;avion \u00e0 l&rsquo;a\u00e9roport d&rsquo;Orly.&nbsp;Ferm\u00e9e&nbsp;depuis le 31 mars en raison de l&rsquo;\u00e9pid\u00e9mie de coronavirus,&nbsp;la [&hellip;]<\/p>\n","protected":false},"author":2,"featured_media":15460,"comment_status":"open","ping_status":"open","sticky":false,"template":"","format":"standard","meta":{"_jetpack_memberships_contains_paid_content":false,"footnotes":"","jetpack_publicize_message":"","jetpack_publicize_feature_enabled":true,"jetpack_social_post_already_shared":true,"jetpack_social_options":{"image_generator_settings":{"template":"highway","default_image_id":0,"font":"","enabled":false},"version":2},"_wpas_customize_per_network":false},"categories":[405],"tags":[],"class_list":["post-15459","post","type-post","status-publish","format-standard","has-post-thumbnail","hentry","category-actu-france-monde"],"jetpack_publicize_connections":[],"jetpack_featured_media_url":"https:\/\/i0.wp.com\/www.iceagetv.com\/radiosite\/wp-content\/uploads\/2020\/05\/La%C3%A9roport-de-Paris-Orly-devrait-rester-ferm%C3%A9-jusqu%C3%A0-lautomne.jpeg?fit=900%2C600&ssl=1","jetpack_sharing_enabled":true,"_links":{"self":[{"href":"https:\/\/www.iceagetv.com\/radiosite\/wp-json\/wp\/v2\/posts\/15459","targetHints":{"allow":["GET"]}}],"collection":[{"href":"https:\/\/www.iceagetv.com\/radiosite\/wp-json\/wp\/v2\/posts"}],"about":[{"href":"https:\/\/www.iceagetv.com\/radiosite\/wp-json\/wp\/v2\/types\/post"}],"author":[{"embeddable":true,"href":"https:\/\/www.iceagetv.com\/radiosite\/wp-json\/wp\/v2\/users\/2"}],"replies":[{"embeddable":true,"href":"https:\/\/www.iceagetv.com\/radiosite\/wp-json\/wp\/v2\/comments?post=15459"}],"version-history":[{"count":1,"href":"https:\/\/www.iceagetv.com\/radiosite\/wp-json\/wp\/v2\/posts\/15459\/revisions"}],"predecessor-version":[{"id":15461,"href":"https:\/\/www.iceagetv.com\/radiosite\/wp-json\/wp\/v2\/posts\/15459\/revisions\/15461"}],"wp:featuredmedia":[{"embeddable":true,"href":"https:\/\/www.iceagetv.com\/radiosite\/wp-json\/wp\/v2\/media\/15460"}],"wp:attachment":[{"href":"https:\/\/www.iceagetv.com\/radiosite\/wp-json\/wp\/v2\/media?parent=15459"}],"wp:term":[{"taxonomy":"category","embeddable":true,"href":"https:\/\/www.iceagetv.com\/radiosite\/wp-json\/wp\/v2\/categories?post=15459"},{"taxonomy":"post_tag","embeddable":true,"href":"https:\/\/www.iceagetv.com\/radiosite\/wp-json\/wp\/v2\/tags?post=15459"}],"curies":[{"name":"wp","href":"https:\/\/api.w.org\/{rel}","templated":true}]}}