{"id":15466,"date":"2020-05-04T13:42:57","date_gmt":"2020-05-04T13:42:57","guid":{"rendered":"http:\/\/www.iceagetv.com\/radiosite\/?p=15466"},"modified":"2020-05-04T13:42:57","modified_gmt":"2020-05-04T13:42:57","slug":"coronavirus-edouard-philippe-au-senat-personne-ne-peut-predire-lete-ou-lautomne-que-nous-aurons-aide-aux-jeunes-precaires-lieux-de-culte-rouvert-le-26-mai-masque-obligatoire-pour-les-c","status":"publish","type":"post","link":"https:\/\/www.iceagetv.com\/radiosite\/coronavirus-edouard-philippe-au-senat-personne-ne-peut-predire-lete-ou-lautomne-que-nous-aurons-aide-aux-jeunes-precaires-lieux-de-culte-rouvert-le-26-mai-masque-obligatoire-pour-les-c\/","title":{"rendered":"Coronavirus &#8211; Edouard Philippe au S\u00e9nat : \u00ab\u00a0Personne ne peut pr\u00e9dire l&rsquo;\u00e9t\u00e9 ou l&rsquo;automne que nous aurons &#8211; Aide aux jeunes pr\u00e9caires &#8211; Lieux de culte rouvert le 26 mai &#8211; Masque obligatoire pour les coll\u00e9giens\u00a0\u00bb"},"content":{"rendered":"\n<p><strong>Edouard Philippe, le Premier Ministre s&rsquo;exprime devant le S\u00e9nat pour expliquer le d\u00e9confinement \u00e0 partir du 11 mai<\/strong><\/p>\n\n\n\n<p>\u00ab\u00a0Nous sommes \u00e0 un moment critique. Nous ne savons pas tout de ce virus, mais il y a 5 mois, nous ne savions rien. La recherche a progresser \u00e0 une vitesse qui force l&rsquo;admiration. La France est \u00e0 la pointe des essais. Personne ne peut pr\u00e9dire l&rsquo;\u00e9t\u00e9 ou l&rsquo;automne que nous aurons. Seul l&rsquo;avenir le dira. Mais nous ne pouvons rester confin\u00e9s.&nbsp;Beaucoup de jeunes ont perdu les emplois dont ils ont besoin pour se nourrir ou payer leur loyer.&nbsp;<strong>Nous avons d\u00e9cid\u00e9 de verser une aide de 200 euros \u00e0 800 000 d&rsquo;entre eux\u00a0\u00bb,&nbsp;annonce Edouard Philippe.&nbsp;\u00ab\u00a0Cette somme sera vers\u00e9e d\u00e9but juin aux \u00e9tudiants ayant perdu leur travail ou leur stage et aux \u00e9tudiants ultramarins isol\u00e9s qui n&rsquo;ont pas pu rentrer chez eux. Elle sera vers\u00e9e mi-juin aux jeunes de moins de 25 ans, pr\u00e9caires ou modestes, qui touchent des APL<\/strong><strong>.&nbsp;Il y aura des marches toutes les 3 semaines que nous franchirons pas \u00e0 pas.<\/strong>&nbsp;Tous les territoires ne progresserons pas au m\u00eame rythme. Nous sommes \u00e0 la crois\u00e9e des chemins.<\/p>\n\n\n\n<p>Concernant les masques, j&rsquo;ai pu entendre ce qui s&rsquo;est dit ce week-end et je veux le dire ici.&nbsp;<strong>Il n&rsquo;y a pas et il n&rsquo;y a jamais eu de stocks cach\u00e9s de masques de la grande distribution<\/strong>.&nbsp;L&rsquo;\u00c9tat financera 50% des masques grand public que sont en train de se procurer les collectivit\u00e9s et une partie du co\u00fbt de ces achats sera pris en charge de mani\u00e8re r\u00e9troactive pour les commandes pass\u00e9es \u00e0 compter du 13 avril dernier.&nbsp;L&rsquo;Etat r\u00e9servera en outre une enveloppe hebdomadaire de 5 millions de masques grand public pour les plus vuln\u00e9rables de nos citoyens\u00a0\u00bb<\/p>\n\n\n\n<p>Il est essentiel aujourd&rsquo;hui de respecter le confinement jusqu&rsquo;au 11 mai. A partir du 11 mai il y aura un assouplissement des contr\u00f4les policiers, car nous ne vivons pas sous un r\u00e9gime policier. C&rsquo;est pour cela que nous allons cr\u00e9er ces brigades pour retrouver les gens confin\u00e9s. Nous sommes attentifs et ouvert \u00e0 toutes les propositions.&nbsp;<strong>La fermeture des \u00e9coles est une catastrophe pour les jeunes les plus vuln\u00e9rables.<\/strong>&nbsp;La r\u00e9ouverture des \u00e9coles est donc une priorit\u00e9 avec 15 \u00e9l\u00e8ves par classe maximum et du gel par exemple disponible. Fin mai nous d\u00e9ciderons si nous pouvons r\u00e9ouvrir les lyc\u00e9es. Chaque retour \u00e0 l&rsquo;\u00e9cole sera une bonne nouvelle.&nbsp;Nous fournirons des masques aux personnels de l&rsquo;\u00e9ducation nationale et aux coll\u00e9giens. Mais pour les \u00e9l\u00e8ves d&rsquo;\u00e9coles \u00e9l\u00e9mentaires, le port du masque n&rsquo;est pas recommand\u00e9. Il est m\u00eame proscrit pour les enfants de maternelle.<\/p>\n\n\n\n<p>Pour les entreprises le t\u00e9l\u00e9travail doit se poursuivre et quand c\u00a0\u00bbest impossible donner la priorit\u00e9s aux horaires d\u00e9cal\u00e9s. Sur les transports les inqui\u00e9tudes sont grandes. Pour ceux de plus de 100 kms, ils seront limit\u00e9s aux d\u00e9placements imp\u00e9ratifs par r\u00e9servation. La vie \u00e9conomique doit reprendre imp\u00e9rativement et rapidement.&nbsp;<\/p>\n\n\n\n<p><strong>Pour ce qui est des restaurants, des cin\u00e9mas, des plages, nous prendrons une d\u00e9cision fin mai pour une mesure effective le 2 juin<\/strong>.&nbsp;<strong>Nous attendrons d\u00e9but juin pour rouvrir les salles de spectacles et de cin\u00e9ma. Pour ce qui est des spectacles de 5.000 personnes il faudra attendre le mois de septembre. Concernant les lieux de cultes, le gouvernement est pr\u00eat \u00e0 avancer au 29 mai la r\u00e9ouverture.<\/strong><\/p>\n\n\n\n<p>Je suis tr\u00e8s attentif \u00e0 ce que les territoires d&rsquo;Outre-mer disposent de tests et de masques grand public.&nbsp;Je tiens \u00e0 indiquer que nous profiterons du d\u00e9confinement pour organiser le retour chez eux des \u00e9tudiants ultra-marins.<\/p>\n\n\n\n<p>Le 11 mai ne sera pas le d\u00e9but de l&rsquo;insouciance mais le d\u00e9but de la reprise. Nous voulons traverser cette \u00e9preuve dans le respect de nos valeurs. Comme vous je crois en mon pays et que nos institutions, nos talents et notre jeunesse permettrons de nous relever.\u00a0\u00bb<\/p>\n","protected":false},"excerpt":{"rendered":"<p>Edouard Philippe, le Premier Ministre s&rsquo;exprime devant le S\u00e9nat pour expliquer le d\u00e9confinement \u00e0 partir du 11 mai \u00ab\u00a0Nous sommes \u00e0 un moment critique. Nous ne savons pas tout de ce virus, mais il y a 5 mois, nous ne savions rien. La recherche a progresser \u00e0 une vitesse qui force l&rsquo;admiration. La France est [&hellip;]<\/p>\n","protected":false},"author":2,"featured_media":15467,"comment_status":"open","ping_status":"open","sticky":false,"template":"","format":"standard","meta":{"_jetpack_memberships_contains_paid_content":false,"footnotes":"","jetpack_publicize_message":"","jetpack_publicize_feature_enabled":true,"jetpack_social_post_already_shared":true,"jetpack_social_options":{"image_generator_settings":{"template":"highway","default_image_id":0,"font":"","enabled":false},"version":2},"_wpas_customize_per_network":false},"categories":[405],"tags":[],"class_list":["post-15466","post","type-post","status-publish","format-standard","has-post-thumbnail","hentry","category-actu-france-monde"],"jetpack_publicize_connections":[],"jetpack_featured_media_url":"https:\/\/i0.wp.com\/www.iceagetv.com\/radiosite\/wp-content\/uploads\/2020\/05\/Edouard-Philippe-au-S%C3%A9nat.png?fit=869%2C367&ssl=1","jetpack_sharing_enabled":true,"_links":{"self":[{"href":"https:\/\/www.iceagetv.com\/radiosite\/wp-json\/wp\/v2\/posts\/15466","targetHints":{"allow":["GET"]}}],"collection":[{"href":"https:\/\/www.iceagetv.com\/radiosite\/wp-json\/wp\/v2\/posts"}],"about":[{"href":"https:\/\/www.iceagetv.com\/radiosite\/wp-json\/wp\/v2\/types\/post"}],"author":[{"embeddable":true,"href":"https:\/\/www.iceagetv.com\/radiosite\/wp-json\/wp\/v2\/users\/2"}],"replies":[{"embeddable":true,"href":"https:\/\/www.iceagetv.com\/radiosite\/wp-json\/wp\/v2\/comments?post=15466"}],"version-history":[{"count":1,"href":"https:\/\/www.iceagetv.com\/radiosite\/wp-json\/wp\/v2\/posts\/15466\/revisions"}],"predecessor-version":[{"id":15468,"href":"https:\/\/www.iceagetv.com\/radiosite\/wp-json\/wp\/v2\/posts\/15466\/revisions\/15468"}],"wp:featuredmedia":[{"embeddable":true,"href":"https:\/\/www.iceagetv.com\/radiosite\/wp-json\/wp\/v2\/media\/15467"}],"wp:attachment":[{"href":"https:\/\/www.iceagetv.com\/radiosite\/wp-json\/wp\/v2\/media?parent=15466"}],"wp:term":[{"taxonomy":"category","embeddable":true,"href":"https:\/\/www.iceagetv.com\/radiosite\/wp-json\/wp\/v2\/categories?post=15466"},{"taxonomy":"post_tag","embeddable":true,"href":"https:\/\/www.iceagetv.com\/radiosite\/wp-json\/wp\/v2\/tags?post=15466"}],"curies":[{"name":"wp","href":"https:\/\/api.w.org\/{rel}","templated":true}]}}