{"id":15475,"date":"2020-05-05T07:01:14","date_gmt":"2020-05-05T07:01:14","guid":{"rendered":"http:\/\/www.iceagetv.com\/radiosite\/?p=15475"},"modified":"2020-05-05T07:01:14","modified_gmt":"2020-05-05T07:01:14","slug":"les-enfants-premieres-victimes-du-confinement","status":"publish","type":"post","link":"https:\/\/www.iceagetv.com\/radiosite\/les-enfants-premieres-victimes-du-confinement\/","title":{"rendered":"Les enfants, premi\u00e8res victimes du confinement ?"},"content":{"rendered":"\n<p> Le confinement pourrait affecter durablement la sant\u00e9 des enfants, particuli\u00e8rement dans les familles pauvres, selon Sant\u00e9 publique France, qui a invit\u00e9 ce lundi 4 mai \u00e0 prendre ces \u00e9l\u00e9ments \u00ab\u00a0en compte dans les choix op\u00e9r\u00e9s pour la r\u00e9ouverture des \u00e9coles \u00e0 partir du 11 mai\u00a0\u00bb. <\/p>\n\n\n\n<p>Beaucoup de parents ont fait part de leur inqui\u00e9tude \u00e0 l\u2019id\u00e9e de renvoyer leurs enfants \u00e0 l\u2019\u00e9cole \u00e0 partir du 11 mai et pourtant,&nbsp;<strong>les garder \u00e0 la maison pourrait avoir \u00e0 terme un impact sur leur sant\u00e9 mentale et physique<\/strong>, notamment dans les familles les plus fragiles \u00e9conomiquement. C&rsquo;est la conclusion de&nbsp;<a target=\"_blank\" href=\"https:\/\/www.santepubliquefrance.fr\/\" rel=\"noreferrer noopener\">Sant\u00e9 publique France<\/a>, qui a collect\u00e9 un certain nombre de donn\u00e9es scientifiques, en France et \u00e0 l\u2019\u00e9tranger, compil\u00e9es dans une synth\u00e8se d\u00e9voil\u00e9e lundi 4 mai. L&rsquo;agence nationale de sant\u00e9 publique a donc invit\u00e9 \u00e0 prendre ces \u00e9l\u00e9ments&nbsp;<em>\u00ab\u00a0en compte dans les choix op\u00e9r\u00e9s pour la r\u00e9ouverture des \u00e9coles \u00e0 partir du 11 mai\u00a0\u00bb<\/em>.<\/p>\n\n\n\n<ul class=\"wp-block-list\"><li><strong>Nos enfants confin\u00e9s sont plus stress\u00e9s<\/strong><\/li><\/ul>\n\n\n\n<p>Les adultes aussi, mais les traces que le confinement va laisser sur les enfants sont encore plus importantes.&nbsp;<strong>Le manque de contact physique avec leurs camarades de classe, leurs amis, leurs professeurs<\/strong>, le manque d\u2019espace \u00e0 la maison et puis l\u2019ennui, la peur de tomber malade peuvent g\u00e9n\u00e9rer du mal-\u00eatre et un stress important.&nbsp;<\/p>\n\n\n\n<p>C\u2019est ce que d\u00e9montre une \u00e9tude am\u00e9ricaine rep\u00e9r\u00e9e par Sant\u00e9 publique France et qui remonte \u00e0 2013&nbsp;: dedans, on apprend que les sympt\u00f4mes de stress post-traumatique sont quatre fois plus \u00e9lev\u00e9s chez les enfants qui ont v\u00e9cu une situation de quarantaine par rapport \u00e0 ceux qui n&rsquo;en ont pas v\u00e9cue.<\/p>\n\n\n\n<ul class=\"wp-block-list\"><li><strong>Les enfants confin\u00e9s plus expos\u00e9s aux violences intrafamiliales<\/strong><\/li><\/ul>\n\n\n\n<p>\u00catre \u00e0 la maison pour certains enfants ne signifie pas \u00eatre en s\u00e9curit\u00e9.&nbsp;<strong>Le confinement a donn\u00e9 lieu \u00e0 un pic des violences intrafamiliales<\/strong>, tendance constat\u00e9e dans plusieurs pays europ\u00e9ens, dont la France.&nbsp;<\/p>\n\n\n\n<p>Rien que pour la 5e semaine de confinement, du 13 au 19 avril, le nombre d\u2019appels au 119, num\u00e9ro d\u00e9di\u00e9 \u00e0 la protection de l\u2019enfance, a augment\u00e9 de 89% par rapport \u00e0 la m\u00eame semaine l\u2019ann\u00e9e derni\u00e8re.&nbsp;<\/p>\n\n\n\n<ul class=\"wp-block-list\"><li><strong>Les enfants non-scolaris\u00e9s font moins de sport<\/strong><\/li><\/ul>\n\n\n\n<p>Ce qu\u2019a rep\u00e9r\u00e9 Sant\u00e9 publique France, notamment dans une \u00e9tude anglaise publi\u00e9e par la fameuse revue scientifique&nbsp;<em>The Lancet<\/em>, c\u2019est que l\u2019enfant non-scolaris\u00e9 fait moins de sport, en particulier pendant les vacances d\u2019\u00e9t\u00e9. L\u00e0, pendant la p\u00e9riode que nous vivons,&nbsp;<strong>nos enfants ont moins d&rsquo;occasion de se d\u00e9penser<\/strong>, ils passent plus de temps \u00e0 grignoter pour se rassurer devant les \u00e9crans.&nbsp;<\/p>\n\n\n\n<p>L\u2019Acad\u00e9mie de m\u00e9decine fran\u00e7aise parle \u00e9galement d\u2019un risque plus \u00e9lev\u00e9 que d\u2019habitude d\u2019accidents domestiques, l\u2019attention des parents \u00e9tant d\u00e9tourn\u00e9e par le t\u00e9l\u00e9travail.<\/p>\n\n\n\n<ul class=\"wp-block-list\"><li><strong>La fermeture des \u00e9coles, amplificateur d\u2019in\u00e9galit\u00e9s d\u00e9j\u00e0 existantes<\/strong><\/li><\/ul>\n\n\n\n<p>Les enfants ne sont pas \u00e9gaux face au confinement et pour ceux qui vivent dans des familles pauvres, retourner \u00e0 l\u2019\u00e9cole \u00e0 partir du lundi 11 mai, c\u2019est vital selon Sant\u00e9 publique France. En France, 2,8 millions d&rsquo;enfants vivent dans des m\u00e9nages dont le niveau de vie est inf\u00e9rieur au seuil de pauvret\u00e9, soit un enfant sur cinq.&nbsp;<\/p>\n\n\n\n<p>Priv\u00e9s de cantine, ces enfants issus de foyers modestes sont victimes d\u2019ins\u00e9curit\u00e9 alimentaire. Une mauvaise alimentation a des r\u00e9percussions sur les performances scolaires, scolarit\u00e9 qu\u2019il est difficile de poursuivre quand on n\u2019a pas d&rsquo;ordinateur ou de chambre \u00e0 soi, beaucoup de ces enfants vivent dans des logements trop petits.&nbsp;<\/p>\n","protected":false},"excerpt":{"rendered":"<p>Le confinement pourrait affecter durablement la sant\u00e9 des enfants, particuli\u00e8rement dans les familles pauvres, selon Sant\u00e9 publique France, qui a invit\u00e9 ce lundi 4 mai \u00e0 prendre ces \u00e9l\u00e9ments \u00ab\u00a0en compte dans les choix op\u00e9r\u00e9s pour la r\u00e9ouverture des \u00e9coles \u00e0 partir du 11 mai\u00a0\u00bb. Beaucoup de parents ont fait part de leur inqui\u00e9tude \u00e0 [&hellip;]<\/p>\n","protected":false},"author":2,"featured_media":15476,"comment_status":"open","ping_status":"open","sticky":false,"template":"","format":"standard","meta":{"_jetpack_memberships_contains_paid_content":false,"footnotes":"","jetpack_publicize_message":"","jetpack_publicize_feature_enabled":true,"jetpack_social_post_already_shared":true,"jetpack_social_options":{"image_generator_settings":{"template":"highway","default_image_id":0,"font":"","enabled":false},"version":2},"_wpas_customize_per_network":false},"categories":[405],"tags":[2780],"class_list":["post-15475","post","type-post","status-publish","format-standard","has-post-thumbnail","hentry","category-actu-france-monde","tag-les-enfants"],"jetpack_publicize_connections":[],"jetpack_featured_media_url":"https:\/\/i0.wp.com\/www.iceagetv.com\/radiosite\/wp-content\/uploads\/2020\/05\/Les-enfants-premi%C3%A8res-victimes-du-confinement.png?fit=730%2C414&ssl=1","jetpack_sharing_enabled":true,"_links":{"self":[{"href":"https:\/\/www.iceagetv.com\/radiosite\/wp-json\/wp\/v2\/posts\/15475","targetHints":{"allow":["GET"]}}],"collection":[{"href":"https:\/\/www.iceagetv.com\/radiosite\/wp-json\/wp\/v2\/posts"}],"about":[{"href":"https:\/\/www.iceagetv.com\/radiosite\/wp-json\/wp\/v2\/types\/post"}],"author":[{"embeddable":true,"href":"https:\/\/www.iceagetv.com\/radiosite\/wp-json\/wp\/v2\/users\/2"}],"replies":[{"embeddable":true,"href":"https:\/\/www.iceagetv.com\/radiosite\/wp-json\/wp\/v2\/comments?post=15475"}],"version-history":[{"count":1,"href":"https:\/\/www.iceagetv.com\/radiosite\/wp-json\/wp\/v2\/posts\/15475\/revisions"}],"predecessor-version":[{"id":15477,"href":"https:\/\/www.iceagetv.com\/radiosite\/wp-json\/wp\/v2\/posts\/15475\/revisions\/15477"}],"wp:featuredmedia":[{"embeddable":true,"href":"https:\/\/www.iceagetv.com\/radiosite\/wp-json\/wp\/v2\/media\/15476"}],"wp:attachment":[{"href":"https:\/\/www.iceagetv.com\/radiosite\/wp-json\/wp\/v2\/media?parent=15475"}],"wp:term":[{"taxonomy":"category","embeddable":true,"href":"https:\/\/www.iceagetv.com\/radiosite\/wp-json\/wp\/v2\/categories?post=15475"},{"taxonomy":"post_tag","embeddable":true,"href":"https:\/\/www.iceagetv.com\/radiosite\/wp-json\/wp\/v2\/tags?post=15475"}],"curies":[{"name":"wp","href":"https:\/\/api.w.org\/{rel}","templated":true}]}}