{"id":15478,"date":"2020-05-06T08:23:32","date_gmt":"2020-05-06T08:23:32","guid":{"rendered":"http:\/\/www.iceagetv.com\/radiosite\/?p=15478"},"modified":"2020-05-06T08:23:32","modified_gmt":"2020-05-06T08:23:32","slug":"le-senat-vote-la-prolongation-de-letat-durgence-sanitaire-mais-avec-conditions","status":"publish","type":"post","link":"https:\/\/www.iceagetv.com\/radiosite\/le-senat-vote-la-prolongation-de-letat-durgence-sanitaire-mais-avec-conditions\/","title":{"rendered":"Le S\u00e9nat vote la prolongation de l&rsquo;\u00e9tat d&rsquo;urgence sanitaire, mais avec conditions"},"content":{"rendered":"\n<h2 class=\"wp-block-heading\">Le S\u00e9nat a vot\u00e9 un texte qui prolonge l&rsquo;\u00e9tat d&rsquo;urgence sanitaire mais l&rsquo;a largement modifi\u00e9 par rapport \u00e0 celui du gouvernement. Le projet de loi doit maintenant repasser devant l&rsquo;Assembl\u00e9e nationale, dans une course contre la montre avant le 11 mai.<\/h2>\n\n\n\n<p>Le S\u00e9nat a adopt\u00e9 dans la nuit de mardi \u00e0 mercredi le projet de&nbsp;<a href=\"https:\/\/www.bfmtv.com\/politique\/etat-d-urgence-sanitaire-prolongation-jusqu-au-24-juillet-1906217.html\">loi prorogeant l&rsquo;\u00e9tat d&rsquo;urgence sanitaire.<\/a>&nbsp;Mais le texte a \u00e9t\u00e9 largement modifi\u00e9 apr\u00e8s cette premi\u00e8re lecture, avec \u00ab\u00a0des garanties essentielles\u00a0\u00bb en vue du d\u00e9confinement sur le suivi des malades du coronavirus et la responsabilit\u00e9 des maires.<\/p>\n\n\n\n<h3 class=\"wp-block-heading\">Vers une saisine du Conseil constitutionnel<\/h3>\n\n\n\n<p>La chambre haute domin\u00e9e par la droite a adopt\u00e9 le texte par 240 voix pour (LR, LREM, Les Ind\u00e9pendants, et la majorit\u00e9 des groupes Union centriste et RDSE).&nbsp;25 se sont prononc\u00e9s contre (dont les communistes) et 80 se sont abstenus (la plupart des socialistes).&nbsp;<\/p>\n\n\n\n<p>Le texte va maintenant \u00eatre examin\u00e9 \u00e0 l&rsquo;Assembl\u00e9e nationale, mercredi en commission, puis jeudi dans l&rsquo;h\u00e9micycle, en vue d&rsquo;une adoption d\u00e9finitive avant la fin de semaine, dans une course contre la montre avant le d\u00e9confinement lundi prochain. Les s\u00e9nateurs notamment socialistes, inquiets pour les libert\u00e9s publiques, ont annonc\u00e9 une saisine du Conseil constitutionnel.&nbsp;<\/p>\n\n\n\n<blockquote class=\"wp-block-quote is-layout-flow wp-block-quote-is-layout-flow\"><p>\u00ab\u00a0Nous sommes mobilis\u00e9s, d\u00e9termin\u00e9s, pour r\u00e9ussir le d\u00e9confinement, mais nous n&rsquo;accepterons pas de le faire sans garanties\u00a0\u00bb, a pr\u00e9venu le rapporteur LR au S\u00e9nat Philippe Bas.\u00a0<\/p><\/blockquote>\n\n\n\n<h3 class=\"wp-block-heading\">Un \u00ab\u00a0projet de loi d&rsquo;auto-amnistie pr\u00e9ventive\u00a0\u00bb<\/h3>\n\n\n\n<p>Les sept articles du projet de loi visent \u00e0 \u00ab\u00a0conforter le cadre juridique\u00a0\u00bb du r\u00e9gime d\u00e9rogatoire de l&rsquo;\u00e9tat d&rsquo;urgence sanitaire, et \u00e0 \u00ab\u00a0y int\u00e9grer les enjeux du d\u00e9confinement\u00a0\u00bb devant d\u00e9buter le 11 mai, selon le ministre de la Sant\u00e9 Olivier V\u00e9ran.<br>&nbsp;&nbsp; &nbsp;<br>Il pr\u00e9voit ainsi des mesures nouvelles, telle une quarantaine \u00e0 l&rsquo;arriv\u00e9e sur le territoire national dans certains cas, et -mesure la plus discut\u00e9e-,&nbsp;<a href=\"https:\/\/www.bfmtv.com\/mediaplayer\/video\/etat-d-urgence-sanitaire-le-gouvernement-compte-mettre-en-place-le-contact-tracing-1244152.html\">un \u00ab\u00a0syst\u00e8me d&rsquo;information\u00a0\u00bb pour tracer les malades<\/a>&nbsp;et leurs contacts. Le S\u00e9nat a vot\u00e9 la date du 10 juillet pour le terme de la prolongation de l&rsquo;\u00e9tat d&rsquo;urgence, alors que le texte du gouvernement indiquait le 24 juillet.<\/p>\n\n\n\n<blockquote class=\"wp-block-quote is-layout-flow wp-block-quote-is-layout-flow\"><p>\u00ab\u00a0Ca ne fait pas une grande diff\u00e9rence\u00a0\u00bb, selon le chef de file des d\u00e9put\u00e9s LaREM Gilles Le Gendre, qui \u00ab\u00a0ne pense pas que ce soit la derni\u00e8re fois qu&rsquo;on ait \u00e0 prolonger l&rsquo;\u00e9tat d&rsquo;urgence\u00a0\u00bb.&nbsp;<\/p><\/blockquote>\n\n\n\n<p>Contre l&rsquo;avis du gouvernement, le S\u00e9nat a donn\u00e9 un tr\u00e8s large feu vert au dispositif du rapporteur visant \u00e0 am\u00e9nager le r\u00e9gime de responsabilit\u00e9 p\u00e9nale des employeurs, \u00e9lus locaux et fonctionnaires amen\u00e9s \u00e0 prendre des mesures pour la sortie du confinement.<\/p>\n\n\n\n<blockquote class=\"wp-block-quote is-layout-flow wp-block-quote-is-layout-flow\"><p>La pr\u00e9sidente du RN Marine Le Pen y voit un \u00ab\u00a0projet de loi d&rsquo;auto-amnistie pr\u00e9ventive\u00a0\u00bb. \u00ab\u00a0La macronie n&rsquo;a pas tra\u00een\u00e9\u00a0\u00bb, a-t-elle lanc\u00e9 sur Twitter.<\/p><\/blockquote>\n\n\n\n<p>Gilles Le Gendre esp\u00e8re lui \u00ab\u00a0un compromis\u00a0\u00bb: \u00ab\u00a0on ne peut pas ouvrir grand une protection tous risques\u00a0\u00bb. Mardi, les parlementaires ont adopt\u00e9 \u00e0 l&rsquo;unanimit\u00e9 un amendement PS pour que les femmes victimes de violences conjugales ne puissent pas \u00eatre plac\u00e9es en quarantaine ou \u00e0 l&rsquo;isolement avec leur conjoint violent.<\/p>\n\n\n\n<h3 class=\"wp-block-heading\">\u00ab\u00a0Si on n&rsquo;a pas de tracing, on n&rsquo;a pas de d\u00e9confinement\u00a0\u00bb&nbsp;&nbsp;&nbsp;<\/h3>\n\n\n\n<p>Ils ont longuement d\u00e9battu de la possibilit\u00e9 de rouvrir l&rsquo;acc\u00e8s aux plages et for\u00eats, entre \u00ab\u00a0espoir\u00a0\u00bb donn\u00e9 aux Fran\u00e7ais confin\u00e9s, et risque de fournir un nouvel espace au Covid-19.&nbsp;<\/p>\n\n\n\n<p>Dans la soir\u00e9e, le S\u00e9nat a approuv\u00e9 la cr\u00e9ation d&rsquo;un \u00ab\u00a0syst\u00e8me d&rsquo;information\u00a0\u00bb pour identifier les personnes infect\u00e9es par le coronavirus et leurs contacts. Mais en l&rsquo;encadrant strictement: limites \u00e0 la d\u00e9rogation au secret m\u00e9dical, instance de contr\u00f4le et encore droit individuel d&rsquo;opposition dans certains cas.&nbsp;<\/p>\n\n\n\n<blockquote class=\"wp-block-quote is-layout-flow wp-block-quote-is-layout-flow\"><p>\u00ab\u00a0<a href=\"https:\/\/www.bfmtv.com\/tech\/contact-tracing-l-epineuse-question-du-dossier-medical-partage-1907411.html\">Si on n&rsquo;a pas de tracing<\/a>, on n&rsquo;a pas de d\u00e9confinement\u00a0\u00bb \u00e0 partir du 11 mai, afin que les malades s&rsquo;isolent, a pr\u00e9venu le ministre de la Sant\u00e9, oppos\u00e9 \u00e0 certaines des modifications op\u00e9r\u00e9es.<\/p><\/blockquote>\n\n\n\n<p>Les parlementaires ont aussi explicitement exclu que le texte puisse servir de base juridique au d\u00e9ploiement de l&rsquo;application pour smartphones StopCovid. Cette application controvers\u00e9e sera pr\u00eate le 2 juin pour accompagner la deuxi\u00e8me phase du d\u00e9confinement, selon le secr\u00e9taire d&rsquo;Etat au Num\u00e9rique.<\/p>\n\n\n\n<blockquote class=\"wp-block-quote is-layout-flow wp-block-quote-is-layout-flow\"><p>Il n&rsquo;y a pas \u00ab\u00a0pas de lien\u00a0\u00bb entre le projet de loi \u00e0 l&rsquo;examen et StopCovid, a martel\u00e9 Olivier&nbsp;V\u00e9ran.&nbsp;<\/p><\/blockquote>\n\n\n\n<p>Par la voix de Damien Abad, les d\u00e9put\u00e9s LR ont averti mardi qu&rsquo;ils voteraient contre le projet de loi si la r\u00e9\u00e9criture du S\u00e9nat sur le fichier de suivi n&rsquo;\u00e9tait pas retenue. Les communistes jugent eux \u00ab\u00a0largement insuffisants\u00a0\u00bb les apports du S\u00e9nat sur le fichier, pr\u00f4nant l&rsquo;inscription sur la base du volontariat.<\/p>\n\n\n\n<blockquote class=\"wp-block-quote is-layout-flow wp-block-quote-is-layout-flow\"><p><\/p><\/blockquote>\n\n\n\n<blockquote class=\"wp-block-quote is-layout-flow wp-block-quote-is-layout-flow\"><p><\/p><\/blockquote>\n","protected":false},"excerpt":{"rendered":"<p>Le S\u00e9nat a vot\u00e9 un texte qui prolonge l&rsquo;\u00e9tat d&rsquo;urgence sanitaire mais l&rsquo;a largement modifi\u00e9 par rapport \u00e0 celui du gouvernement. Le projet de loi doit maintenant repasser devant l&rsquo;Assembl\u00e9e nationale, dans une course contre la montre avant le 11 mai. Le S\u00e9nat a adopt\u00e9 dans la nuit de mardi \u00e0 mercredi le projet de&nbsp;loi [&hellip;]<\/p>\n","protected":false},"author":2,"featured_media":15479,"comment_status":"open","ping_status":"open","sticky":false,"template":"","format":"standard","meta":{"_jetpack_memberships_contains_paid_content":false,"footnotes":"","jetpack_publicize_message":"","jetpack_publicize_feature_enabled":true,"jetpack_social_post_already_shared":true,"jetpack_social_options":{"image_generator_settings":{"template":"highway","default_image_id":0,"font":"","enabled":false},"version":2},"_wpas_customize_per_network":false},"categories":[405],"tags":[],"class_list":["post-15478","post","type-post","status-publish","format-standard","has-post-thumbnail","hentry","category-actu-france-monde"],"jetpack_publicize_connections":[],"jetpack_featured_media_url":"https:\/\/i0.wp.com\/www.iceagetv.com\/radiosite\/wp-content\/uploads\/2020\/05\/Le-S%C3%A9nat-vote-la-prolongation-de-l%C3%A9tat-durgence-sanitaire-mais-avec-conditions.jpeg?fit=900%2C600&ssl=1","jetpack_sharing_enabled":true,"_links":{"self":[{"href":"https:\/\/www.iceagetv.com\/radiosite\/wp-json\/wp\/v2\/posts\/15478","targetHints":{"allow":["GET"]}}],"collection":[{"href":"https:\/\/www.iceagetv.com\/radiosite\/wp-json\/wp\/v2\/posts"}],"about":[{"href":"https:\/\/www.iceagetv.com\/radiosite\/wp-json\/wp\/v2\/types\/post"}],"author":[{"embeddable":true,"href":"https:\/\/www.iceagetv.com\/radiosite\/wp-json\/wp\/v2\/users\/2"}],"replies":[{"embeddable":true,"href":"https:\/\/www.iceagetv.com\/radiosite\/wp-json\/wp\/v2\/comments?post=15478"}],"version-history":[{"count":1,"href":"https:\/\/www.iceagetv.com\/radiosite\/wp-json\/wp\/v2\/posts\/15478\/revisions"}],"predecessor-version":[{"id":15480,"href":"https:\/\/www.iceagetv.com\/radiosite\/wp-json\/wp\/v2\/posts\/15478\/revisions\/15480"}],"wp:featuredmedia":[{"embeddable":true,"href":"https:\/\/www.iceagetv.com\/radiosite\/wp-json\/wp\/v2\/media\/15479"}],"wp:attachment":[{"href":"https:\/\/www.iceagetv.com\/radiosite\/wp-json\/wp\/v2\/media?parent=15478"}],"wp:term":[{"taxonomy":"category","embeddable":true,"href":"https:\/\/www.iceagetv.com\/radiosite\/wp-json\/wp\/v2\/categories?post=15478"},{"taxonomy":"post_tag","embeddable":true,"href":"https:\/\/www.iceagetv.com\/radiosite\/wp-json\/wp\/v2\/tags?post=15478"}],"curies":[{"name":"wp","href":"https:\/\/api.w.org\/{rel}","templated":true}]}}