{"id":15481,"date":"2020-05-06T09:13:57","date_gmt":"2020-05-06T09:13:57","guid":{"rendered":"http:\/\/www.iceagetv.com\/radiosite\/?p=15481"},"modified":"2020-05-06T09:13:57","modified_gmt":"2020-05-06T09:13:57","slug":"cyclisme-luci-devoile-le-nouveau-calendrier-world-tour-pour-la-fin-de-saison-2020","status":"publish","type":"post","link":"https:\/\/www.iceagetv.com\/radiosite\/cyclisme-luci-devoile-le-nouveau-calendrier-world-tour-pour-la-fin-de-saison-2020\/","title":{"rendered":"Cyclisme  L&rsquo;UCI d\u00e9voile le nouveau calendrier World Tour pour la fin de saison 2020"},"content":{"rendered":"\n<p>L&rsquo;Union cycliste internationale (UCI) a publi\u00e9 ce mardi le nouveau calendrier World Tour, fixant notamment les dates du Tour de France (29\u00a0ao\u00fbt-20\u00a0septembre), du Giro (4-25 octobre) et de la Vuelta (20\u00a0octobre-8\u00a0novembre).<\/p>\n\n\n\n<p>Attendu mercredi dernier,&nbsp;<a href=\"https:\/\/www.lequipe.fr\/Cyclisme-sur-route\/Actualites\/L-uci-reporte-la-sortie-du-calendrier-du-world-tour-au-mardi-5-mai\/1130713\" target=\"_blank\" rel=\"noreferrer noopener\">le nouveau calendrier World Tour<\/a>&nbsp;s&rsquo;est fait attendre. Il a fallu que l&rsquo;UCI s&rsquo;adapte aux mesures prises par certains gouvernements europ\u00e9ens en mati\u00e8re de restriction des \u00e9v\u00e9nements sportifs, et attende la r\u00e9union du Conseil du cyclisme professionnel (CCP) ce mardi, pour enfin valider les dates d&rsquo;une saison&nbsp;<a href=\"https:\/\/www.lequipe.fr\/Cyclisme-sur-route\/Article\/Alors-que-la-premiere-partie-de-saison-s-acheve-avec-le-paris-nice-une-parenthese-s-ouvre\/1119885\" target=\"_blank\" rel=\"noreferrer noopener\">brutalement stopp\u00e9e \u00e0 l&rsquo;issue du dernier Paris-Nice<\/a>&nbsp;en raison de la pand\u00e9mie du coronavirus.<\/p>\n\n\n\n<h3 class=\"wp-block-heading\">Le Giro et la Vuelta se chevauchent<\/h3>\n\n\n\n<p>Jusqu&rsquo;alors, les seules dates valid\u00e9es \u00e9taient&nbsp;<a href=\"https:\/\/www.lequipe.fr\/Cyclisme-sur-route\/Actualites\/Le-tour-de-france-2020-reporte-du-29-aout-au-20-septembre\/1127385\" target=\"_blank\" rel=\"noreferrer noopener\">celles du Tour de France (29&nbsp;ao\u00fbt au 20&nbsp;septembre)<\/a>&nbsp;et des Mondiaux sur route en Suisse,&nbsp;<a href=\"https:\/\/www.lequipe.fr\/Cyclisme-sur-route\/Actualites\/La-course-en-ligne-des-mondiaux-sur-route-maintenue-le-27-septembre\/1127340\" target=\"_blank\" rel=\"noreferrer noopener\">dont la course en ligne \u00e9tait pr\u00e9vue le 27&nbsp;septembre<\/a>. \u00c0 celles-ci, confirm\u00e9es par l&rsquo;UCI, s&rsquo;ajoutent d\u00e9sormais celles des deux autres grands Tours&nbsp;: le Giro, qui d\u00e9butera deux semaines apr\u00e8s la fin du Tour (4-25 octobre), et la Vuelta (20&nbsp;octobre-8&nbsp;novembre), sous un format in\u00e9dit puisqu&rsquo;elle d\u00e9butera durant la derni\u00e8re semaine du Tour d&rsquo;Italie et qu&rsquo;elle ne sera compos\u00e9e que de 18 \u00e9tapes,&nbsp;<a href=\"https:\/\/www.lequipe.fr\/Cyclisme-sur-route\/Actualites\/La-vuelta-ne-partira-pas-des-pays-bas\/1130601\" target=\"_blank\" rel=\"noreferrer noopener\">le grand d\u00e9part aux Pays-Bas ayant \u00e9t\u00e9 annul\u00e9<\/a>.<\/p>\n\n\n\n<p> Si les conditions sanitaires le permettent, la saison cycliste reprendra le 1er\u00a0ao\u00fbt avec les Strade Bianche, et Milan-San Remo se tiendra une semaine plus tard, deux \u00e9preuves dont Julian Alaphilippe est le tenant du titre. Deux courses \u00e0 \u00e9tapes pourront faire office de pr\u00e9paration au Tour de France\u00a0: le Tour de Pologne (5-9 ao\u00fbt) et le Crit\u00e9rium du Dauphin\u00e9 (12-16 ao\u00fbt), tous deux r\u00e9duits \u00e0 cinq \u00e9tapes. <\/p>\n\n\n\n<h3 class=\"wp-block-heading\">Les principales dates du nouveau calendrier World Tour<\/h3>\n\n\n\n<p>1er&nbsp;ao\u00fbt&nbsp;: Strade Bianche<br>5-9 ao\u00fbt&nbsp;: Tour de Pologne<br><em>8&nbsp;ao\u00fbt&nbsp;: Milan-San Remo<\/em><br>12-16 ao\u00fbt&nbsp;: Dauphin\u00e9<br>16&nbsp;ao\u00fbt&nbsp;: RideLondon-Surrey Classic<br>25&nbsp;ao\u00fbt&nbsp;: Bretagne Classic<br><strong>29&nbsp;ao\u00fbt-20&nbsp;septembre&nbsp;: Tour de France<\/strong><br>8-14 septembre&nbsp;: Tirreno-Adriatico<br>11&nbsp;septembre&nbsp;: GP de Qu\u00e9bec<br>13&nbsp;septembre&nbsp;: GP de Montr\u00e9al<br>23&nbsp;septembre&nbsp;: Mondial Chrono<br>27&nbsp;septembre&nbsp;: Mondial Course en ligne<br>29&nbsp;septembre-4&nbsp;octobre&nbsp;: BinckBank Tour<br>30&nbsp;septembre&nbsp;: Fl\u00e8che Wallonne<br><em>4&nbsp;octobre&nbsp;: Li\u00e8ge-Bastogne-Li\u00e8ge<\/em><br><strong>4-25 octobre&nbsp;: Giro<\/strong>&nbsp;<br>10&nbsp;octobre&nbsp;: Amstel Gold Race<br>11&nbsp;octobre&nbsp;: Gand-Wevelgem<br>14&nbsp;octobre&nbsp;: \u00c0 Travers la Flandre<br>15-20 octobre&nbsp;: Tour du Guangxi<br><em>18&nbsp;octobre&nbsp;: Tour des Flandres<\/em><br><strong>20&nbsp;octobre-8&nbsp;novembre&nbsp;: Vuelta<\/strong><br>21&nbsp;octobre&nbsp;: Trois Jours de Bruges-La Panne<br><em>25&nbsp;octobre&nbsp;: Paris-Roubaix<\/em><br><em>31&nbsp;octobre&nbsp;: Tour de Lombardie<\/em><\/p>\n\n\n\n<p><\/p>\n","protected":false},"excerpt":{"rendered":"<p>L&rsquo;Union cycliste internationale (UCI) a publi\u00e9 ce mardi le nouveau calendrier World Tour, fixant notamment les dates du Tour de France (29\u00a0ao\u00fbt-20\u00a0septembre), du Giro (4-25 octobre) et de la Vuelta (20\u00a0octobre-8\u00a0novembre). Attendu mercredi dernier,&nbsp;le nouveau calendrier World Tour&nbsp;s&rsquo;est fait attendre. Il a fallu que l&rsquo;UCI s&rsquo;adapte aux mesures prises par certains gouvernements europ\u00e9ens en mati\u00e8re [&hellip;]<\/p>\n","protected":false},"author":2,"featured_media":15482,"comment_status":"open","ping_status":"open","sticky":false,"template":"","format":"standard","meta":{"_jetpack_memberships_contains_paid_content":false,"footnotes":"","jetpack_publicize_message":"","jetpack_publicize_feature_enabled":true,"jetpack_social_post_already_shared":true,"jetpack_social_options":{"image_generator_settings":{"template":"highway","default_image_id":0,"font":"","enabled":false},"version":2},"_wpas_customize_per_network":false},"categories":[18],"tags":[],"class_list":["post-15481","post","type-post","status-publish","format-standard","has-post-thumbnail","hentry","category-actu-sport"],"jetpack_publicize_connections":[],"jetpack_featured_media_url":"https:\/\/i0.wp.com\/www.iceagetv.com\/radiosite\/wp-content\/uploads\/2020\/05\/World-Tour-pour-la-fin-de-saison-2020.png?fit=675%2C450&ssl=1","jetpack_sharing_enabled":true,"_links":{"self":[{"href":"https:\/\/www.iceagetv.com\/radiosite\/wp-json\/wp\/v2\/posts\/15481","targetHints":{"allow":["GET"]}}],"collection":[{"href":"https:\/\/www.iceagetv.com\/radiosite\/wp-json\/wp\/v2\/posts"}],"about":[{"href":"https:\/\/www.iceagetv.com\/radiosite\/wp-json\/wp\/v2\/types\/post"}],"author":[{"embeddable":true,"href":"https:\/\/www.iceagetv.com\/radiosite\/wp-json\/wp\/v2\/users\/2"}],"replies":[{"embeddable":true,"href":"https:\/\/www.iceagetv.com\/radiosite\/wp-json\/wp\/v2\/comments?post=15481"}],"version-history":[{"count":1,"href":"https:\/\/www.iceagetv.com\/radiosite\/wp-json\/wp\/v2\/posts\/15481\/revisions"}],"predecessor-version":[{"id":15483,"href":"https:\/\/www.iceagetv.com\/radiosite\/wp-json\/wp\/v2\/posts\/15481\/revisions\/15483"}],"wp:featuredmedia":[{"embeddable":true,"href":"https:\/\/www.iceagetv.com\/radiosite\/wp-json\/wp\/v2\/media\/15482"}],"wp:attachment":[{"href":"https:\/\/www.iceagetv.com\/radiosite\/wp-json\/wp\/v2\/media?parent=15481"}],"wp:term":[{"taxonomy":"category","embeddable":true,"href":"https:\/\/www.iceagetv.com\/radiosite\/wp-json\/wp\/v2\/categories?post=15481"},{"taxonomy":"post_tag","embeddable":true,"href":"https:\/\/www.iceagetv.com\/radiosite\/wp-json\/wp\/v2\/tags?post=15481"}],"curies":[{"name":"wp","href":"https:\/\/api.w.org\/{rel}","templated":true}]}}