{"id":15484,"date":"2020-05-06T14:43:02","date_gmt":"2020-05-06T14:43:02","guid":{"rendered":"http:\/\/www.iceagetv.com\/radiosite\/?p=15484"},"modified":"2020-05-06T14:43:02","modified_gmt":"2020-05-06T14:43:02","slug":"le-ministre-de-linterieur-christophe-castaner-promet-que-chaque-francais-qui-en-aura-besoin-aura-la-capacite-de-sapprovisionner-en-masques-des-lundi","status":"publish","type":"post","link":"https:\/\/www.iceagetv.com\/radiosite\/le-ministre-de-linterieur-christophe-castaner-promet-que-chaque-francais-qui-en-aura-besoin-aura-la-capacite-de-sapprovisionner-en-masques-des-lundi\/","title":{"rendered":"Le Ministre de l&rsquo;Int\u00e9rieur, Christophe Castaner, promet que \u00ab\u00a0chaque Fran\u00e7ais qui en aura besoin, aura la capacit\u00e9 de s&rsquo;approvisionner en masques d\u00e8s lundi\u00a0\u00bb"},"content":{"rendered":"\n<p>\u00ab\u00a0Chaque Fran\u00e7ais qui en aura besoin, aura la capacit\u00e9 de s&rsquo;approvisionner en masques\u00a0\u00bb, a promis le ministre de l&rsquo;Int\u00e9rieur en visite dans une usine sp\u00e9cialis\u00e9e dans la production de filtres reconvertie dans celle de masques dit grand public, \u00e0 Ann\u0153ullin dans les Hauts-de-France.<\/p>\n\n\n\n<p>\u00ab\u00a0Il ne s&rsquo;agit pas de porter le masque tout le temps\u00a0\u00bb, a-t-il soulign\u00e9 mais \u00ab\u00a0dans les moments qui sont n\u00e9cessaires\u00a0\u00bb, par exemple dans les transports en commun, o\u00f9 ils seront obligatoires comme le pr\u00e9voit le projet de loi sur l&rsquo;\u00e9tat d&rsquo;urgence sanitaire actuellement discut\u00e9 au Parlement. L&rsquo;usine Willmark visit\u00e9e par le ministre fournit notamment, des masques au minist\u00e8re de l&rsquo;Int\u00e9rieur qui a pour mission de redistribuer ces moyens de protection \u00e0 l&rsquo;ensemble des fonctionnaires d&rsquo;Etat &#8211; \u00e0 l&rsquo;exception des personnels de Sant\u00e9 et de l&rsquo;Education nationale pris en charge par leurs propres minist\u00e8res &#8211; mais aussi pour \u00ab\u00a0les publics en pr\u00e9carit\u00e9\u00a0\u00bb identifi\u00e9s en lien avec les centres communaux d&rsquo;action sociale (CCAS), les communes et les associations.<\/p>\n\n\n\n<p>Environ 40.000 masques dits grand public sont fabriqu\u00e9s et cousus dans cette usine, quotidiennement. Confectionn\u00e9s en tissu (feutre et polyester), ils peuvent \u00eatre lav\u00e9s 10 fois.<\/p>\n\n\n\n<p>La production qui s&rsquo;est r\u00e9orient\u00e9e vers la fabrication de masques depuis la mi-mars, illustre selon Christophe Castaner, les efforts consentis par les entreprises fran\u00e7aises pour parvenir \u00e0 une autonomie nationale, envisag\u00e9e pour octobre. Le ministre a au cours de sa visite, pr\u00e9cis\u00e9 que 1,3 milliard de masques avaient \u00e9t\u00e9 import\u00e9s en France \u00ab\u00a0depuis le d\u00e9but de la crise\u00a0\u00bb. Revenant sur les mesures du d\u00e9confinement, le ministre a encore une fois rappel\u00e9 que \u00ab\u00a0nous ne vivrons pas dans les semaines qui viennent comme avant\u00a0\u00bb.<\/p>\n","protected":false},"excerpt":{"rendered":"<p>\u00ab\u00a0Chaque Fran\u00e7ais qui en aura besoin, aura la capacit\u00e9 de s&rsquo;approvisionner en masques\u00a0\u00bb, a promis le ministre de l&rsquo;Int\u00e9rieur en visite dans une usine sp\u00e9cialis\u00e9e dans la production de filtres reconvertie dans celle de masques dit grand public, \u00e0 Ann\u0153ullin dans les Hauts-de-France. \u00ab\u00a0Il ne s&rsquo;agit pas de porter le masque tout le temps\u00a0\u00bb, a-t-il [&hellip;]<\/p>\n","protected":false},"author":2,"featured_media":15485,"comment_status":"open","ping_status":"open","sticky":false,"template":"","format":"standard","meta":{"_jetpack_memberships_contains_paid_content":false,"footnotes":"","jetpack_publicize_message":"","jetpack_publicize_feature_enabled":true,"jetpack_social_post_already_shared":true,"jetpack_social_options":{"image_generator_settings":{"template":"highway","default_image_id":0,"font":"","enabled":false},"version":2},"_wpas_customize_per_network":false},"categories":[405],"tags":[],"class_list":["post-15484","post","type-post","status-publish","format-standard","has-post-thumbnail","hentry","category-actu-france-monde"],"jetpack_publicize_connections":[],"jetpack_featured_media_url":"https:\/\/i0.wp.com\/www.iceagetv.com\/radiosite\/wp-content\/uploads\/2020\/05\/Promet-que-chaque-Fran%C3%A7ais-qui-en-aura-besoin-aura-la-capacit%C3%A9-de-sapprovisionner-en-masques-d%C3%A8s-lundi.png?fit=197%2C81&ssl=1","jetpack_sharing_enabled":true,"_links":{"self":[{"href":"https:\/\/www.iceagetv.com\/radiosite\/wp-json\/wp\/v2\/posts\/15484","targetHints":{"allow":["GET"]}}],"collection":[{"href":"https:\/\/www.iceagetv.com\/radiosite\/wp-json\/wp\/v2\/posts"}],"about":[{"href":"https:\/\/www.iceagetv.com\/radiosite\/wp-json\/wp\/v2\/types\/post"}],"author":[{"embeddable":true,"href":"https:\/\/www.iceagetv.com\/radiosite\/wp-json\/wp\/v2\/users\/2"}],"replies":[{"embeddable":true,"href":"https:\/\/www.iceagetv.com\/radiosite\/wp-json\/wp\/v2\/comments?post=15484"}],"version-history":[{"count":1,"href":"https:\/\/www.iceagetv.com\/radiosite\/wp-json\/wp\/v2\/posts\/15484\/revisions"}],"predecessor-version":[{"id":15486,"href":"https:\/\/www.iceagetv.com\/radiosite\/wp-json\/wp\/v2\/posts\/15484\/revisions\/15486"}],"wp:featuredmedia":[{"embeddable":true,"href":"https:\/\/www.iceagetv.com\/radiosite\/wp-json\/wp\/v2\/media\/15485"}],"wp:attachment":[{"href":"https:\/\/www.iceagetv.com\/radiosite\/wp-json\/wp\/v2\/media?parent=15484"}],"wp:term":[{"taxonomy":"category","embeddable":true,"href":"https:\/\/www.iceagetv.com\/radiosite\/wp-json\/wp\/v2\/categories?post=15484"},{"taxonomy":"post_tag","embeddable":true,"href":"https:\/\/www.iceagetv.com\/radiosite\/wp-json\/wp\/v2\/tags?post=15484"}],"curies":[{"name":"wp","href":"https:\/\/api.w.org\/{rel}","templated":true}]}}