{"id":15499,"date":"2020-05-07T15:31:46","date_gmt":"2020-05-07T15:31:46","guid":{"rendered":"http:\/\/www.iceagetv.com\/radiosite\/?p=15499"},"modified":"2020-05-07T15:31:46","modified_gmt":"2020-05-07T15:31:46","slug":"deconfinement-la-levee-progressive-du-confinement-peut-etre-engagee-annonce-philippe","status":"publish","type":"post","link":"https:\/\/www.iceagetv.com\/radiosite\/deconfinement-la-levee-progressive-du-confinement-peut-etre-engagee-annonce-philippe\/","title":{"rendered":"D\u00e9confinement : \u00ab\u00a0La lev\u00e9e progressive du confinement peut \u00eatre engag\u00e9e\u00a0\u00bb, annonce Philippe"},"content":{"rendered":"\n<p>La derni\u00e8re ligne droite avant le d\u00e9confinement. \u00c9douard Philippe a d\u00e9voil\u00e9, ce jeudi 7 mai, les d\u00e9tails et les ajustements op\u00e9r\u00e9s concernant la premi\u00e8re phase de sortie du confinement. Apr\u00e8s avoir expliqu\u00e9\u00a0<a href=\"https:\/\/www.rtl.fr\/actu\/politique\/coronavirus-ecoles-tests-masques-ce-qu-il-faut-retenir-du-discours-d-edouard-philippe-7800453784\">devant le Parlement<\/a>, la vision du gouvernement sur le sujet, le Premier ministre entre dans le dur avec un point de \u00ab\u00a0pr\u00e9paration\u00a0\u00bb, tenu depuis\u00a0<a href=\"https:\/\/www.rtl.fr\/sujet\/matignon\">Matignon<\/a>.\u00a0<\/p>\n\n\n\n<p>La r\u00e9ouverture progressive&nbsp;<strong>des \u00e9coles<\/strong>&nbsp;reste encore floue pour les maires et les parents d&rsquo;\u00e9l\u00e8ves, de m\u00eame pour l&rsquo;utilisation&nbsp;<strong>des transports en commun<\/strong>&nbsp;avec ou sans attestation et enfin&nbsp;<strong>quid des d\u00e9placements au-del\u00e0 des 100 kilom\u00e8tres ?<\/strong>&nbsp;<\/p>\n\n\n\n<p>Le chef du gouvernement a aussi communiqu\u00e9\u00a0<a href=\"https:\/\/www.rtl.fr\/actu\/bien-etre\/deconfinement-voici-la-carte-definitive-des-departements-en-rouge-ou-en-vert-7800490087\">la liste des d\u00e9partements class\u00e9s en rouge ou en vert<\/a>, couleur dont d\u00e9pendra les r\u00e8gles de confinements. Les d\u00e9partements rouges correspondent \u00e0 ceux o\u00f9 le virus circule de fa\u00e7on virulente et o\u00f9 les h\u00f4pitaux sont encore sous une forte pression.\u00a0 <strong>\u00a0Le gouvernement envisage-t-il un plan de reconfinement ?\u00a0<\/strong><br><br>\u00ab\u00a0Nous l\u2019envisageons. Nous devons tout envisager, nous pr\u00e9f\u00e9rons ne pas en arriver l\u00e0. Le moment du d\u00e9clenchement de cette mesure d\u00e9pendrait de beaucoup de facteurs, mais tout ce que nous allons faire \u00e0 pour objet d&rsquo;\u00e9viter cette extr\u00e9mit\u00e9\u00a0\u00bb, a r\u00e9pondu le premier ministre.\u00a0<br><br>Lors de son audition au S\u00e9nat,\u00a0<a href=\"https:\/\/www.rtl.fr\/actu\/politique\/coronavirus-castex-a-propose-qu-un-plan-de-reconfinement-soit-prepare-7800485142\">Jean Castex, le \u00ab\u00a0monsieur d\u00e9confinement\u00a0\u00bb avait indiqu\u00e9 avoir pr\u00e9par\u00e9 un \u00ab\u00a0plan de reconfinement\u00a0\u00bb<\/a>, pour faire face \u00e0 l&rsquo;\u00e9ventualit\u00e9 d&rsquo;un rebond de l&rsquo;\u00e9pid\u00e9mie de coronavirus.\u00a0  <strong>Place aux questions des journalistes.\u00a0<\/strong><br><br><strong>Est-ce qu&rsquo;il y aura une France \u00e0 deux vitesses \u00e0 partir de lundi ?<\/strong>\u00a0\u00ab\u00a0Il n&rsquo;y a qu&rsquo;une seule France, r\u00e9pond Edouard Philippe. Partout la vigilance s&rsquo;impose. Nous ne pouvons pas faire les malins avec le virus. Dans les d\u00e9partements verts, la situation est objectivement\u00a0meilleure. Dans les d\u00e9partements rouges, il faut faire particuli\u00e8rement attention. Mais la distinction entre vert et rouge aura peut-\u00eatre vocation \u00e0 s&rsquo;accentuer \u00e0 partir du mois de juin\u00a0\u00bb, r\u00e9pond le premier ministre.  Lundi prochain sera le premier jour d&rsquo;une phase nouvelle. Ce ne sera pas une vie normale, mais le d\u00e9but de cette nouvelle phase. Elle demandera de la part de chacun de la discipline. C&rsquo;est dans la dur\u00e9e que nous r\u00e9ussirons \u00e0 ma\u00eetriser l&rsquo;\u00e9pid\u00e9mie.\u00a0<strong>Le d\u00e9confinement progressif ne doit pas \u00eatre le signe ou la marque du rel\u00e2chement de notre vigilance<\/strong>\u00ab\u00a0, conclut le premier ministre  Dans trois semaines, nous saurons pr\u00e9cis\u00e9ment o\u00f9 nous en sommes, si nous avons r\u00e9ussi ou non \u00e0 contenir l&rsquo;\u00e9pid\u00e9mie\u00a0\u00bb, explique Edouard Philippe qui met en garde contre un rebond de l&rsquo;\u00e9pid\u00e9mie.\u00a0<br><br>\u00ab\u00a0Si ces nombres, et si ces chiffres restent bas, nous pourrons nous f\u00e9liciter et passer \u00e0 une nouvelle phase \u00e9largissant nos espaces de libert\u00e9s dans de nombreux domaines particuli\u00e8rement importants pour l&rsquo;Etat qui vient. Si ce n&rsquo;est pas le cas, nous en tirerons les cons\u00e9quences et nous nous adapterons. Je souhaite \u00e9videmment \u00e0 tout prix \u00e9viter cette hypoth\u00e8se, mais il ne serait pas et ne serait pas raisonnable de ne pas l&rsquo;\u00e9voquer\u00a0\u00bb, a ajout\u00e9 le premier ministre  <strong>Muriel P\u00e9nicaud est la derni\u00e8re \u00e0 s&rsquo;exprimer.\u00a0<\/strong><br><br><strong>\u00ab\u00a0La sant\u00e9 des salari\u00e9s n&rsquo;a jamais \u00e9t\u00e9 et ne sera jamais une variable d&rsquo;ajustement\u00a0\u00bb, explique la ministre du Travail<\/strong>  <strong>Bruno Le Maire succ\u00e8de au ministre de l&rsquo;Int\u00e9rieur et prend place derri\u00e8re le pupitre.\u00a0<\/strong><br><br>\u00ab\u00a0Le 11 mai, ce sont 400.000 entreprises, repr\u00e9sentant 875.000 salari\u00e9s qui vont rouvrir (&#8230;) C&rsquo;est la vie sociale et \u00e9conomique qui va pouvoir red\u00e9marrer. Pour les centres commerciaux, il pourront rouvrir en accord avec les pr\u00e9fets sauf en \u00cele-de-France (&#8230;) S&rsquo;agissant des secteurs qui tournaient au ralenti, il faut profiter de ce 11 mai pour relancer l&rsquo;activit\u00e9 (&#8230;) L&rsquo;Etat sera aux c\u00f4t\u00e9s des entrepreneurs, l&rsquo;Etat est pr\u00e9sent depuis le d\u00e9but et continuera d&rsquo;\u00eatre pr\u00e9sent. Nous maintiendrons le fonds de solidarit\u00e9 jusqu&rsquo;\u00e0 la fin du mois de mai\u00a0\u00bb, explique le ministre de l&rsquo;Economie.\u00a0 <\/p>\n\n\n\n<p><strong>Christophe Castaner prend \u00e0 son tour la parole.<\/strong><\/p>\n\n\n\n<p>\u00ab\u00a0Le virus ne se d\u00e9place pas tout seul et nous devons continuer \u00e0 lutter contre la circulation de ce virus. Les infractions \u00e0 ces r\u00e8gles continueront d&rsquo;\u00eatre sanctionn\u00e9es\u00a0\u00bb, explique le ministre de l&rsquo;Int\u00e9rieur qui rappelle qu&rsquo;elle s&rsquo;\u00e9l\u00e8ve \u00e0 135 euros.&nbsp;<\/p>\n\n\n\n<p> <strong>Christophe Castaner pr\u00e9cise que la r\u00e8gle des 100 km de rayon maximal de d\u00e9placement ne s\u2019applique que lorsque l&rsquo;on quitte son d\u00e9partement.<\/strong><br><br>Autre annonce :\u00a0les plages pourront rouvrir au cas par cas \u00e0 la demande des maires mais selon des conditions d\u00e9finies par les pr\u00e9fets <\/p>\n\n\n\n<p><strong>Elisabeth Borne s&rsquo;exprimer pour donner le plan de d\u00e9confinement en ce qui concerne les transports<\/strong><\/p>\n\n\n\n<p>\u00ab\u00a0L&rsquo;objectif est d&rsquo;augmenter l&rsquo;offre le plus vite possible et de ma\u00eetriser fortement la demande pour faciliter le respect de la distanciation physique. D\u00e8s le 11 mai, l&rsquo;offre de transports augmentera nettement avec un minium de 50% des capacit\u00e9s actuelles. Pour&nbsp;l\u2019\u00cele-de-France, nous visons une augmentation plus forte encore. La RATP aura une offre de 70%\u00a0\u00bb, annonce la ministre de la Transition \u00e9cologique et solidaire.&nbsp;<\/p>\n\n\n\n<p>Elisabeth Borne confirme que le port du masque sera obligatoire dans les transports. Et d&rsquo;ajouter que l&rsquo;acc\u00e8s aux transports en \u00cele-de-France sera r\u00e9serv\u00e9 aux heures de pointe<strong>&nbsp;avec une attestation professionnelle<\/strong>.<\/p>\n\n\n\n<p>Pour&nbsp;<strong>les trajets en voiture<\/strong>, \u00ab\u00a0le trafic automobile et les risques de bouchons pourraient g\u00e9n\u00e9rer des pics de pollution et des blocages des axes routiers. Le covoiturage et les mobilit\u00e9s alternatives \u00e0 la voiture sont donc encourag\u00e9s. C&rsquo;est notamment le sens du plan v\u00e9lo que nous avons pr\u00e9sent\u00e9 pour favoriser sa pratique pendant le d\u00e9confinement\u00a0\u00bb, explique la ministre.<\/p>\n\n\n\n<p><strong>Pour les d\u00e9placements interr\u00e9gionaux :\u00a0<\/strong>\u00ab\u00a0\u00c0 la diff\u00e9rence des transports en milieu urbain, l&rsquo;offre sera volontairement r\u00e9duite. Pour les TGV et Intercit\u00e9s, nous passerons \u00e0 20 \u00e0 30% de l&rsquo;offre le 11 mai, pour atteindre au maximum 40% de l&rsquo;offre habituelle fin mai. Les r\u00e9servations seront obligatoires avec des modalit\u00e9s adapt\u00e9es selon le type de train et l&rsquo;occupation des trains sera plafonn\u00e9e \u00e0 50 % du total des places\u00a0\u00bb.<br><br><strong>16h33 &#8211; Jean-Michel Blanquer prend \u00e0 pr\u00e9sent la parole.\u00a0<\/strong>Le ministre de l&rsquo;Education a rappel\u00e9 que la r\u00e9ouverture des \u00e9coles est une d\u00e9cision qui \u00ab\u00a0ob\u00e9it \u00e0 un imp\u00e9ratif p\u00e9dagogique et un imp\u00e9ratif social\u00a0\u00bb.<br><br>\u00ab\u00a0Entre 87 et 90% des communes ont pr\u00e9par\u00e9 une rentr\u00e9e pour lundi prochain\u00a0\u00bb, annonce le ministre de l&rsquo;Education. Edouard Philippe ajoute que dans les \u00ab\u00a0d\u00e9partements verts\u00a0\u00bb, les coll\u00e8ges pourront rouvrir d\u00e8s le 18 mai.\u00a0<br><br><strong>Lundi 11 mai, ce seront tous les professeurs des \u00e9coles qui feront une pr\u00e9-rentr\u00e9e. \u00ab\u00a0Parfois la pr\u00e9-rentr\u00e9e dura le mardi 12 mai. Nous n&rsquo;allons pas accueillir les \u00e9l\u00e8ves tous en m\u00eame temps\u00a0\u00bb.<\/strong> Nous annon\u00e7ons que tous les personnels des Ehpad de France et quel que soit leur statut,\u00a0<strong>une prime de 1.500 euros pour les d\u00e9partements o\u00f9 l&rsquo;\u00e9pid\u00e9mie a \u00e9t\u00e9 la plus forte et de 1.000 euros ailleurs.\u00a0<\/strong>Elle sera vers\u00e9e dans les prochaines semaine et sera d\u00e9fiscalis\u00e9e\u00a0\u00bb, annonce le ministre.  <strong>Olivier V\u00e9ran d\u00e9taille la proc\u00e9dure \u00e0 suivre une fois que vous avez fait un test.\u00a0<\/strong>Si vous partagez votre logement, il est conseill\u00e9 de \u00ab\u00a0rester dans une pi\u00e8ce sp\u00e9cifique\u00a0\u00bb, d'\u00a0\u00bba\u00e9rer\u00a0\u00bb, de \u00ab\u00a0d\u00e9sinfecter quotidiennement les surfaces fr\u00e9quemment touch\u00e9es\u00a0\u00bb. Il pourra \u00eatre n\u00e9cessaire de \u00ab\u00a0porter fr\u00e9quemment un masque, si vous \u00eates avec votre conjoint\u00a0\u00bb. \u00ab\u00a0Dans ce cas, les masques seront pris en charge par l&rsquo;assurance maladie\u00a0\u00bb, explique-t-il.  <strong>Si vous pr\u00e9sentez des sympt\u00f4mes \u00e9vocateurs d&rsquo;une infection au Covid-19<\/strong>\u00a0(&#8230;) il faut agir ! N&rsquo;attendez pas que cela passe. Contactez imm\u00e9diatement votre m\u00e9decin ou contactez le 15 pour qu&rsquo;il vous oriente vers un m\u00e9decin disponible.\u00a0<strong>Il vous posera alors des questions et vous prescrira, s&rsquo;il estime n\u00e9cessaire, un test de d\u00e9pistage<\/strong>\u00ab\u00a0, explique Olivier V\u00e9ran qui ajoute que \u00ab\u00a0ce test est rembours\u00e9 \u00e0 100% par l&rsquo;assurance maladie\u00a0\u00bb.  <strong>Le ministre de la Sant\u00e9 d\u00e9voile la carte des d\u00e9partements en rouge ou en vert en vue du d\u00e9confinement<\/strong>  <strong>Tous les d\u00e9partements de quatre r\u00e9gions restent en rouge, l\u2019\u00cele-de-France, les Hauts de France, Bourgogne-Franche-Comt\u00e9 et Grand-Est (&#8230;) Nous appelons les entreprises \u00e0 recourir au maximum au t\u00e9l\u00e9travail\u00a0\u00bb.<\/strong><br><br>Le ministre de la Sant\u00e9 adresse un message aux habitants de l\u2019\u00cele-de-France. Il sera n\u00e9cessaire de \u00ab\u00a0limiter leurs d\u00e9placements au strict n\u00e9cessaire et l&rsquo;ensemble de la population \u00e0 appliquer encore plus scrupuleusement les gestes barri\u00e8res\u00a0\u00bb  La France est pr\u00eate pour tester massivement\u00a0\u00bb, d\u00e9clare Olivier V\u00e9ran. \u00ab\u00a0Les territoires seront dans leur totalit\u00e9 en capacit\u00e9 de tester largement\u00a0\u00bb, ajoute-t-il  <strong>\u00a0Le premier ministre passe la parole au ministre de la Sant\u00e9 Olivier V\u00e9ran qui va apporter des pr\u00e9cisions au plan de d\u00e9confinement<\/strong><br><br>Olivier V\u00e9ran pr\u00e9sente la carte d\u00e9finitive de la circulation du virus sur le territoire et du niveau de saturation dans les h\u00f4pitaux. \u00ab\u00a0Si votre d\u00e9partement est en rouge, ce n&rsquo;est ni une punition, ni une mauvaise note. Le premier indicateur est celui de la circulation active du virus et le deuxi\u00e8me indicateur est celui de la tension hospitali\u00e8re sur les capacit\u00e9s de r\u00e9animation\u00a0\u00bb  <strong>Edouard Philippe aborde ensuite le sujet des transports en commun.\u00a0<\/strong><br><br>\u00ab\u00a0Nous allons, au moins les 3 premi\u00e8res semaines, imposer\u00a0<a href=\"https:\/\/www.rtl.fr\/actu\/debats-societe\/deconfinement-en-ile-de-france-paris-philippe-annonce-des-regles-tres-strictes-dans-les-transports-7800490235\">des r\u00e8gles tr\u00e8s strictes dans les transports en commun<\/a>\u00a0pour ne pas qu&rsquo;ils se transforment en vecteur de la maladie\u00a0\u00bb, pr\u00e9cise-t-il en rappelant une nouvelle fois que nous allons devoir apprendre \u00e0 vivre avec le coronavirus  Edouard Philippe ajoute : \u00ab\u00a0Je veux dire \u00e0 toutes les personnes qui se savent vuln\u00e9rables (&#8230;) continuer pour votre s\u00e9curit\u00e9 et celles des autres, continuez \u00e0 observer de fa\u00e7on volontaire les r\u00e8gles de prudence tr\u00e8s strictes qui ressemblent \u00e0 celles des deux derniers mois. Il ne s&rsquo;agit pas d&rsquo;ordonner mais de vous dire qu&rsquo;il vous revient d&rsquo;\u00eatre prudent lorsque vous sortez ou recevez chez vous vos familles et vos amis\u00a0\u00bb.\u00a0 <\/p>\n\n\n\n<p><strong>Edouard Philippe confirme ainsi la date du 11 mai pour d\u00e9buter le d\u00e9confinement.&nbsp;<\/strong><\/p>\n\n\n\n<p>\u00ab\u00a0Nous y sommes. Il y a aujourd&rsquo;hui une bonne nouvelle et une moins bonne. La bonne nouvelle, c&rsquo;est que nous sommes en mesure de valider le d\u00e9confinement sur tout le territoire m\u00e9tropolitain. La moins bonne nouvelle, c&rsquo;est que certains des d\u00e9partements ont de moins bons r\u00e9sultats. La France est partag\u00e9e en deux\u00a0\u00bb, explique le chef du gouvernement.&nbsp;<\/p>\n\n\n\n<p>Pour les d\u00e9partements en rouge, o\u00f9 le virus circule activement, \u00ab\u00a0le d\u00e9confinement est possible, avec certaines restrictions : pas d&rsquo;ouverture des coll\u00e8ges, pas d&rsquo;ouvertures des parcs\u00a0\u00bb.<\/p>\n\n\n\n<p>En \u00cele-de-France, \u00ab\u00a0le nombre de cas baisse s\u00fbrement et lentement. Mais il reste \u00e9lev\u00e9\u00a0\u00bb.&nbsp;<strong>\u00ab\u00a0A Mayotte<\/strong>, nous avons d\u00e9cid\u00e9 de retarder le d\u00e9confinement pour nous donner tous les moyens de combattre l&rsquo;\u00e9pid\u00e9mie.&nbsp;<strong>En \u00cele-de-France, nous pouvons d\u00e9confiner<\/strong>&nbsp;(&#8230;) mais il faut une discipline renforc\u00e9e\u00a0\u00bb\n\n<\/p>\n\n\n\n<p><a href=\"https:\/\/www.rtl.fr\/actu\/politique\/edouard-philippe-confirme-la-levee-progressive-du-confinement-le-11-mai-7800490233\">\u00ab\u00a0La lev\u00e9e progressive du confinement\u00a0en France peut \u00eatre engag\u00e9e ce 11 mai\u00a0\u00bb, d\u00e9clare Edouard Philippe.<\/a>\u00ab\u00a0Nous allons d\u00e9but\u00e9 lundi prochain, un processus qui va permettre au pays de sortir doucement mais surement du confinement (&#8230;) Nous cherchons en permanence le bon \u00e9quilibre entre l&rsquo;indispensable retour \u00e0 la vie normale et l&rsquo;indispensable respect de toutes pr\u00e9cautions qui emp\u00eachent\u00a0l&rsquo;ennemie de repartir\u00a0\u00bb, d\u00e9clare le premier ministre.\u00a0<br><\/p>\n\n\n\n<p><\/p>\n","protected":false},"excerpt":{"rendered":"<p>La derni\u00e8re ligne droite avant le d\u00e9confinement. \u00c9douard Philippe a d\u00e9voil\u00e9, ce jeudi 7 mai, les d\u00e9tails et les ajustements op\u00e9r\u00e9s concernant la premi\u00e8re phase de sortie du confinement. Apr\u00e8s avoir expliqu\u00e9\u00a0devant le Parlement, la vision du gouvernement sur le sujet, le Premier ministre entre dans le dur avec un point de \u00ab\u00a0pr\u00e9paration\u00a0\u00bb, tenu depuis\u00a0Matignon.\u00a0 [&hellip;]<\/p>\n","protected":false},"author":2,"featured_media":15500,"comment_status":"open","ping_status":"open","sticky":false,"template":"","format":"standard","meta":{"_jetpack_memberships_contains_paid_content":false,"footnotes":"","jetpack_publicize_message":"","jetpack_publicize_feature_enabled":true,"jetpack_social_post_already_shared":true,"jetpack_social_options":{"image_generator_settings":{"template":"highway","default_image_id":0,"font":"","enabled":false},"version":2},"_wpas_customize_per_network":false},"categories":[405],"tags":[],"class_list":["post-15499","post","type-post","status-publish","format-standard","has-post-thumbnail","hentry","category-actu-france-monde"],"jetpack_publicize_connections":[],"jetpack_featured_media_url":"https:\/\/i0.wp.com\/www.iceagetv.com\/radiosite\/wp-content\/uploads\/2020\/05\/La-lev%C3%A9e-progressive-du-confinement-peut-%C3%AAtre-engag%C3%A9e.jpg?fit=880%2C586&ssl=1","jetpack_sharing_enabled":true,"_links":{"self":[{"href":"https:\/\/www.iceagetv.com\/radiosite\/wp-json\/wp\/v2\/posts\/15499","targetHints":{"allow":["GET"]}}],"collection":[{"href":"https:\/\/www.iceagetv.com\/radiosite\/wp-json\/wp\/v2\/posts"}],"about":[{"href":"https:\/\/www.iceagetv.com\/radiosite\/wp-json\/wp\/v2\/types\/post"}],"author":[{"embeddable":true,"href":"https:\/\/www.iceagetv.com\/radiosite\/wp-json\/wp\/v2\/users\/2"}],"replies":[{"embeddable":true,"href":"https:\/\/www.iceagetv.com\/radiosite\/wp-json\/wp\/v2\/comments?post=15499"}],"version-history":[{"count":1,"href":"https:\/\/www.iceagetv.com\/radiosite\/wp-json\/wp\/v2\/posts\/15499\/revisions"}],"predecessor-version":[{"id":15501,"href":"https:\/\/www.iceagetv.com\/radiosite\/wp-json\/wp\/v2\/posts\/15499\/revisions\/15501"}],"wp:featuredmedia":[{"embeddable":true,"href":"https:\/\/www.iceagetv.com\/radiosite\/wp-json\/wp\/v2\/media\/15500"}],"wp:attachment":[{"href":"https:\/\/www.iceagetv.com\/radiosite\/wp-json\/wp\/v2\/media?parent=15499"}],"wp:term":[{"taxonomy":"category","embeddable":true,"href":"https:\/\/www.iceagetv.com\/radiosite\/wp-json\/wp\/v2\/categories?post=15499"},{"taxonomy":"post_tag","embeddable":true,"href":"https:\/\/www.iceagetv.com\/radiosite\/wp-json\/wp\/v2\/tags?post=15499"}],"curies":[{"name":"wp","href":"https:\/\/api.w.org\/{rel}","templated":true}]}}