{"id":15505,"date":"2020-05-08T11:29:54","date_gmt":"2020-05-08T11:29:54","guid":{"rendered":"http:\/\/www.iceagetv.com\/radiosite\/?p=15505"},"modified":"2020-05-08T11:29:54","modified_gmt":"2020-05-08T11:29:54","slug":"un-camion-transportant-500-000-masques-destines-a-plusieurs-villes-de-seine-saint-denis-braque-a-la-frontiere-franco-espagnole","status":"publish","type":"post","link":"https:\/\/www.iceagetv.com\/radiosite\/un-camion-transportant-500-000-masques-destines-a-plusieurs-villes-de-seine-saint-denis-braque-a-la-frontiere-franco-espagnole\/","title":{"rendered":"Un camion transportant 500.000 masques destin\u00e9s \u00e0 plusieurs villes de Seine-Saint-Denis braqu\u00e9 \u00e0 la fronti\u00e8re franco-espagnole"},"content":{"rendered":"\n<p>Dans un communiqu\u00e9 de presse, le maire de la ville de Montreuil indique que 500.000 masques ont \u00e9t\u00e9 vol\u00e9s lors qu&rsquo;un braquage.<\/p>\n\n\n\n<p>Patrice Bessac d\u00e9clare: \u00ab\u00a0Je condamne avec la plus grande fermet\u00e9&nbsp;cet acte&nbsp;criminel&nbsp;qui met&nbsp;en danger&nbsp;les habitant.e.s de&nbsp;Montreuil\u00a0\u00bb.<\/p>\n\n\n\n<p>Et d&rsquo;ajouter: \u00ab\u00a0C\u2019est avec une immense col\u00e8re&nbsp;que&nbsp;j\u2019ai&nbsp;appris&nbsp;cette&nbsp;apr\u00e8s-midi&nbsp;que le camion acheminant&nbsp;500 000 masques en tissu, dont&nbsp;50 000 \u00e9taient&nbsp;destin\u00e9s \u00e0 \u00eatre distribu\u00e9s&nbsp;aux habitant.e.s de&nbsp;Montreuil&nbsp;ce&nbsp;week-end&nbsp;en vue du d\u00e9confinement,&nbsp;a \u00e9t\u00e9 victime d\u2019une attaque \u00e0 la fronti\u00e8re espagnole selon le directeur de l\u2019entreprise.<\/p>\n\n\n\n<p>Je condamne&nbsp;avec la plus grande fermet\u00e9&nbsp;cet acte&nbsp;criminel&nbsp;qui met&nbsp;en danger&nbsp;les Montreuillois.eset ai demand\u00e9 aux entreprises concern\u00e9es des \u00e9l\u00e9ments pr\u00e9cis sur les circonstances de ce vol.\u00a0\u00bb<\/p>\n\n\n\n<p>Et d&rsquo;ajouter: \u00ab\u00a0Cette commande de 50 000 masques avait \u00e9t\u00e9 pass\u00e9e le 16 avril dernier par la ville de Montreuil avec d\u2019autres villes d\u2019Est Ensemble et d\u2019autres territoires&nbsp;pour un montant de 112 000 euros.&nbsp;Nous avions s\u00e9lectionn\u00e9 une entreprise&nbsp;du Val-de-Marne qui travaille&nbsp;depuis plus de 20 ans&nbsp;avec de nombreux EHPAD d\u2019\u00cele-de-Francepour mener cette op\u00e9ration.\u00a0\u00bb<\/p>\n\n\n\n<p>\u00ab\u00a0Ces masques en tissu, lavables et r\u00e9utilisables, devaient \u00eatre distribu\u00e9s dans les&nbsp;bo\u00eetes aux lettres des Montreuillois.e.s ce week-end.<\/p>\n\n\n\n<p>La ville avait \u00e9galement pr\u00e9vu un dispositif compl\u00e9mentaire de distribution&nbsp;de 60 000 masques&nbsp;dans tous les quartiers \u00e0 partir de&nbsp;jeudi 14 mai. Ce dispositif,&nbsp;d\u00e9pendant d\u2019autres commandes,&nbsp;est maintenu.<\/p>\n\n\n\n<p>La ville, met tout en \u0153uvre pour obtenir, dans les d\u00e9lais les plus brefs, une livraison compl\u00e9mentaire qui permettra de maintenir, dans les jours \u00e0 venir, la distribution dans les bo\u00eetes aux lettres d\u2019un masque par foyer.\u00a0\u00bb, a-t-il poursuivi.<\/p>\n\n\n\n<p>Et de conclure: \u00ab\u00a0La p\u00e9nurie de masques, la tr\u00e8s forte demande&nbsp;et&nbsp;les d\u00e9lais de fabrication, allongent et rendent les&nbsp;d\u00e9lais de livraison&nbsp;malheureusement incertains.&nbsp;Nous sommes totalement mobilis\u00e9s pour fournir \u00e0 chaque Montreuillois le plus rapidement possible, un masque de protection.\u00a0\u00bb<\/p>\n","protected":false},"excerpt":{"rendered":"<p>Dans un communiqu\u00e9 de presse, le maire de la ville de Montreuil indique que 500.000 masques ont \u00e9t\u00e9 vol\u00e9s lors qu&rsquo;un braquage. Patrice Bessac d\u00e9clare: \u00ab\u00a0Je condamne avec la plus grande fermet\u00e9&nbsp;cet acte&nbsp;criminel&nbsp;qui met&nbsp;en danger&nbsp;les habitant.e.s de&nbsp;Montreuil\u00a0\u00bb. Et d&rsquo;ajouter: \u00ab\u00a0C\u2019est avec une immense col\u00e8re&nbsp;que&nbsp;j\u2019ai&nbsp;appris&nbsp;cette&nbsp;apr\u00e8s-midi&nbsp;que le camion acheminant&nbsp;500 000 masques en tissu, dont&nbsp;50 000 \u00e9taient&nbsp;destin\u00e9s \u00e0 [&hellip;]<\/p>\n","protected":false},"author":2,"featured_media":15506,"comment_status":"open","ping_status":"open","sticky":false,"template":"","format":"standard","meta":{"_jetpack_memberships_contains_paid_content":false,"footnotes":"","jetpack_publicize_message":"","jetpack_publicize_feature_enabled":true,"jetpack_social_post_already_shared":true,"jetpack_social_options":{"image_generator_settings":{"template":"highway","default_image_id":0,"font":"","enabled":false},"version":2},"_wpas_customize_per_network":false},"categories":[405],"tags":[],"class_list":["post-15505","post","type-post","status-publish","format-standard","has-post-thumbnail","hentry","category-actu-france-monde"],"jetpack_publicize_connections":[],"jetpack_featured_media_url":"https:\/\/i0.wp.com\/www.iceagetv.com\/radiosite\/wp-content\/uploads\/2020\/05\/Un-camion-transportant-500.000-masques-destin%C3%A9s-%C3%A0-plusieurs-villes-de-Seine-Saint-Denis-braqu%C3%A9-%C3%A0-la-fronti%C3%A8re-franco-espagnole.png?fit=615%2C269&ssl=1","jetpack_sharing_enabled":true,"_links":{"self":[{"href":"https:\/\/www.iceagetv.com\/radiosite\/wp-json\/wp\/v2\/posts\/15505","targetHints":{"allow":["GET"]}}],"collection":[{"href":"https:\/\/www.iceagetv.com\/radiosite\/wp-json\/wp\/v2\/posts"}],"about":[{"href":"https:\/\/www.iceagetv.com\/radiosite\/wp-json\/wp\/v2\/types\/post"}],"author":[{"embeddable":true,"href":"https:\/\/www.iceagetv.com\/radiosite\/wp-json\/wp\/v2\/users\/2"}],"replies":[{"embeddable":true,"href":"https:\/\/www.iceagetv.com\/radiosite\/wp-json\/wp\/v2\/comments?post=15505"}],"version-history":[{"count":1,"href":"https:\/\/www.iceagetv.com\/radiosite\/wp-json\/wp\/v2\/posts\/15505\/revisions"}],"predecessor-version":[{"id":15507,"href":"https:\/\/www.iceagetv.com\/radiosite\/wp-json\/wp\/v2\/posts\/15505\/revisions\/15507"}],"wp:featuredmedia":[{"embeddable":true,"href":"https:\/\/www.iceagetv.com\/radiosite\/wp-json\/wp\/v2\/media\/15506"}],"wp:attachment":[{"href":"https:\/\/www.iceagetv.com\/radiosite\/wp-json\/wp\/v2\/media?parent=15505"}],"wp:term":[{"taxonomy":"category","embeddable":true,"href":"https:\/\/www.iceagetv.com\/radiosite\/wp-json\/wp\/v2\/categories?post=15505"},{"taxonomy":"post_tag","embeddable":true,"href":"https:\/\/www.iceagetv.com\/radiosite\/wp-json\/wp\/v2\/tags?post=15505"}],"curies":[{"name":"wp","href":"https:\/\/api.w.org\/{rel}","templated":true}]}}