{"id":15510,"date":"2020-05-08T18:23:58","date_gmt":"2020-05-08T18:23:58","guid":{"rendered":"http:\/\/www.iceagetv.com\/radiosite\/?p=15510"},"modified":"2020-05-08T18:23:58","modified_gmt":"2020-05-08T18:23:58","slug":"en-france-243-morts-en-24h-et-la-barre-des-26-000-morts-est-desormais-depassee-10-millions-de-masques-seront-distribues-des-lundi-dans-les-transports-castaner","status":"publish","type":"post","link":"https:\/\/www.iceagetv.com\/radiosite\/en-france-243-morts-en-24h-et-la-barre-des-26-000-morts-est-desormais-depassee-10-millions-de-masques-seront-distribues-des-lundi-dans-les-transports-castaner\/","title":{"rendered":"En France, 243 morts en 24h et la barre des 26.000 morts est d\u00e9sormais d\u00e9pass\u00e9e &#8211; \u00ab\u00a010 millions de masques seront distribu\u00e9s d\u00e8s lundi dans les transports\u00a0\u00bb (Castaner)"},"content":{"rendered":"\n<p><strong>En France, 243 morts en 24h et la barre des 26.000 morts est d\u00e9sormais d\u00e9pass\u00e9e.<\/strong>&nbsp;Depuis le 1er mars, 26.230 sont mortes en raison de la pand\u00e9mie de Covid-19, a annonc\u00e9 la direction g\u00e9n\u00e9rale de la Sant\u00e9 ce vendredi, pr\u00e9cisant que 16.497 d\u00e9c\u00e8s avaient eu lieu dans les h\u00f4pitaux et 9.733 dans les \u00e9tablissements sociaux et m\u00e9dicosociaux.<\/p>\n\n\n\n<p>Par ailleurs, 95.601 personnes ont \u00e9t\u00e9 hospitalis\u00e9es depuis le d\u00e9but de l\u2019\u00e9pid\u00e9mie, parmi elles\u00a055.782 sont rentr\u00e9es \u00e0 domicile, \u00ab\u00a0sans compter les dizaines de milliers de personnes gu\u00e9ries en ville\u00a0\u00bb, pr\u00e9cise la DGS.<\/p>\n\n\n\n<p><strong>La ville de Nice a pris un arr\u00eat\u00e9 imposant le port du masque dans l&rsquo;espace public sur tout le territoire de la commune \u00e0 compter de lundi, premier jour du d\u00e9confinement,&nbsp;<\/strong>a indiqu\u00e9 ce vendredi le maire LR&nbsp;de la ville Christian Estrosi.<\/p>\n\n\n\n<blockquote class=\"wp-block-quote is-layout-flow wp-block-quote-is-layout-flow\"><p>\u00ab\u00a0J&rsquo;ai sign\u00e9 hier le 7 mai un arr\u00eat\u00e9 imposant le port du masque sur l&rsquo;ensemble des voies publiques,&nbsp;pour toute personne circulant sur le territoire de la commune de Nice,&nbsp;\u00e0 compter du 11 mai, et cet arr\u00eat\u00e9 est valable jusqu&rsquo;au 2 juin\u00a0\u00bb, a indiqu\u00e9 l&rsquo;\u00e9lu au cours d&rsquo;une visio-conf\u00e9rence.<\/p><\/blockquote>\n\n\n\n<p><strong>La secr\u00e9taire d&rsquo;Etat Agn\u00e8s Pannier-Runacher prend la parole:<\/strong><\/p>\n\n\n\n<p>\u00ab\u00a0Un logo, qui est un gage de qualit\u00e9\u00a0\u00bb sera appos\u00e9 sur les masques en textile<\/p>\n\n\n\n<p>Avant de d\u00e9crire l&rsquo;approvisionnement en masques \u00e0 partir du 11 mai prochain, et notamment que&nbsp;200 millions de masques par semaine viendront approvisionner la France, dont 100 millions de masques sanitaires \u00e0 usage unique, 20 millions de masques grand public, lavables, mis \u00e0 disposition par l&rsquo;Etat.<\/p>\n\n\n\n<p>\u00ab\u00a0Depuis fin mars, 120 millions de masques grand public ont \u00e9t\u00e9 produits, soit l&rsquo;\u00e9quivalent d&rsquo;1 milliard de masques \u00e0 usage unique\u00a0\u00bb\u00a0<\/p>\n\n\n\n<p><strong>&nbsp;Christophe Castaner s&rsquo;exprime:<\/strong><\/p>\n\n\n\n<p>\u00ab\u00a0Nous avons un objectif, que chaque fran\u00e7ais puisse se procurer un masque\u00a0\u00bb<\/p>\n\n\n\n<p>\u00ab\u00a0Les recommandations scientifiques ont beaucoup \u00e9volu\u00e9 sur ce sujet\u00a0\u00bb<\/p>\n\n\n\n<p>\u00ab\u00a0Je suis impressionn\u00e9 par la mobilisation citoyenne des entreprises dans la confection de ces masques. Nous devons tout mettre en oeuvre pour que les Fran\u00e7ais puissent s&rsquo;en procurer\u00a0\u00bb&nbsp;<\/p>\n\n\n\n<p>\u00ab\u00a010 millions de masques ont \u00e9t\u00e9 mis \u00e0 disposition des prestataires de transports en commun pour \u00eatre distribu\u00e9s aux usagers \u00e0 partir de lundi\u00a0\u00bb<\/p>\n\n\n\n<p>\u00ab\u00a0Nous allons pouvoir entamer une nouvelle \u00e9tape dans cette lutte contre l&rsquo;\u00e9pid\u00e9mie. Le cours de nos vies devra prendre en compte de nombreux changements comme le port du masque, la distanciation physique &#8230;\u00a0\u00bb&nbsp;<\/p>\n\n\n\n<p>\u00ab\u00a030 millions de masques jetables et 4 millions de masques en tissus seront disponibles pour les agents de l&rsquo;Etat, alors que chaque commissariat sera \u00e9quip\u00e9 d&rsquo;un kit de protection,&nbsp;\u00ab\u00a0<\/p>\n\n\n\n<p>\u00ab\u00a0J&rsquo;ai demand\u00e9 \u00e0 mes services une mobilisation particuli\u00e8re pour stopper ces trafics odieux. La police nationale a d\u00e9mantel\u00e9 des recels de mat\u00e9riels m\u00e9dicaux, des tentatives d&rsquo;escroquerie\u00a0\u00bb<\/p>\n\n\n\n<p>La pand\u00e9mie du Covid-19 a fait au moins 269 514 morts dans le monde depuis son apparition en d\u00e9cembre en Chine, selon un bilan \u00e9tabli par l&rsquo;AFP \u00e0 partir de sources officielles vendredi \u00e0 13h. Plus de 3 856 400 cas d&rsquo;infection ont \u00e9t\u00e9 officiellement diagnostiqu\u00e9s dans 195 pays et territoires depuis le d\u00e9but de l&rsquo;\u00e9pid\u00e9mie.<\/p>\n\n\n\n<p><strong>14h21:&nbsp;<\/strong>Selon une enqu\u00eate&nbsp;<a href=\"https:\/\/www.lci.fr\/population\/coronavirus-deconfinement-72-des-francais-pensent-que-le-pays-sera-de-nouveau-confine-sondage-reconfinement-2153250.html\" target=\"_blank\" rel=\"noreferrer noopener\">Harris Interactive pour LCI<\/a>, 72% des personnes interrog\u00e9es s&rsquo;attendent \u00e0 une seconde vague mais aussi \u00e0 un nouveau confinement.<\/p>\n\n\n\n<p>Plus pr\u00e9cis\u00e9ment, 24% estiment cette hypoth\u00e8se \u00ab\u00a0tr\u00e8s probable\u00a0\u00bb, et 48% \u00ab\u00a0plut\u00f4t probable\u00a0\u00bb. Dans ce sondage, on constate que les femmes sont plus anxieuses que les hommes.&nbsp; (76%,contre 69% des hommes.)<\/p>\n\n\n\n<p>Egalement,&nbsp;ce sont les moins de 35 ans qui redoutent le plus la deuxi\u00e8me vague (82%), contre 67% des 65 ans et plus<\/p>\n\n\n\n<p><em>Enqu\u00eate r\u00e9alis\u00e9e en ligne le 7 mai 2020 sur un \u00e9chantillon de 1422 personnes, repr\u00e9sentatif de la population fran\u00e7aise \u00e2g\u00e9e de 18 ans et plus, selon la m\u00e9thode des quotas.<\/em><\/p>\n\n\n\n<p> L&rsquo;Espagne annonce\u00a0229 en 24 heures, soit un total de 26299 au total \u00e0 ce stade de l&rsquo;\u00e9pid\u00e9mie, et 222857 cas diagnostiqu\u00e9s. <\/p>\n\n\n\n<p>Dans les prisons fran\u00e7aises, o\u00f9 \u00ab\u00a0l&rsquo;\u00e9pid\u00e9mie a \u00e9t\u00e9 contenue\u00a0\u00bb,&nbsp;le d\u00e9confinement va \u00eatre \u00ab\u00a0tr\u00e8s progressif\u00a0\u00bb, avec la reprise des parloirs pour les familles et de l&rsquo;enseignement pour les mineurs, explique le directeur de l&rsquo;Administration p\u00e9nitentiaire, St\u00e9phane Bredin, dans un entretien \u00e0 l&rsquo;AFP.<\/p>\n\n\n\n<blockquote class=\"wp-block-quote is-layout-flow wp-block-quote-is-layout-flow\"><p>\u00ab\u00a0Les seules activit\u00e9s qui vont reprendre la semaine du 11 mai sont les parloirs pour les familles, l&rsquo;enseignement pour les mineurs et les ateliers pour des productions d&rsquo;int\u00e9r\u00eat g\u00e9n\u00e9ral (masques, kits d&rsquo;hygi\u00e8ne). A partir du 2 juin, nous verrons comment reprendre progressivement les enseignements aux adultes, la formation professionnelle et les autres ateliers\u00a0\u00bb, a-t-il d\u00e9taill\u00e9.<\/p><\/blockquote>\n\n\n\n<p><\/p>\n\n\n\n<p><\/p>\n","protected":false},"excerpt":{"rendered":"<p>En France, 243 morts en 24h et la barre des 26.000 morts est d\u00e9sormais d\u00e9pass\u00e9e.&nbsp;Depuis le 1er mars, 26.230 sont mortes en raison de la pand\u00e9mie de Covid-19, a annonc\u00e9 la direction g\u00e9n\u00e9rale de la Sant\u00e9 ce vendredi, pr\u00e9cisant que 16.497 d\u00e9c\u00e8s avaient eu lieu dans les h\u00f4pitaux et 9.733 dans les \u00e9tablissements sociaux et [&hellip;]<\/p>\n","protected":false},"author":2,"featured_media":15404,"comment_status":"open","ping_status":"open","sticky":false,"template":"","format":"standard","meta":{"_jetpack_memberships_contains_paid_content":false,"footnotes":"","jetpack_publicize_message":"","jetpack_publicize_feature_enabled":true,"jetpack_social_post_already_shared":true,"jetpack_social_options":{"image_generator_settings":{"template":"highway","default_image_id":0,"font":"","enabled":false},"version":2},"_wpas_customize_per_network":false},"categories":[405],"tags":[],"class_list":["post-15510","post","type-post","status-publish","format-standard","has-post-thumbnail","hentry","category-actu-france-monde"],"jetpack_publicize_connections":[],"jetpack_featured_media_url":"https:\/\/i0.wp.com\/www.iceagetv.com\/radiosite\/wp-content\/uploads\/2020\/04\/437-morts-de-plus-ces-derni%C3%A8res-24h.png?fit=629%2C277&ssl=1","jetpack_sharing_enabled":true,"_links":{"self":[{"href":"https:\/\/www.iceagetv.com\/radiosite\/wp-json\/wp\/v2\/posts\/15510","targetHints":{"allow":["GET"]}}],"collection":[{"href":"https:\/\/www.iceagetv.com\/radiosite\/wp-json\/wp\/v2\/posts"}],"about":[{"href":"https:\/\/www.iceagetv.com\/radiosite\/wp-json\/wp\/v2\/types\/post"}],"author":[{"embeddable":true,"href":"https:\/\/www.iceagetv.com\/radiosite\/wp-json\/wp\/v2\/users\/2"}],"replies":[{"embeddable":true,"href":"https:\/\/www.iceagetv.com\/radiosite\/wp-json\/wp\/v2\/comments?post=15510"}],"version-history":[{"count":1,"href":"https:\/\/www.iceagetv.com\/radiosite\/wp-json\/wp\/v2\/posts\/15510\/revisions"}],"predecessor-version":[{"id":15511,"href":"https:\/\/www.iceagetv.com\/radiosite\/wp-json\/wp\/v2\/posts\/15510\/revisions\/15511"}],"wp:featuredmedia":[{"embeddable":true,"href":"https:\/\/www.iceagetv.com\/radiosite\/wp-json\/wp\/v2\/media\/15404"}],"wp:attachment":[{"href":"https:\/\/www.iceagetv.com\/radiosite\/wp-json\/wp\/v2\/media?parent=15510"}],"wp:term":[{"taxonomy":"category","embeddable":true,"href":"https:\/\/www.iceagetv.com\/radiosite\/wp-json\/wp\/v2\/categories?post=15510"},{"taxonomy":"post_tag","embeddable":true,"href":"https:\/\/www.iceagetv.com\/radiosite\/wp-json\/wp\/v2\/tags?post=15510"}],"curies":[{"name":"wp","href":"https:\/\/api.w.org\/{rel}","templated":true}]}}