{"id":15518,"date":"2020-05-09T12:38:04","date_gmt":"2020-05-09T12:38:04","guid":{"rendered":"http:\/\/www.iceagetv.com\/radiosite\/?p=15518"},"modified":"2020-05-09T12:38:04","modified_gmt":"2020-05-09T12:38:04","slug":"coronavirus-en-espagne-le-debut-du-deconfinement-retarde-a-madrid-et-barcelone","status":"publish","type":"post","link":"https:\/\/www.iceagetv.com\/radiosite\/coronavirus-en-espagne-le-debut-du-deconfinement-retarde-a-madrid-et-barcelone\/","title":{"rendered":"Coronavirus : en Espagne, le d\u00e9but du d\u00e9confinement retard\u00e9 \u00e0 Madrid et Barcelone"},"content":{"rendered":"\n<p> Les habitants des deux plus grandes villes espagnoles devront encore patienter. Madrid et Barcelone ne passeront pas \u00e0 la nouvelle \u00e9tape du\u00a0<a href=\"https:\/\/www.francetvinfo.fr\/sante\/maladie\/coronavirus\/deconfinement\/\">d\u00e9confinement<\/a>, lundi 11 mai, contrairement \u00e0 d&rsquo;autres r\u00e9gions o\u00f9 les terrasses pourront rouvrir et les gens se r\u00e9unir avec leurs proches, a annonc\u00e9 le gouvernement espagnol, vendredi 8 mai.\u00a0 <\/p>\n\n\n\n<p>Tr\u00e8s progressif, le plan de d\u00e9confinement de&nbsp;<a href=\"https:\/\/www.francetvinfo.fr\/monde\/espagne\/\">l&rsquo;Espagne<\/a>, l&rsquo;un des pays les plus endeuill\u00e9s par&nbsp;<a href=\"https:\/\/www.francetvinfo.fr\/sante\/maladie\/coronavirus\/\">la pand\u00e9mie de coronavirus<\/a>, doit s&rsquo;\u00e9taler jusqu&rsquo;\u00e0 fin juin. Il comporte quatre phases qui seront mises en oeuvre \u00e0 des rythmes diff\u00e9rents dans chaque r\u00e9gion, en fonction de l&rsquo;\u00e9volution de l&rsquo;\u00e9pid\u00e9mie.<\/p>\n\n\n\n<p>Plusieurs r\u00e9gions concern\u00e9es&nbsp;<\/p>\n\n\n\n<p>Le minist\u00e8re de la Sant\u00e9 a annonc\u00e9 vendredi soir que la moiti\u00e9 des quelque 47 millions d&rsquo;Espagnols pourraient entrer dans cette nouvelle phase du d\u00e9confinement \u00e0 partir de lundi. Mais la r\u00e9gion de Madrid, la plus touch\u00e9e du pays avec un tiers des 26 299 morts recens\u00e9s au total, en a \u00e9t\u00e9 exclue, en d\u00e9pit de la demande du gouvernement r\u00e9gional de pouvoir d\u00e9confiner davantage. La situation sera r\u00e9examin\u00e9e dans une semaine.&nbsp;<\/p>\n\n\n\n<p><em>Nous avons estim\u00e9 qu&rsquo;il n&rsquo;\u00e9tait pas appropri\u00e9 de passer \u00e0 la phase suivante (&#8230;) Ceci n&rsquo;est pas une course.<\/em>Salvador Illa, ministre espagnol de la Sant\u00e9<\/p>\n\n\n\n<p>Une grande partie de la Catalogne (nord-est), deuxi\u00e8me r\u00e9gion la plus touch\u00e9e par l&rsquo;\u00e9pid\u00e9mie, dont la capitale r\u00e9gionale Barcelone, devra aussi patienter. Dans ce cas n\u00e9anmoins, le gouvernement r\u00e9gional n&rsquo;avait pas demand\u00e9 d&rsquo;avancer dans le d\u00e9confinement.<\/p>\n\n\n\n<p>Certaines parties de la r\u00e9gion de Valence (est), d&rsquo;Andalousie (sud) et des r\u00e9gions centrales de Castille-et-Leon et de Castille-la-Manche, devront aussi attendre.<\/p>\n\n\n\n<p>R\u00e9ouverture des terrasses et r\u00e9unions entre proches<\/p>\n\n\n\n<p>En revanche, d&rsquo;autres zones du pays comme les villes de S\u00e9ville ou de Bilbao passeront lundi dans la nouvelle phase du d\u00e9confinement, qui pr\u00e9voit l&rsquo;autorisation des r\u00e9unions familiales ou amicales jusqu&rsquo;\u00e0 dix personnes et les d\u00e9placements \u00e0 l&rsquo;int\u00e9rieur des provinces.<\/p>\n\n\n\n<p>En outre, les petits commerces pourront recevoir les clients mais sans rendez-vous pr\u00e9alable, comme cela \u00e9tait le cas depuis lundi, tandis que les terrasses des bars et des restaurants pourront rouvrir avec une capacit\u00e9 r\u00e9duite. Les h\u00f4tels pourront aussi rouvrir mais les espaces communs resteront inaccessibles.<\/p>\n\n\n\n<p>Depuis la mise en place d&rsquo;un tr\u00e8s strict confinement le 14 mars, l&rsquo;Espagne a tr\u00e8s nettement ralenti l&rsquo;expansion de l&rsquo;\u00e9pid\u00e9mie. Le nombre quotidien de d\u00e9c\u00e8s dans les derniers jours a tourn\u00e9 autour des 200&nbsp;\u2013 avec une l\u00e9g\u00e8re hausse ces derni\u00e8res 24 heures&nbsp;\u2013,&nbsp;loin du pic de 950 enregistr\u00e9 d\u00e9but avril.&nbsp;Le pays recense pr\u00e8s de 223 000 cas confirm\u00e9s, selon le dernier bilan officiel.&nbsp;<\/p>\n\n\n\n<p><\/p>\n\n\n\n<p><\/p>\n","protected":false},"excerpt":{"rendered":"<p>Les habitants des deux plus grandes villes espagnoles devront encore patienter. Madrid et Barcelone ne passeront pas \u00e0 la nouvelle \u00e9tape du\u00a0d\u00e9confinement, lundi 11 mai, contrairement \u00e0 d&rsquo;autres r\u00e9gions o\u00f9 les terrasses pourront rouvrir et les gens se r\u00e9unir avec leurs proches, a annonc\u00e9 le gouvernement espagnol, vendredi 8 mai.\u00a0 Tr\u00e8s progressif, le plan de [&hellip;]<\/p>\n","protected":false},"author":2,"featured_media":15519,"comment_status":"open","ping_status":"open","sticky":false,"template":"","format":"standard","meta":{"_jetpack_memberships_contains_paid_content":false,"footnotes":"","jetpack_publicize_message":"","jetpack_publicize_feature_enabled":true,"jetpack_social_post_already_shared":true,"jetpack_social_options":{"image_generator_settings":{"template":"highway","default_image_id":0,"font":"","enabled":false},"version":2},"_wpas_customize_per_network":false},"categories":[405],"tags":[2781],"class_list":["post-15518","post","type-post","status-publish","format-standard","has-post-thumbnail","hentry","category-actu-france-monde","tag-en-espagne"],"jetpack_publicize_connections":[],"jetpack_featured_media_url":"https:\/\/i0.wp.com\/www.iceagetv.com\/radiosite\/wp-content\/uploads\/2020\/05\/en-Espagne-le-d%C3%A9but-du-d%C3%A9confinement-retard%C3%A9-%C3%A0-Madrid-et-Barcelone.jpg?fit=1196%2C450&ssl=1","jetpack_sharing_enabled":true,"_links":{"self":[{"href":"https:\/\/www.iceagetv.com\/radiosite\/wp-json\/wp\/v2\/posts\/15518","targetHints":{"allow":["GET"]}}],"collection":[{"href":"https:\/\/www.iceagetv.com\/radiosite\/wp-json\/wp\/v2\/posts"}],"about":[{"href":"https:\/\/www.iceagetv.com\/radiosite\/wp-json\/wp\/v2\/types\/post"}],"author":[{"embeddable":true,"href":"https:\/\/www.iceagetv.com\/radiosite\/wp-json\/wp\/v2\/users\/2"}],"replies":[{"embeddable":true,"href":"https:\/\/www.iceagetv.com\/radiosite\/wp-json\/wp\/v2\/comments?post=15518"}],"version-history":[{"count":1,"href":"https:\/\/www.iceagetv.com\/radiosite\/wp-json\/wp\/v2\/posts\/15518\/revisions"}],"predecessor-version":[{"id":15520,"href":"https:\/\/www.iceagetv.com\/radiosite\/wp-json\/wp\/v2\/posts\/15518\/revisions\/15520"}],"wp:featuredmedia":[{"embeddable":true,"href":"https:\/\/www.iceagetv.com\/radiosite\/wp-json\/wp\/v2\/media\/15519"}],"wp:attachment":[{"href":"https:\/\/www.iceagetv.com\/radiosite\/wp-json\/wp\/v2\/media?parent=15518"}],"wp:term":[{"taxonomy":"category","embeddable":true,"href":"https:\/\/www.iceagetv.com\/radiosite\/wp-json\/wp\/v2\/categories?post=15518"},{"taxonomy":"post_tag","embeddable":true,"href":"https:\/\/www.iceagetv.com\/radiosite\/wp-json\/wp\/v2\/tags?post=15518"}],"curies":[{"name":"wp","href":"https:\/\/api.w.org\/{rel}","templated":true}]}}