{"id":15532,"date":"2020-05-10T06:50:25","date_gmt":"2020-05-10T06:50:25","guid":{"rendered":"http:\/\/www.iceagetv.com\/radiosite\/?p=15532"},"modified":"2020-05-10T06:50:25","modified_gmt":"2020-05-10T06:50:25","slug":"apres-la-dordogne-un-deuxieme-foyer-de-contamination-decouvert-en-france-cette-fois-au-college-gerard-philipe-de-chauvigny-dans-la-vienne","status":"publish","type":"post","link":"https:\/\/www.iceagetv.com\/radiosite\/apres-la-dordogne-un-deuxieme-foyer-de-contamination-decouvert-en-france-cette-fois-au-college-gerard-philipe-de-chauvigny-dans-la-vienne\/","title":{"rendered":"Apr\u00e8s la Dordogne, un deuxi\u00e8me foyer de contamination d\u00e9couvert en France, cette fois au coll\u00e8ge G\u00e9rard-Philipe de Chauvigny dans la Vienne"},"content":{"rendered":"\n<p>Quatre membres du personnel du coll\u00e8ge G\u00e9rard-Philipe de Chauvigny ont \u00e9t\u00e9 contamin\u00e9s par le Covid-19 lors d&rsquo;une journ\u00e9e de pr\u00e9paration de la rentr\u00e9e qui s&rsquo;est tenue dans l&rsquo;\u00e9tablissement. La rentr\u00e9e des \u00e9l\u00e8ves est report\u00e9e au mercredi 27 mai 2020 et les locaux vont \u00eatre enti\u00e8rement d\u00e9sinfect\u00e9s.<\/p>\n\n\n\n<p>La contamination a pu se produire lors de la pr\u00e9paration de la prochaine rentr\u00e9e scolaire organis\u00e9e au sein de l&rsquo;\u00e9tablissement. Apr\u00e8s la d\u00e9couverte du premier cas de coronavirus, les m\u00e9decins ont impos\u00e9 la mise en quatorzaine imm\u00e9diate de l\u2019ensemble des personnels en contact avec le premier malade, cela concerne neuf personnes au total dont l&rsquo;\u00e9quipe de direction \u00e9largie et les personnels de la collectivit\u00e9 territoriale pr\u00e9sents au coll\u00e8ge au cours de cette semaine. Les trois nouveaux cas de Covid-19 se trouvent parmi ces personnes test\u00e9es jeudi dernier.&nbsp;<\/p>\n\n\n\n<p>\u00ab\u00a0De ce fait, le coll\u00e8ge ne dispose plus, in situ, d&rsquo;\u00e9quipe de direction, et voit le nombre d\u2019agents mobilisables de la collectivit\u00e9 territoriale r\u00e9duit pour assurer le retour des enseignants \u00e0 compter du 11 mai puis des \u00e9l\u00e8ves de 6\u00e8me et 5\u00e8me d\u00e8s le 18 mai.\u00a0\u00bb constate la direction acad\u00e9mique dans un communiqu\u00e9. Cette situation a conduit au report de la rentr\u00e9e scolaire au mercredi 27 mai, \u00e0 la fin de la quatorzaine des personnels concern\u00e9s par le Covid-19.<\/p>\n\n\n\n<p>Avant d&rsquo;accueillir les professeurs, les \u00e9l\u00e8ves et tout le personnel, les locaux vont \u00eatre minutieusement nettoy\u00e9s par les services du D\u00e9partement ainsi que tous les objets potentiellement touch\u00e9s par les membres du personnel plac\u00e9s en isolement.<\/p>\n","protected":false},"excerpt":{"rendered":"<p>Quatre membres du personnel du coll\u00e8ge G\u00e9rard-Philipe de Chauvigny ont \u00e9t\u00e9 contamin\u00e9s par le Covid-19 lors d&rsquo;une journ\u00e9e de pr\u00e9paration de la rentr\u00e9e qui s&rsquo;est tenue dans l&rsquo;\u00e9tablissement. La rentr\u00e9e des \u00e9l\u00e8ves est report\u00e9e au mercredi 27 mai 2020 et les locaux vont \u00eatre enti\u00e8rement d\u00e9sinfect\u00e9s. La contamination a pu se produire lors de la [&hellip;]<\/p>\n","protected":false},"author":2,"featured_media":15533,"comment_status":"open","ping_status":"open","sticky":false,"template":"","format":"standard","meta":{"_jetpack_memberships_contains_paid_content":false,"footnotes":"","jetpack_publicize_message":"","jetpack_publicize_feature_enabled":true,"jetpack_social_post_already_shared":true,"jetpack_social_options":{"image_generator_settings":{"template":"highway","default_image_id":0,"font":"","enabled":false},"version":2},"_wpas_customize_per_network":false},"categories":[405],"tags":[],"class_list":["post-15532","post","type-post","status-publish","format-standard","has-post-thumbnail","hentry","category-actu-france-monde"],"jetpack_publicize_connections":[],"jetpack_featured_media_url":"https:\/\/i0.wp.com\/www.iceagetv.com\/radiosite\/wp-content\/uploads\/2020\/05\/un-deuxi%C3%A8me-foyer-de-contamination-d%C3%A9couvert-en-France-cette-fois-au-coll%C3%A8ge-G%C3%A9rard-Philipe-de-Chauvigny-dans-la-Vienne.png?fit=629%2C269&ssl=1","jetpack_sharing_enabled":true,"_links":{"self":[{"href":"https:\/\/www.iceagetv.com\/radiosite\/wp-json\/wp\/v2\/posts\/15532","targetHints":{"allow":["GET"]}}],"collection":[{"href":"https:\/\/www.iceagetv.com\/radiosite\/wp-json\/wp\/v2\/posts"}],"about":[{"href":"https:\/\/www.iceagetv.com\/radiosite\/wp-json\/wp\/v2\/types\/post"}],"author":[{"embeddable":true,"href":"https:\/\/www.iceagetv.com\/radiosite\/wp-json\/wp\/v2\/users\/2"}],"replies":[{"embeddable":true,"href":"https:\/\/www.iceagetv.com\/radiosite\/wp-json\/wp\/v2\/comments?post=15532"}],"version-history":[{"count":1,"href":"https:\/\/www.iceagetv.com\/radiosite\/wp-json\/wp\/v2\/posts\/15532\/revisions"}],"predecessor-version":[{"id":15534,"href":"https:\/\/www.iceagetv.com\/radiosite\/wp-json\/wp\/v2\/posts\/15532\/revisions\/15534"}],"wp:featuredmedia":[{"embeddable":true,"href":"https:\/\/www.iceagetv.com\/radiosite\/wp-json\/wp\/v2\/media\/15533"}],"wp:attachment":[{"href":"https:\/\/www.iceagetv.com\/radiosite\/wp-json\/wp\/v2\/media?parent=15532"}],"wp:term":[{"taxonomy":"category","embeddable":true,"href":"https:\/\/www.iceagetv.com\/radiosite\/wp-json\/wp\/v2\/categories?post=15532"},{"taxonomy":"post_tag","embeddable":true,"href":"https:\/\/www.iceagetv.com\/radiosite\/wp-json\/wp\/v2\/tags?post=15532"}],"curies":[{"name":"wp","href":"https:\/\/api.w.org\/{rel}","templated":true}]}}