{"id":15535,"date":"2020-05-10T13:39:39","date_gmt":"2020-05-10T13:39:39","guid":{"rendered":"http:\/\/www.iceagetv.com\/radiosite\/?p=15535"},"modified":"2020-05-10T13:39:39","modified_gmt":"2020-05-10T13:39:39","slug":"demain-sera-le-jour-de-tous-les-dangers-dans-les-transports-en-commun-avec-la-premiere-etape-du-deconfinement-voici-comment-chacun-se-prepare","status":"publish","type":"post","link":"https:\/\/www.iceagetv.com\/radiosite\/demain-sera-le-jour-de-tous-les-dangers-dans-les-transports-en-commun-avec-la-premiere-etape-du-deconfinement-voici-comment-chacun-se-prepare\/","title":{"rendered":"Demain sera le jour de tous les dangers dans les transports en commun avec la premi\u00e8re \u00e9tape du d\u00e9confinement: Voici comment chacun se pr\u00e9pare"},"content":{"rendered":"\n<p>Le d\u00e9confinement s&rsquo;annonce critique lundi dans les transports publics d&rsquo;Ile-de-France, o\u00f9 le respect des r\u00e8gles de distanciation va r\u00e9duire drastiquement la capacit\u00e9. Apr\u00e8s avoir fonctionn\u00e9 au ralenti pendant sept semaines, les transports en commun ne repartiront pas \u00e0 plein r\u00e9gime lundi: la RATP compte assurer environ 75% du service et la SNCF entre 50 et 60% pour ses trains de banlieue. Or, le gouvernement a d\u00e9cid\u00e9 que la distanciation sociale s&rsquo;appliquerait \u00e9galement \u00e0 bord, pour limiter la propagation du coronavirus. Obliger les voyageurs \u00e0 rester \u00e0 au moins un m\u00e8tre les uns des autres r\u00e9duit leur nombre de 80%. Du coup, la \u00ab\u00a0capacit\u00e9 d&#8217;emport\u00a0\u00bb va \u00eatre limit\u00e9e \u00e0 environ 15% de la normale, calcule la PDG de la RATP Catherine Guillouard.<\/p>\n\n\n\n<p>\u00ab\u00a0La grande inconnue du 11 mai, c&rsquo;est les flux entrants dans nos r\u00e9seaux\u00a0\u00bb, reconna\u00eet-elle. On ne sait pas combien de Franciliens reprendront le RER, le m\u00e9tro, le tram ou le bus avec le d\u00e9confinement, parmi les 96% qui les ont d\u00e9sert\u00e9s. La ministre de la Transition \u00e9cologique Elisabeth Borne veut les limiter \u00e0 15%, mais le secr\u00e9taire d&rsquo;Etat aux Transports Jean-Baptiste Djebbari les a estim\u00e9s \u00ab\u00a0entre 20 et 30%\u00a0\u00bb.<\/p>\n\n\n\n<p>\u00ab\u00a0Il y a un probl\u00e8me\u00a0\u00bb, r\u00e9sume un responsable du secteur, qui tablerait plut\u00f4t sur 40 \u00e0 45%, avec de fortes disparit\u00e9s suivant que les habitants seront oblig\u00e9s de se rendre physiquement au travail ou pourront rester dans leur salon. La probl\u00e9matique est la m\u00eame \u00e0 la SNCF. D&rsquo;o\u00f9 tout un train de mesures pour limiter la fr\u00e9quentation, avec un recours toujours massif au t\u00e9l\u00e9travail quand c&rsquo;est possible et un \u00e9talement des horaires dans les entreprises, pour que les heures de pointe soient moins marqu\u00e9es. Elisabeth Borne a aussi annonc\u00e9 que l&rsquo;acc\u00e8s aux transports en commun en Ile-de-France serait \u00ab\u00a0r\u00e9serv\u00e9 aux heures de pointe aux personnes d\u00e9tenant une attestation de leur employeur ou ayant un motif imp\u00e9rieux pour se d\u00e9placer\u00a0\u00bb: raison de sant\u00e9, convocation de justice, accompagnement des enfants&#8230; Cette attestation employeur sera contr\u00f4l\u00e9e entre 06H30 et 09H30 puis entre 16H00 et 19H00, a pr\u00e9cis\u00e9 vendredi matin la pr\u00e9sidente de la r\u00e9gion Ile-de-France, Val\u00e9rie P\u00e9cresse. Les autorit\u00e9s promettent une \u00ab\u00a0tol\u00e9rance pour les premiers jours\u00a0\u00bb.<\/p>\n\n\n\n<p>Mais sans cette attestation, les usagers risqueront ensuite 135 euros d&rsquo;amende, de m\u00eame s&rsquo;ils ne portent pas de masque &#8211;obligatoire dans les transports publics \u00e0 partir de lundi pour toute personne \u00e2g\u00e9e de plus de 11 ans. Les forces de l&rsquo;ordre et les agents de s\u00e9curit\u00e9 de la RATP et la SNCF vont filtrer les voyageurs \u00e0 l&rsquo;entr\u00e9e des gares et des stations. \u00ab\u00a0On ne peut pas \u00e9videmment s&rsquo;engager sur le respect permanent et en tous points des distances de s\u00e9curit\u00e9 vu la taille du r\u00e9seau\u00a0\u00bb, a pr\u00e9venu Catherine Guillouard. Les agents de la RATP se concentreront sur le r\u00e9seau ferr\u00e9 et surveilleront moins les bus.<\/p>\n\n\n\n<p>La SNCF pr\u00e9f\u00e8re jouer la carte technologique, promettant d&rsquo;afficher l&rsquo;affluence des trains sur ses applications. \u00ab\u00a0Nous craignons tr\u00e8s fortement que l&rsquo;affluence soit tr\u00e8s sup\u00e9rieure \u00e0 nos capacit\u00e9s (&#8230;). Cela pourrait conduire au refoulement de nombreux usagers, ce qui pourrait provoquer de fortes tensions\u00a0\u00bb, s&rsquo;est inqui\u00e9t\u00e9 le secr\u00e9taire g\u00e9n\u00e9ral de la CGT Cheminots, Laurent Brun, dont les troupes circuleront sur les lignes pour recenser d&rsquo;\u00e9ventuels probl\u00e8mes.<\/p>\n\n\n\n<p>\u00ab\u00a0Si nous observons des dysfonctionnements d&rsquo;ordre public (&#8230;) ou si les mesures de s\u00e9curit\u00e9 sanitaire ne sont pas satisfaites de fa\u00e7on correcte, alors nous n&rsquo;h\u00e9siterons pas \u00e0 fermer telle ligne de bus, telle ligne de tram&#8230;\u00a0\u00bb, a mis en garde pour sa part Jean-Baptiste Djebbari. Les voyageurs devraient pouvoir r\u00e9cup\u00e9rer un masque lundi \u00e0 l&rsquo;entr\u00e9e des principales gares et stations et des distributeurs de gel hydroalcoolique vont \u00eatre progressivement install\u00e9s sur le r\u00e9seau.<\/p>\n\n\n\n<p>Le ministre de l&rsquo;Int\u00e9rieur Christophe Castaner a annonc\u00e9 vendredi que l&rsquo;Etat mettrait \u00e0 partir de lundi \u00ab\u00a010 millions de masques \u00e0 disposition des op\u00e9rateurs de transport pour qu&rsquo;ils les distribuent \u00e0 leurs usagers\u00a0\u00bb, sur ce total, \u00ab\u00a04,4 millions de masques\u00a0\u00bb seront destin\u00e9s \u00e0 l&rsquo;Ile-de-France.<\/p>\n","protected":false},"excerpt":{"rendered":"<p>Le d\u00e9confinement s&rsquo;annonce critique lundi dans les transports publics d&rsquo;Ile-de-France, o\u00f9 le respect des r\u00e8gles de distanciation va r\u00e9duire drastiquement la capacit\u00e9. Apr\u00e8s avoir fonctionn\u00e9 au ralenti pendant sept semaines, les transports en commun ne repartiront pas \u00e0 plein r\u00e9gime lundi: la RATP compte assurer environ 75% du service et la SNCF entre 50 et [&hellip;]<\/p>\n","protected":false},"author":2,"featured_media":15536,"comment_status":"open","ping_status":"open","sticky":false,"template":"","format":"standard","meta":{"_jetpack_memberships_contains_paid_content":false,"footnotes":"","jetpack_publicize_message":"","jetpack_publicize_feature_enabled":true,"jetpack_social_post_already_shared":true,"jetpack_social_options":{"image_generator_settings":{"template":"highway","default_image_id":0,"font":"","enabled":false},"version":2},"_wpas_customize_per_network":false},"categories":[405],"tags":[],"class_list":["post-15535","post","type-post","status-publish","format-standard","has-post-thumbnail","hentry","category-actu-france-monde"],"jetpack_publicize_connections":[],"jetpack_featured_media_url":"https:\/\/i0.wp.com\/www.iceagetv.com\/radiosite\/wp-content\/uploads\/2020\/05\/Demain-sera-le-jour-de-tous-les-dangers-dans-les-transports-en-commun-avec-la-premi%C3%A8re-%C3%A9tape-du-d%C3%A9confinement.png?fit=609%2C275&ssl=1","jetpack_sharing_enabled":true,"_links":{"self":[{"href":"https:\/\/www.iceagetv.com\/radiosite\/wp-json\/wp\/v2\/posts\/15535","targetHints":{"allow":["GET"]}}],"collection":[{"href":"https:\/\/www.iceagetv.com\/radiosite\/wp-json\/wp\/v2\/posts"}],"about":[{"href":"https:\/\/www.iceagetv.com\/radiosite\/wp-json\/wp\/v2\/types\/post"}],"author":[{"embeddable":true,"href":"https:\/\/www.iceagetv.com\/radiosite\/wp-json\/wp\/v2\/users\/2"}],"replies":[{"embeddable":true,"href":"https:\/\/www.iceagetv.com\/radiosite\/wp-json\/wp\/v2\/comments?post=15535"}],"version-history":[{"count":1,"href":"https:\/\/www.iceagetv.com\/radiosite\/wp-json\/wp\/v2\/posts\/15535\/revisions"}],"predecessor-version":[{"id":15537,"href":"https:\/\/www.iceagetv.com\/radiosite\/wp-json\/wp\/v2\/posts\/15535\/revisions\/15537"}],"wp:featuredmedia":[{"embeddable":true,"href":"https:\/\/www.iceagetv.com\/radiosite\/wp-json\/wp\/v2\/media\/15536"}],"wp:attachment":[{"href":"https:\/\/www.iceagetv.com\/radiosite\/wp-json\/wp\/v2\/media?parent=15535"}],"wp:term":[{"taxonomy":"category","embeddable":true,"href":"https:\/\/www.iceagetv.com\/radiosite\/wp-json\/wp\/v2\/categories?post=15535"},{"taxonomy":"post_tag","embeddable":true,"href":"https:\/\/www.iceagetv.com\/radiosite\/wp-json\/wp\/v2\/tags?post=15535"}],"curies":[{"name":"wp","href":"https:\/\/api.w.org\/{rel}","templated":true}]}}