{"id":15544,"date":"2020-05-11T06:45:14","date_gmt":"2020-05-11T06:45:14","guid":{"rendered":"http:\/\/www.iceagetv.com\/radiosite\/?p=15544"},"modified":"2020-05-11T07:04:04","modified_gmt":"2020-05-11T07:04:04","slug":"speciale-deconfinement-la-france-retrouve-un-peu-de-liberte-aujourdhui-mais-des-rames-de-metro-sont-deja-bondees-a-paris","status":"publish","type":"post","link":"https:\/\/www.iceagetv.com\/radiosite\/speciale-deconfinement-la-france-retrouve-un-peu-de-liberte-aujourdhui-mais-des-rames-de-metro-sont-deja-bondees-a-paris\/","title":{"rendered":"Sp\u00e9ciale d\u00e9confinement &#8211; La France retrouve un peu de libert\u00e9 aujourd&rsquo;hui mais des rames de m\u00e9tro sont d\u00e9j\u00e0 bond\u00e9es \u00e0 Paris"},"content":{"rendered":"\n<p>  <\/p>\n\n\n\n<p> Il manque 45 000 cheminots \u00bb pour faire circuler les trains de la SNCF en raison des cons\u00e9quences de l&rsquo;\u00e9pid\u00e9mie de <a href=\"https:\/\/twitter.com\/hashtag\/Covid_19?src=hashtag_click\">#Covid_19<\/a> <\/p>\n\n\n\n<h2 class=\"wp-block-heading\">Incident sur la ligne 13, la fr\u00e9quentation \u00ab\u00a0particuli\u00e8rement importante\u00a0\u00bb<\/h2>\n\n\n\n<p>Selon la RATP, des infiltrations d&rsquo;eau aux stations Carrefour Pleyel et Mairie de Saint-Ouen ont occasionn\u00e9 des probl\u00e8mes et des retards sur la ligne 13 du m\u00e9tro. Cons\u00e9quence, plusieurs rames ont \u00e9t\u00e9 particuli\u00e8rement remplies. Selon la r\u00e9gie, l&rsquo;incident est toutefois \u00ab\u00a0d\u00e9sormais termin\u00e9\u00a0\u00bb.\n\n<\/p>\n\n\n\n<p><\/p>\n\n\n\n<p>Le secr\u00e9taire d&rsquo;Etat aux Transports, Jean-Baptiste Djebbari affirme ce lundi que seuls \u00ab5 % des voyageurs de la SNCF se pr\u00e9sentent sans masque\u00bb <\/p>\n\n\n\n<p>A Paris dans plusieurs stations des masques sont distribu\u00e9s aux passagers.  &nbsp;Dans la gare de la Part-Dieu, timide affluence masqu\u00e9e. La police veille \u00e0 ce que personne ne rentre sans protection selon Lyon Mag.  &nbsp;En \u00cele-de-France, 3000 personnes sont mobilis\u00e9es sur le r\u00e9seau au premier jour du d\u00e9confinement selon St\u00e9phane Beaudet, vice-pr\u00e9sident de la r\u00e9gion \u00cele-de-France en charge des Transports.  <strong>Le trafic reprend en r\u00e9gion parisienne m\u00eame si Sytadin recense 50 kilom\u00e8tres de bouchons<\/strong>&nbsp;\u00e0 7h30. C&rsquo;est \u00e9videmment plus que durant la p\u00e9riode de confinement, mais cela reste bien en de\u00e7\u00e0 des niveaux habituellement observ\u00e9s \u00e0 cette heure.  <strong>La Chine fait \u00e9tat ce lundi de cinq nouveaux cas de coronavirus \u00e0 Wuhan<\/strong>, berceau de la pand\u00e9mie de Covid-19, au lendemain de l&rsquo;annonce de la premi\u00e8re infection en plus d&rsquo;un mois dans cette ville du centre du pays. La m\u00e9tropole de quelque 11 millions d&rsquo;habitants, plac\u00e9e \u00e0 partir de fin janvier pendant plus de deux mois en quarantaine, a \u00e9t\u00e9 particuli\u00e8rement meurtrie par le virus, qui a contamin\u00e9 dans le pays pr\u00e8s de 83 000 personnes et fait 4 633 victimes, \u00e0 en croire les chiffres officiels. <\/p>\n\n\n\n<p><strong>&nbsp;Avec la lev\u00e9e progressive des restrictions, des centaines de milliers de personnes reprennent le chemin du travail, bient\u00f4t suivies par les \u00e9coliers. Toutefois, la loi d&rsquo;\u00e9tat d&rsquo;urgence sanitaire n&rsquo;a pas \u00e9t\u00e9 promulgu\u00e9e dimanche soir comme esp\u00e9r\u00e9 par le gouvernement, le Conseil constitionnel devant l&rsquo;examiner seulement ce lundi.<\/strong>&nbsp;D\u00e8s lors l&rsquo;ex\u00e9cutif fait appel \u00ab\u00a0au sens de la responsabilit\u00e9 des Fran\u00e7ais\u00a0\u00bb pour respecter certaines de ses dispositions dans l&rsquo;intervalle, ont annonc\u00e9 l&rsquo;Elys\u00e9e et Matignon dans un communiqu\u00e9. Ceci repousse \u00e0 lundi soir, sous r\u00e9serve de cet aval, l&rsquo;entr\u00e9e en vigueur de deux dispositions phare: la limitation des d\u00e9placements \u00e0 100 km et l&rsquo;attestation obligatoire dans les transports en commun.<\/p>\n\n\n\n<p>Cette remise en mouvement, vitale pour relancer une \u00e9conomie plong\u00e9e dans une r\u00e9cession jamais vue depuis la deuxi\u00e8me guerre mondiale avec un ch\u00f4mage partiel touchant plus de 12 millions de personnes, inqui\u00e8te au plan sanitaire. D&rsquo;autant que l&rsquo;apparition de trois nouveaux foyers d&rsquo;infection dans des zones de l&rsquo;ouest du pays, class\u00e9es en \u00ab\u00a0vert\u00a0\u00bb, souligne les dangers de ce retour. L&rsquo;un a justement \u00e9t\u00e9 enregistr\u00e9 dans un coll\u00e8ge o\u00f9 des personnels pr\u00e9paraient la reprise.<\/p>\n\n\n\n<p>Un autre dans une entreprise. Ministres et responsables politiques ont donc redoubl\u00e9 d&rsquo;appels \u00e0 la prudence et \u00e0 la responsabilit\u00e9. \u00ab\u00a0Ce n&rsquo;est pas parce qu&rsquo;on parle de zone verte qu&rsquo;il n&rsquo;y a pas de virus qui circule\u00a0\u00bb, a averti Olivier V\u00e9ran dimanche soir sur TF1. \u00ab\u00a0Nous all\u00e9geons les conditions du confinement mais la vie ne peut pas reprendre comme elle \u00e9tait auparavant\u00a0\u00bb, a insist\u00e9 le ministre de la Sant\u00e9.<\/p>\n\n\n\n<p><\/p>\n","protected":false},"excerpt":{"rendered":"<p>Il manque 45 000 cheminots \u00bb pour faire circuler les trains de la SNCF en raison des cons\u00e9quences de l&rsquo;\u00e9pid\u00e9mie de #Covid_19 Incident sur la ligne 13, la fr\u00e9quentation \u00ab\u00a0particuli\u00e8rement importante\u00a0\u00bb Selon la RATP, des infiltrations d&rsquo;eau aux stations Carrefour Pleyel et Mairie de Saint-Ouen ont occasionn\u00e9 des probl\u00e8mes et des retards sur la ligne [&hellip;]<\/p>\n","protected":false},"author":2,"featured_media":15545,"comment_status":"open","ping_status":"open","sticky":false,"template":"","format":"standard","meta":{"_jetpack_memberships_contains_paid_content":false,"footnotes":"","jetpack_publicize_message":"","jetpack_publicize_feature_enabled":true,"jetpack_social_post_already_shared":true,"jetpack_social_options":{"image_generator_settings":{"template":"highway","default_image_id":0,"font":"","enabled":false},"version":2},"_wpas_customize_per_network":false},"categories":[405],"tags":[],"class_list":["post-15544","post","type-post","status-publish","format-standard","has-post-thumbnail","hentry","category-actu-france-monde"],"jetpack_publicize_connections":[],"jetpack_featured_media_url":"https:\/\/i0.wp.com\/www.iceagetv.com\/radiosite\/wp-content\/uploads\/2020\/05\/Sp%C3%A9ciale-d%C3%A9confinement.png?fit=621%2C351&ssl=1","jetpack_sharing_enabled":true,"_links":{"self":[{"href":"https:\/\/www.iceagetv.com\/radiosite\/wp-json\/wp\/v2\/posts\/15544","targetHints":{"allow":["GET"]}}],"collection":[{"href":"https:\/\/www.iceagetv.com\/radiosite\/wp-json\/wp\/v2\/posts"}],"about":[{"href":"https:\/\/www.iceagetv.com\/radiosite\/wp-json\/wp\/v2\/types\/post"}],"author":[{"embeddable":true,"href":"https:\/\/www.iceagetv.com\/radiosite\/wp-json\/wp\/v2\/users\/2"}],"replies":[{"embeddable":true,"href":"https:\/\/www.iceagetv.com\/radiosite\/wp-json\/wp\/v2\/comments?post=15544"}],"version-history":[{"count":3,"href":"https:\/\/www.iceagetv.com\/radiosite\/wp-json\/wp\/v2\/posts\/15544\/revisions"}],"predecessor-version":[{"id":15548,"href":"https:\/\/www.iceagetv.com\/radiosite\/wp-json\/wp\/v2\/posts\/15544\/revisions\/15548"}],"wp:featuredmedia":[{"embeddable":true,"href":"https:\/\/www.iceagetv.com\/radiosite\/wp-json\/wp\/v2\/media\/15545"}],"wp:attachment":[{"href":"https:\/\/www.iceagetv.com\/radiosite\/wp-json\/wp\/v2\/media?parent=15544"}],"wp:term":[{"taxonomy":"category","embeddable":true,"href":"https:\/\/www.iceagetv.com\/radiosite\/wp-json\/wp\/v2\/categories?post=15544"},{"taxonomy":"post_tag","embeddable":true,"href":"https:\/\/www.iceagetv.com\/radiosite\/wp-json\/wp\/v2\/tags?post=15544"}],"curies":[{"name":"wp","href":"https:\/\/api.w.org\/{rel}","templated":true}]}}