{"id":15552,"date":"2020-05-11T09:29:06","date_gmt":"2020-05-11T09:29:06","guid":{"rendered":"http:\/\/www.iceagetv.com\/radiosite\/?p=15552"},"modified":"2020-05-11T09:29:06","modified_gmt":"2020-05-11T09:29:06","slug":"deconfinement-pas-de-raison-que-letat-continue-a-payer-lintegralite-des-salaires-du-secteur-prive-estime-la-ministre-du-travail","status":"publish","type":"post","link":"https:\/\/www.iceagetv.com\/radiosite\/deconfinement-pas-de-raison-que-letat-continue-a-payer-lintegralite-des-salaires-du-secteur-prive-estime-la-ministre-du-travail\/","title":{"rendered":"D\u00e9confinement : \u00ab\u00a0pas de raison que l&rsquo;Etat continue \u00e0 payer l&rsquo;int\u00e9gralit\u00e9 des salaires\u00a0\u00bb du secteur priv\u00e9, estime la ministre du Travail"},"content":{"rendered":"\n<p> Le\u00a0<a href=\"https:\/\/www.francetvinfo.fr\/sante\/maladie\/coronavirus\/deconfinement\">d\u00e9confinement<\/a>\u00a0est amorc\u00e9\u00a0en France, lundi 11 mai, et la ministre du Travail a confirm\u00e9 que\u00a0le dispositif de prise en charge du ch\u00f4mage partiel allait \u00eatre progressivement r\u00e9duit. <\/p>\n\n\n\n<p><em>\u00ab\u00a0Aujourd&rsquo;hui, il y a 12,2 millions de salari\u00e9s qui sont couverts par le ch\u00f4mage partiel\u00a0\u00bb<\/em>, soit<em>&nbsp;\u00ab\u00a0six emplois sur dix du secteur priv\u00e9\u00a0\u00bb<\/em>, a d\u00e9clar\u00e9 Muriel P\u00e9nicaud sur LCI.&nbsp;Mais<em>&nbsp;\u00ab\u00a0aujourd&rsquo;hui, les conditions de la reprise sont l\u00e0. Donc il n&rsquo;y a pas tellement de raison que ce soit l&rsquo;Etat qui continue \u00e0 payer l&rsquo;int\u00e9gralit\u00e9 des salaires de 12 millions de salari\u00e9s en France\u00a0\u00bb<\/em>, a poursuivi la ministre.<\/p>\n\n\n\n<p><em>\u00ab\u00a0C&rsquo;est pour \u00e7a qu&rsquo;on va d\u00e9finir je pense dans la semaine quelle est la part de salaire que paiera l&rsquo;entreprise\u00a0\u00bb<\/em>, a-t-elle pr\u00e9cis\u00e9, en indiquant que ce montant n&rsquo;\u00e9tait\u00a0<em>\u00ab\u00a0pas encore d\u00e9cid\u00e9\u00a0\u00bb<\/em>.\u00a0<em>\u00ab\u00a0Ce sera modeste dans un premier temps mais progressif\u00a0\u00bb<\/em>, a-t-elle n\u00e9anmoins promis.<\/p>\n\n\n\n<p>Actuellement, les salari\u00e9s du priv\u00e9 mis au ch\u00f4mage partiel par leur entreprise b\u00e9n\u00e9ficient d&rsquo;une garantie de 84% du salaire net (100% au niveau du Smic), que l&rsquo;Etat et l&rsquo;assurance ch\u00f4mage remboursent int\u00e9gralement aux employeurs dans la limite de 4,5 Smic.<\/p>\n\n\n\n<p>En raison du d\u00e9confinement, le gouvernement a toutefois pr\u00e9vu que les entreprises contribuent dans des&nbsp;<em>\u00ab\u00a0proportions raisonnables\u00a0\u00bb<\/em>&nbsp;aux salaires des employ\u00e9s maintenus au ch\u00f4mage partiel, apr\u00e8s le 1er juin. Toutefos, le ch\u00f4mage partiel restera n\u00e9anmoins pris en charge<em>&nbsp;\u00ab\u00a0\u00e0 taux plein\u00a0\u00bb<\/em>&nbsp;dans certains secteurs comme l&rsquo;h\u00f4tellerie et la restauration, qui ne sont pas autoris\u00e9s \u00e0 reprendre leur activit\u00e9.<\/p>\n\n\n\n<h2 class=\"wp-block-heading\">La s\u00e9lection de franceinfo sur le coronavirus<\/h2>\n\n\n\n<ul class=\"wp-block-list\"><li><strong>Infographies.<\/strong>&nbsp;<a href=\"https:\/\/www.francetvinfo.fr\/sante\/maladie\/coronavirus\/deconfinement-ou-en-est-la-pandemie-de-covid-19-dans-votre-departement_3948329.html\">D\u00e9couvrez o\u00f9 en est la pand\u00e9mie de Covid-19 dans votre d\u00e9partement et sa couleur<\/a><\/li><li><strong>Synth\u00e8se.<\/strong>&nbsp;<a href=\"https:\/\/www.francetvinfo.fr\/sante\/maladie\/coronavirus\/tests-deplacements-regions-rouges-et-vertes-ce-qu-il-faut-retenir-des-annonces-du-gouvernement-sur-le-deconfinement_3953125.html\">Nouvelle attestation de d\u00e9placement, tests, plages&#8230; Ce qu&rsquo;il faut retenir des annonces du gouvernement avant le d\u00e9but du d\u00e9confinement<\/a><\/li><li><strong>Infographie.<\/strong>&nbsp;<a href=\"https:\/\/www.francetvinfo.fr\/sante\/maladie\/coronavirus\/infographie-coronavirus-comment-entretenir-les-masques-de-protection-en-tissu_3937079.html\">Comment entretenir les masques de protection en tissu ?<\/a><\/li><li><strong>Enqu\u00eate.<\/strong>&nbsp;<a href=\"https:\/\/www.francetvinfo.fr\/sante\/maladie\/coronavirus\/il-y-a-eu-de-multiples-patients-zero-comment-des-chercheurs-essayent-de-retracer-l-apparition-du-coronavirus-en-france_3951051.html\">\u00ab\u00a0Il y a eu de multiples patients z\u00e9ro\u00a0\u00bb : comment des chercheurs essayent de retracer l&rsquo;apparition du coronavirus en France.<\/a><\/li><li><strong>Explications.<\/strong>&nbsp;<a href=\"https:\/\/www.francetvinfo.fr\/sante\/maladie\/coronavirus\/coronavirus-en-quoi-le-deconfinement-sera-t-il-different-entre-les-departements-verts-et-rouges_3953387.html\">En quoi le d\u00e9confinement sera-t-il diff\u00e9rent entre les d\u00e9partements verts et rouges ?<\/a><\/li><\/ul>\n\n\n\n<p><\/p>\n\n\n\n<p><\/p>\n","protected":false},"excerpt":{"rendered":"<p>Le\u00a0d\u00e9confinement\u00a0est amorc\u00e9\u00a0en France, lundi 11 mai, et la ministre du Travail a confirm\u00e9 que\u00a0le dispositif de prise en charge du ch\u00f4mage partiel allait \u00eatre progressivement r\u00e9duit. \u00ab\u00a0Aujourd&rsquo;hui, il y a 12,2 millions de salari\u00e9s qui sont couverts par le ch\u00f4mage partiel\u00a0\u00bb, soit&nbsp;\u00ab\u00a0six emplois sur dix du secteur priv\u00e9\u00a0\u00bb, a d\u00e9clar\u00e9 Muriel P\u00e9nicaud sur LCI.&nbsp;Mais&nbsp;\u00ab\u00a0aujourd&rsquo;hui, les [&hellip;]<\/p>\n","protected":false},"author":2,"featured_media":15553,"comment_status":"open","ping_status":"open","sticky":false,"template":"","format":"standard","meta":{"_jetpack_memberships_contains_paid_content":false,"footnotes":"","jetpack_publicize_message":"","jetpack_publicize_feature_enabled":true,"jetpack_social_post_already_shared":true,"jetpack_social_options":{"image_generator_settings":{"template":"highway","default_image_id":0,"font":"","enabled":false},"version":2},"_wpas_customize_per_network":false},"categories":[405],"tags":[],"class_list":["post-15552","post","type-post","status-publish","format-standard","has-post-thumbnail","hentry","category-actu-france-monde"],"jetpack_publicize_connections":[],"jetpack_featured_media_url":"https:\/\/i0.wp.com\/www.iceagetv.com\/radiosite\/wp-content\/uploads\/2020\/05\/pas-de-raison-que-lEtat-continue-%C3%A0-payer-lint%C3%A9gralit%C3%A9-des-salaires.jpg?fit=1023%2C385&ssl=1","jetpack_sharing_enabled":true,"_links":{"self":[{"href":"https:\/\/www.iceagetv.com\/radiosite\/wp-json\/wp\/v2\/posts\/15552","targetHints":{"allow":["GET"]}}],"collection":[{"href":"https:\/\/www.iceagetv.com\/radiosite\/wp-json\/wp\/v2\/posts"}],"about":[{"href":"https:\/\/www.iceagetv.com\/radiosite\/wp-json\/wp\/v2\/types\/post"}],"author":[{"embeddable":true,"href":"https:\/\/www.iceagetv.com\/radiosite\/wp-json\/wp\/v2\/users\/2"}],"replies":[{"embeddable":true,"href":"https:\/\/www.iceagetv.com\/radiosite\/wp-json\/wp\/v2\/comments?post=15552"}],"version-history":[{"count":1,"href":"https:\/\/www.iceagetv.com\/radiosite\/wp-json\/wp\/v2\/posts\/15552\/revisions"}],"predecessor-version":[{"id":15554,"href":"https:\/\/www.iceagetv.com\/radiosite\/wp-json\/wp\/v2\/posts\/15552\/revisions\/15554"}],"wp:featuredmedia":[{"embeddable":true,"href":"https:\/\/www.iceagetv.com\/radiosite\/wp-json\/wp\/v2\/media\/15553"}],"wp:attachment":[{"href":"https:\/\/www.iceagetv.com\/radiosite\/wp-json\/wp\/v2\/media?parent=15552"}],"wp:term":[{"taxonomy":"category","embeddable":true,"href":"https:\/\/www.iceagetv.com\/radiosite\/wp-json\/wp\/v2\/categories?post=15552"},{"taxonomy":"post_tag","embeddable":true,"href":"https:\/\/www.iceagetv.com\/radiosite\/wp-json\/wp\/v2\/tags?post=15552"}],"curies":[{"name":"wp","href":"https:\/\/api.w.org\/{rel}","templated":true}]}}