{"id":15563,"date":"2020-05-13T09:19:18","date_gmt":"2020-05-13T09:19:18","guid":{"rendered":"http:\/\/www.iceagetv.com\/radiosite\/?p=15563"},"modified":"2020-05-13T09:19:18","modified_gmt":"2020-05-13T09:19:18","slug":"deconfinement-quelles-villes-vont-rouvrir-les-plages","status":"publish","type":"post","link":"https:\/\/www.iceagetv.com\/radiosite\/deconfinement-quelles-villes-vont-rouvrir-les-plages\/","title":{"rendered":"D\u00c9CONFINEMENT : QUELLES VILLES VONT ROUVRIR LES PLAGES ?"},"content":{"rendered":"\n<p>Une r\u00e9ouverture au cas par cas. Alors qu\u2019elles devaient rester initialement ferm\u00e9es jusqu\u2019\u00e0 d\u00e9but juin, certaines plages de l&rsquo;Hexagone pourront rouvrir \u00e0 partir de ce lundi 11 mai, \u00e0 la demande des maires et apr\u00e8s autorisation du pr\u00e9fet.<\/p>\n\n\n\n<p>\u00abLa r\u00e8gle g\u00e9n\u00e9rale, c&rsquo;est la fermeture. Mais il sera possible d&rsquo;avoir acc\u00e8s \u00e0 ces sites \u00e0 la demande des maires sur autorisation du pr\u00e9fet\u00bb, a annonc\u00e9 le ministre de l&rsquo;Int\u00e9rieur Christophe Castaner le 7 mai, lors d&rsquo;une conf\u00e9rence de presse sur le d\u00e9confinement.<\/p>\n\n\n\n<p>A condition toutefois de pr\u00e9senter \u00abun dispositif et des am\u00e9nagements suffisants pour garantir la distanciation physique\u00bb, a-t-il pr\u00e9cis\u00e9. Tour d\u2019horizon des villes o\u00f9 l\u2019acc\u00e8s au sable est autoris\u00e9, ou pourrait l&rsquo;\u00eatre plus t\u00f4t que pr\u00e9vu.<\/p>\n\n\n\n<h2 class=\"wp-block-heading\">LES SABLES-D\u2019OLONNE (VEND\u00c9E)<\/h2>\n\n\n\n<p>Le maire des Sables-d\u2019Olonne, Yannick Moreau, a annonc\u00e9 ce mercredi 13 mai la r\u00e9ouverture \u00abdans la journ\u00e9e\u00bb des 12 km de \u00abplages urbaines ou naturelles\u00bb de la commune.<\/p>\n\n\n\n<p>\u00abBonne nouvelle pour les Sablaises et les Sablais ! Le pr\u00e9fet de Vend\u00e9e a valid\u00e9 notre dossier de demande de r\u00e9ouverture de nos plages sur le mode actif et sportif\u00bb, a-t-il \u00e9crit sur sa page Facebook. \u00abApr\u00e8s de tr\u00e8s longues semaines de privation, nous allons pouvoir enfin profiter des espaces et du bonheur de nos plages\u00bb, a-t-il ajout\u00e9.<\/p>\n\n\n\n<p>L\u2019\u00e9dile avait envoy\u00e9 un dossier complet \u00e0 la pr\u00e9fecture de la Vend\u00e9e d\u00e8s le 9 mai. \u00abNotre dossier est un bon dossier, d\u00e9taill\u00e9, raisonnable et responsable. Nous avons confiance en notre capacit\u00e9 de convaincre le pr\u00e9fet de la Vend\u00e9e.\u00bb, avait-il d\u00e9clar\u00e9 au&nbsp;<a href=\"https:\/\/www.lereportersablais.com\/les-sables-dolonne-vendee-coronavirus-plages-le-message-du-maire-yannick-moreau-liberte-esperee\/\" target=\"_blank\" rel=\"noreferrer noopener\">Reporter Sablais<\/a>.<\/p>\n\n\n\n<h2 class=\"wp-block-heading\">LA BAULE-ESCOUBLAC ET PORNICHET (LOIRE-ATLANTIQUE)<\/h2>\n\n\n\n<p>La d\u00e9cision de r\u00e9ouverture officielle concernant La Baule et Pornichet a \u00e9t\u00e9 communiqu\u00e9e ce 12 mai.<\/p>\n\n\n\n<p>La mairie de La Baule-Escoublac a pr\u00e9cis\u00e9 t\u00f4t ce mercredi 13 mai que la plage demeurait ferm\u00e9e \u00able temps que les mesures pr\u00e9fectorales soient concr\u00e8tement mises en place\u00bb, mais que la r\u00e9ouverture devrait \u00eatre effective \u00abdans la journ\u00e9e\u00bb.<\/p>\n\n\n\n<p>Mais pas question de se pr\u00e9lasser sur le sable, il faudra rester dynamique. \u00abToute pr\u00e9sence statique, assise ou allong\u00e9e, est interdite\u00bb sur ces plages \u00abainsi que la pratique du pique-nique\u00bb, selon un arr\u00eat\u00e9 pr\u00e9fectoral.<\/p>\n\n\n\n<p>Les regroupements de plus de dix personnes, les activit\u00e9s physiques collectives, les \u00abpratiques festives\u00bb et la consommation d&rsquo;alcool sont \u00e9galement interdites sur la plage de La Baule.<\/p>\n\n\n\n<p>La promenade, la baignade, la pratique sportive individuelle et la p\u00eache \u00e0 pied, sont en revanche autoris\u00e9es par l&rsquo;arr\u00eat\u00e9 pr\u00e9fectoral.<\/p>\n\n\n\n<p> En Loire-Atlantique, les villes de Saint-Nazaire et Saint-Br\u00e9vin-les-Pins ont \u00e9galement demand\u00e9 une d\u00e9rogation \u00e0 la pr\u00e9fecture pour pouvoir rouvrir leurs plages dans le respect des mesures de distanciation physique. <\/p>\n\n\n\n<h2 class=\"wp-block-heading\">VILLENEUVE-L\u00c8S-MAGUELONE (H\u00c9RAULT)<\/h2>\n\n\n\n<p>Les plages de Villeneuve-l\u00e8s-Maguelone rouvriront samedi 16 mai a annonc\u00e9 le maire de la ville, No\u00ebl S\u00e9gura, sur sa page Facebook.<\/p>\n\n\n\n<p>\u00abA compter de samedi les plages du Pilou et du Pr\u00e9vost vont \u00eatre rouvertes. Mr le Pr\u00e9fet a en effet d\u00e9cid\u00e9 de r\u00e9pondre favorablement \u00e0 ma demande\u00bb, a-t-il \u00e9crit, avant de lister les contraintes auxquelles les habitants devront se plier.<\/p>\n\n\n\n<p>Il pr\u00e9cise notamment que les plages seront ouvertes de 8h \u00e0 20h, que seules les activit\u00e9s dynamiques &#8211; la promenade, la nage, la p\u00e8che, le kitesurf ou le paddle &#8211; seront autoris\u00e9es (pas de bronzage), et que les regroupements de plus de 10 personnes seront interdits.<\/p>\n\n\n\n<p>D&rsquo;autres maires des communes littorales du Languedoc-Roussillon, telles que Palavas-les-Flots, la Grande-Motte, Frontignan, Marseillan, Agde, ou encore S\u00e8te, ont \u00e9galement fait la demande aupr\u00e8s du pr\u00e9fet Jacques Witkowski.<\/p>\n\n\n\n<h2 class=\"wp-block-heading\">LE TOUQUET-PARIS-PLAGE (PAS DE-CALAIS)<\/h2>\n\n\n\n<p>La maire du Touquet-Paris-Plage, Lilyane Lussignol, a annonc\u00e9 que, d\u00e8s ce lundi 11 mai apr\u00e8s-midi, elle soumettra un cahier des charges au pr\u00e9fet concernant l\u2019ouverture des plages. L\u2019\u00e9dile a n\u00e9anmoins pr\u00e9cis\u00e9 qu\u2019il ne se pas possible de l\u00e9zarder tout l\u2019apr\u00e8s-midi au soleil sur sa serviette.<\/p>\n\n\n\n<p>\u00abOn pourra marcher, courir, mais on ne pourra pas installer sa serviette. Une r\u00e9flexion est en cours pour autoriser l\u2019acc\u00e8s \u00e0 la plage \u00e0 mar\u00e9e basse pendant un temps limit\u00e9\u00bb, a-t-elle d\u00e9clar\u00e9 aupr\u00e8s de\u00a0<a rel=\"noreferrer noopener\" href=\"https:\/\/france3-regions.francetvinfo.fr\/hauts-de-france\/carte-deconfinement-hauts-france-ces-maires-qui-demandent-reouverture-plages-11-mai-1826602.html\" target=\"_blank\">France 3 Hauts-de-France<\/a>.<\/p>\n\n\n\n<h2 class=\"wp-block-heading\">DUNKERQUE (NORD)<\/h2>\n\n\n\n<p>De son c\u00f4t\u00e9, le maire de Dunkerque, Patrice Vergriete, a indiqu\u00e9 sur sa page Facebook, qu\u2019il proposera \u00abd\u00e8s que possible\u00bb un plan au pr\u00e9fet du Nord \u00abafin que nous puissions profiter \u00e0 nouveau le plus rapidement possible de nos digues et de nos plages\u00bb. Il esp\u00e8re pouvoir rouvrir les plages avant le week-end prochain.<\/p>\n\n\n\n<h2 class=\"wp-block-heading\">PLOEMEUR (MORBIHAN)<\/h2>\n\n\n\n<p>Ronan Loas, maire de Ploemeur, a d\u00e9clar\u00e9 sur&nbsp;<a href=\"https:\/\/www.europe1.fr\/societe\/deconfinement-les-plages-pourront-rouvrir-au-cas-par-cas-le-11-mai-les-maires-satisfaits-3967045\" target=\"_blank\" rel=\"noreferrer noopener\">Europe 1<\/a>&nbsp;avoir \u00abenvoy\u00e9 un petit message au pr\u00e9fet\u00bb, juste apr\u00e8s les annonces gouvernementales. \u00abOn va faire appel au civisme de nos habitants. \u00c7a veut dire que si \u00e7a d\u00e9conne, je n\u2019h\u00e9siterai pas \u00e0 fermer les plages\u00bb, a-t-il n\u00e9anmoins pr\u00e9venu.<\/p>\n\n\n\n<h2 class=\"wp-block-heading\">ANTIBES (ALPES-MARITIMES)<\/h2>\n\n\n\n<p>Le maire d&rsquo;Antibes, Jean Leonetti, s&rsquo;est dit \u00e9galement favorable \u00e0 la r\u00e9ouverture des plages pour permettre sur la commune \u00abdes activit\u00e9s sportives\u00bb en mer. \u00abD\u00e8s le 11 mai, je demanderai au pr\u00e9fet des Alpes Maritimes la possibilit\u00e9 d\u2019autoriser l\u2019acc\u00e8s \u00e0 la mer pour des activit\u00e9s sportives sous certaines conditions conform\u00e9ment \u00e0 ce qui a \u00e9t\u00e9 annonc\u00e9\u00bb, a-t-il \u00e9crit dans un tweet.<\/p>\n\n\n\n<h2 class=\"wp-block-heading\">TOULON (VAR)<\/h2>\n\n\n\n<p>Les Toulonnais pourraient \u00e9galement retrouver le chemin de la plage prochainement. Le maire de Toulon, Hubert Falco, a imm\u00e9diatement demand\u00e9 l\u2019autorisation au pr\u00e9fet du Var d\u2019ouvrir les plages.<\/p>\n\n\n\n<p>\u00abJe souhaite que nos plages puissent rouvrir \u00e0 partir du 11 mai, comme je souhaitais \u00e9galement que la plaisance puisse \u00eatre \u00e0 nouveau autoris\u00e9e pour que nous puissions \u00e0 nouveau profiter du littoral et de notre si belle M\u00e9diterran\u00e9e.\u00bb, a \u00e9crit l\u2019\u00e9lu sur son compte Twitter.<br><\/p>\n\n\n\n<h2 class=\"wp-block-heading\">SAINT-MALO (ILLE-ET-VILAINE)<\/h2>\n\n\n\n<p>Autre ouverture attendue avec impatience par les habitants&nbsp;: les plages de Saint-Malo. \u00abJe vais demander \u00e0 Mme la Pr\u00e9f\u00e8te la r\u00e9ouverture progressive et protectrice de nos plages en respectant les distances physiques\u00bb, a fait savoir le maire de la ville, Claude Renoult.<\/p>\n\n\n\n<p>En revanche, il faudra encore se montrer patient avant de pouvoir de nouveau fouler le sable de la plage du Sillon. Les discussions avec la pr\u00e9fecture devraient d\u00e9buter cette semaine.<\/p>\n\n\n\n<h2 class=\"wp-block-heading\">BIARRITZ, SAINT-JEAN-DE-LUZ\u2026<\/h2>\n\n\n\n<p>Les maires des huit communes du littoral basque, \u00e0 savoir Anglet, Biarritz, Bidard, Saint-Jean-de-Luz, Urrugne, Gu\u00e9thary, Ciboure et Hendaye, se sont entretenus ce samedi 9 mai avec le pr\u00e9fet des Pyr\u00e9n\u00e9es-Atlantiques. Ils ont unanimement r\u00e9clam\u00e9 une ouverture des plages avant le 2 juin. La r\u00e9ouverture devrait avoir lieu autour du 15 mai, pr\u00e9cise&nbsp;<a href=\"https:\/\/www.sudouest.fr\/2020\/05\/09\/cote-basque-les-maires-unanimes-pour-une-ouverture-dynamique-des-plages-7471827-3944.php\" target=\"_blank\" rel=\"noreferrer noopener\">Sud-Ouest<\/a>.<\/p>\n\n\n\n<h2 class=\"wp-block-heading\">MENTON (ALPES-MARITIMES)<\/h2>\n\n\n\n<p>Apr\u00e8s les annonces du ministre de l&rsquo;Int\u00e9rieur, le maire de menton, Jean-Claude Guibal, a imm\u00e9diatement saisi le pr\u00e9fet des Alpes-Maritimes pour que les plages puissent \u00eatre accessibles d\u00e8s la premi\u00e8re semaine de d\u00e9confinement.<\/p>\n\n\n\n<p><\/p>\n","protected":false},"excerpt":{"rendered":"<p>Une r\u00e9ouverture au cas par cas. Alors qu\u2019elles devaient rester initialement ferm\u00e9es jusqu\u2019\u00e0 d\u00e9but juin, certaines plages de l&rsquo;Hexagone pourront rouvrir \u00e0 partir de ce lundi 11 mai, \u00e0 la demande des maires et apr\u00e8s autorisation du pr\u00e9fet. \u00abLa r\u00e8gle g\u00e9n\u00e9rale, c&rsquo;est la fermeture. Mais il sera possible d&rsquo;avoir acc\u00e8s \u00e0 ces sites \u00e0 la [&hellip;]<\/p>\n","protected":false},"author":2,"featured_media":15564,"comment_status":"open","ping_status":"open","sticky":false,"template":"","format":"standard","meta":{"_jetpack_memberships_contains_paid_content":false,"footnotes":"","jetpack_publicize_message":"","jetpack_publicize_feature_enabled":true,"jetpack_social_post_already_shared":true,"jetpack_social_options":{"image_generator_settings":{"template":"highway","default_image_id":0,"font":"","enabled":false},"version":2},"_wpas_customize_per_network":false},"categories":[405],"tags":[],"class_list":["post-15563","post","type-post","status-publish","format-standard","has-post-thumbnail","hentry","category-actu-france-monde"],"jetpack_publicize_connections":[],"jetpack_featured_media_url":"https:\/\/i0.wp.com\/www.iceagetv.com\/radiosite\/wp-content\/uploads\/2020\/05\/QUELLES-VILLES-VONT-ROUVRIR-LES-PLAGES.jpg?fit=640%2C360&ssl=1","jetpack_sharing_enabled":true,"_links":{"self":[{"href":"https:\/\/www.iceagetv.com\/radiosite\/wp-json\/wp\/v2\/posts\/15563","targetHints":{"allow":["GET"]}}],"collection":[{"href":"https:\/\/www.iceagetv.com\/radiosite\/wp-json\/wp\/v2\/posts"}],"about":[{"href":"https:\/\/www.iceagetv.com\/radiosite\/wp-json\/wp\/v2\/types\/post"}],"author":[{"embeddable":true,"href":"https:\/\/www.iceagetv.com\/radiosite\/wp-json\/wp\/v2\/users\/2"}],"replies":[{"embeddable":true,"href":"https:\/\/www.iceagetv.com\/radiosite\/wp-json\/wp\/v2\/comments?post=15563"}],"version-history":[{"count":1,"href":"https:\/\/www.iceagetv.com\/radiosite\/wp-json\/wp\/v2\/posts\/15563\/revisions"}],"predecessor-version":[{"id":15565,"href":"https:\/\/www.iceagetv.com\/radiosite\/wp-json\/wp\/v2\/posts\/15563\/revisions\/15565"}],"wp:featuredmedia":[{"embeddable":true,"href":"https:\/\/www.iceagetv.com\/radiosite\/wp-json\/wp\/v2\/media\/15564"}],"wp:attachment":[{"href":"https:\/\/www.iceagetv.com\/radiosite\/wp-json\/wp\/v2\/media?parent=15563"}],"wp:term":[{"taxonomy":"category","embeddable":true,"href":"https:\/\/www.iceagetv.com\/radiosite\/wp-json\/wp\/v2\/categories?post=15563"},{"taxonomy":"post_tag","embeddable":true,"href":"https:\/\/www.iceagetv.com\/radiosite\/wp-json\/wp\/v2\/tags?post=15563"}],"curies":[{"name":"wp","href":"https:\/\/api.w.org\/{rel}","templated":true}]}}