{"id":15580,"date":"2020-05-14T10:57:11","date_gmt":"2020-05-14T10:57:11","guid":{"rendered":"http:\/\/www.iceagetv.com\/radiosite\/?p=15580"},"modified":"2020-05-14T10:57:11","modified_gmt":"2020-05-14T10:57:11","slug":"edouard-philippe-les-francais-pourront-partir-en-vacances-cet-ete-en-france-en-juillet-et-en-aout-les-cafes-et-les-restaurants-dans-les-zones-vertes-pourraient-rouvrir-le-2-juin","status":"publish","type":"post","link":"https:\/\/www.iceagetv.com\/radiosite\/edouard-philippe-les-francais-pourront-partir-en-vacances-cet-ete-en-france-en-juillet-et-en-aout-les-cafes-et-les-restaurants-dans-les-zones-vertes-pourraient-rouvrir-le-2-juin\/","title":{"rendered":"Edouard Philippe: \u00ab\u00a0Les Fran\u00e7ais pourront partir en vacances cet \u00e9t\u00e9 en France en juillet et en ao\u00fbt\u00a0\u00bb &#8211; \u00ab\u00a0Les caf\u00e9s et les restaurants dans les zones vertes pourraient rouvrir le 2 juin"},"content":{"rendered":"\n<p>Les Fran\u00e7ais pourront partir en vacances en France en juillet et ao\u00fbt en d\u00e9pit du Covid-19, a annonc\u00e9 jeudi le Premier ministre Edouard Philippe en d\u00e9voilant un plan de relance du tourisme \u00ab&nbsp;massif&nbsp;\u00bb, repr\u00e9sentant \u00ab&nbsp;pour les finances publiques un engagement de 18 milliards d\u2019euros&nbsp;\u00bb.<\/p>\n\n\n\n<p>\u00ab&nbsp;Le tourisme fait probablement face \u00e0 la pire \u00e9preuve de son histoire moderne, alors m\u00eame que c\u2019est un des fleurons de l\u2019\u00e9conomie fran\u00e7aise, son sauvetage est donc une priorit\u00e9 nationale&nbsp;\u00bb, a d\u00e9clar\u00e9 le Premier ministre au sortir d\u2019un comit\u00e9 interminist\u00e9riel d\u00e9di\u00e9 au secteur.<\/p>\n\n\n\n<p>H\u00f4tels, restaurants, voyagistes: toute la fili\u00e8re fran\u00e7aise est \u00e0 l\u2019arr\u00eat depuis mi-mars, et 62.000 de ses entreprises ont d\u2019ores et d\u00e9j\u00e0 b\u00e9n\u00e9fici\u00e9 de 6,2 milliards d\u2019euros de pr\u00eats garantis par l\u2019Etat. \u00ab\u00a0Le gouvernement souhaite que les caf\u00e9s et restaurants puissent rouvrir le 2 juin dans les zones vertes\u00a0\u00bb,&nbsp;poursuit le Premier ministre.<\/p>\n\n\n\n<p>Mais \u00ab&nbsp;les Fran\u00e7ais pourront partir en vacances en France au mois de juillet et au mois d\u2019ao\u00fbt&nbsp;\u00bb, a annonc\u00e9 jeudi Edouard Philippe, sous r\u00e9serve toutefois \u00ab&nbsp;de possibles restrictions tr\u00e8s localis\u00e9es&nbsp;\u00bb en fonction de l\u2019\u00e9volution de l\u2019\u00e9pid\u00e9mie de coronavirus.<\/p>\n\n\n\n<p>Ils \u00ab&nbsp;peuvent prendre leurs r\u00e9servations&nbsp;\u00bb, a-t-il affirm\u00e9, en soulignant que \u00ab&nbsp;les acteurs du tourisme, de l\u2019h\u00f4tellerie, se sont engag\u00e9s \u00e0 faire en sorte qu\u2019ils soient int\u00e9gralement rembours\u00e9s dans l\u2019hypoth\u00e8se o\u00f9 l\u2019\u00e9volution de l\u2019\u00e9pid\u00e9mie ne rendrait pas possible le d\u00e9part en vacances&nbsp;\u00bb.<\/p>\n\n\n\n<p>Apr\u00e8s avoir d\u00e9bloqu\u00e9 une aide d\u2019urgence, le gouvernement dit vouloir \u00e0 pr\u00e9sent \u00ab&nbsp;accompagner \u00e0 la fois la reprise, puis la relance d\u2019un secteur&nbsp;\u00bb mis \u00e0 terre par l\u2019\u00e9pid\u00e9mie de Covid-19 et qui repr\u00e9sente 7% du PIB fran\u00e7ais, ainsi que deux millions d\u2019emplois.<\/p>\n\n\n\n<p>\u00ab&nbsp;L\u2019effort d\u2019investissement&nbsp;\u00bb de l\u2019Etat sera port\u00e9 par la Banque des Territoires et Bpifrance, \u00ab&nbsp;qui ont formalis\u00e9 un plan de relance Tourisme commun de plus de trois milliards d\u2019euros de financements entre aujourd\u2019hui et 2023&nbsp;\u00bb, sous forme de pr\u00eats et d\u2019investissements en fonds propre, selon les d\u00e9tails du plan.<\/p>\n\n\n\n<p>Au total, l\u2019ensemble des mesures gouvernementales repr\u00e9sente \u00ab&nbsp;un engagement de plus de 18 milliards d\u2019euros pour les finances publiques: c\u2019est sans pr\u00e9c\u00e9dent, c\u2019est massif, c\u2019est n\u00e9cessaire&nbsp;\u00bb, a d\u00e9clar\u00e9 le Premier ministre.<\/p>\n\n\n\n<p>Deux revendications du secteur ont \u00e9t\u00e9 partiellement entendues: le recours \u00e0 l\u2019activit\u00e9 partielle sera possible jusqu\u2019\u00e0 fin 2020 pour les entreprises du tourisme et de l\u2019\u00e9v\u00e8nementiel, tandis que l\u2019acc\u00e8s au fonds de solidarit\u00e9, pour les entreprises du secteur des caf\u00e9s h\u00f4tels restaurants, du tourisme, de l\u2019\u00e9v\u00e9nementiel, du sport et de la culture, sera prolong\u00e9 jusqu\u2019\u00e0 fin septembre &#8211; les professionnels le demandaient jusqu\u2019\u00e0 la fin de l\u2019ann\u00e9e.<\/p>\n\n\n\n<p>En revanche, le gouvernement n\u2019a pas fait de geste sur la TVA, qu\u2019un collectif de restaurateurs emmen\u00e9 par Olivier Bertrand, le patron du groupe Bertrand (Quick, Burger King, Hippopotamus&#8230;) souhaitait voir abaiss\u00e9e \u00e0 5,5%.<\/p>\n\n\n\n<p>Pour \u00ab&nbsp;soutenir la demande&nbsp;\u00bb et inciter les Fran\u00e7ais \u00e0 retourner dans les restaurants lorsqu\u2019ils pourront rouvrir, le plafond journalier des tickets-restaurants sera doubl\u00e9, \u00e0 38 euros, et leur utilisation sera autoris\u00e9e les weekends et jours f\u00e9ri\u00e9s, jusqu\u2019\u00e0 fin 2020.<\/p>\n","protected":false},"excerpt":{"rendered":"<p>Les Fran\u00e7ais pourront partir en vacances en France en juillet et ao\u00fbt en d\u00e9pit du Covid-19, a annonc\u00e9 jeudi le Premier ministre Edouard Philippe en d\u00e9voilant un plan de relance du tourisme \u00ab&nbsp;massif&nbsp;\u00bb, repr\u00e9sentant \u00ab&nbsp;pour les finances publiques un engagement de 18 milliards d\u2019euros&nbsp;\u00bb. \u00ab&nbsp;Le tourisme fait probablement face \u00e0 la pire \u00e9preuve de son [&hellip;]<\/p>\n","protected":false},"author":2,"featured_media":15581,"comment_status":"open","ping_status":"open","sticky":false,"template":"","format":"standard","meta":{"_jetpack_memberships_contains_paid_content":false,"footnotes":"","jetpack_publicize_message":"","jetpack_publicize_feature_enabled":true,"jetpack_social_post_already_shared":true,"jetpack_social_options":{"image_generator_settings":{"template":"highway","default_image_id":0,"font":"","enabled":false},"version":2},"_wpas_customize_per_network":false},"categories":[405],"tags":[],"class_list":["post-15580","post","type-post","status-publish","format-standard","has-post-thumbnail","hentry","category-actu-france-monde"],"jetpack_publicize_connections":[],"jetpack_featured_media_url":"https:\/\/i0.wp.com\/www.iceagetv.com\/radiosite\/wp-content\/uploads\/2020\/05\/Les-Fran%C3%A7ais-pourront-partir-en-vacances-cet-%C3%A9t%C3%A9-en-France-en-juillet-et-en-ao%C3%BBt.png?fit=876%2C382&ssl=1","jetpack_sharing_enabled":true,"_links":{"self":[{"href":"https:\/\/www.iceagetv.com\/radiosite\/wp-json\/wp\/v2\/posts\/15580","targetHints":{"allow":["GET"]}}],"collection":[{"href":"https:\/\/www.iceagetv.com\/radiosite\/wp-json\/wp\/v2\/posts"}],"about":[{"href":"https:\/\/www.iceagetv.com\/radiosite\/wp-json\/wp\/v2\/types\/post"}],"author":[{"embeddable":true,"href":"https:\/\/www.iceagetv.com\/radiosite\/wp-json\/wp\/v2\/users\/2"}],"replies":[{"embeddable":true,"href":"https:\/\/www.iceagetv.com\/radiosite\/wp-json\/wp\/v2\/comments?post=15580"}],"version-history":[{"count":1,"href":"https:\/\/www.iceagetv.com\/radiosite\/wp-json\/wp\/v2\/posts\/15580\/revisions"}],"predecessor-version":[{"id":15582,"href":"https:\/\/www.iceagetv.com\/radiosite\/wp-json\/wp\/v2\/posts\/15580\/revisions\/15582"}],"wp:featuredmedia":[{"embeddable":true,"href":"https:\/\/www.iceagetv.com\/radiosite\/wp-json\/wp\/v2\/media\/15581"}],"wp:attachment":[{"href":"https:\/\/www.iceagetv.com\/radiosite\/wp-json\/wp\/v2\/media?parent=15580"}],"wp:term":[{"taxonomy":"category","embeddable":true,"href":"https:\/\/www.iceagetv.com\/radiosite\/wp-json\/wp\/v2\/categories?post=15580"},{"taxonomy":"post_tag","embeddable":true,"href":"https:\/\/www.iceagetv.com\/radiosite\/wp-json\/wp\/v2\/tags?post=15580"}],"curies":[{"name":"wp","href":"https:\/\/api.w.org\/{rel}","templated":true}]}}