{"id":15585,"date":"2020-05-15T07:06:17","date_gmt":"2020-05-15T07:06:17","guid":{"rendered":"http:\/\/www.iceagetv.com\/radiosite\/?p=15585"},"modified":"2020-05-15T07:06:17","modified_gmt":"2020-05-15T07:06:17","slug":"valery-giscard-destaing-est-tres-affecte-par-laccusation-dagression-sexuelle-portee-contre-lui-par-une-journaliste-allemande-dont-il-dit-navoir-aucun-souvenir","status":"publish","type":"post","link":"https:\/\/www.iceagetv.com\/radiosite\/valery-giscard-destaing-est-tres-affecte-par-laccusation-dagression-sexuelle-portee-contre-lui-par-une-journaliste-allemande-dont-il-dit-navoir-aucun-souvenir\/","title":{"rendered":"Val\u00e9ry Giscard d&rsquo;Estaing est \u00ab\u00a0tr\u00e8s affect\u00e9\u00a0\u00bb par l&rsquo;accusation d&rsquo;agression sexuelle port\u00e9e contre lui par une journaliste allemande, dont il dit n&rsquo;avoir \u00ab\u00a0aucun souvenir\u00a0\u00bb"},"content":{"rendered":"\n<p>Val\u00e9ry Giscard d&rsquo;Estaing est \u00ab\u00a0tr\u00e8s affect\u00e9\u00a0\u00bb par l&rsquo;accusation d&rsquo;agression sexuelle port\u00e9e contre lui par une journaliste allemande, dont il dit n&rsquo;avoir \u00ab\u00a0aucun souvenir\u00a0\u00bb, selon un communiqu\u00e9 transmis jeudi par l&rsquo;avocat de l&rsquo;ancien chef de l&rsquo;Etat. \u00ab\u00a0Le pr\u00e9sident Val\u00e9ry Giscard d&rsquo;Estaing a \u00e9t\u00e9 tr\u00e8s affect\u00e9 et bless\u00e9 par l&rsquo;accusation d&rsquo;agression sexuelle port\u00e9e \u00e0 son encontre par Mme Stracke, dont il n&rsquo;a aucun souvenir\u00a0\u00bb, a \u00e9crit dans ce communiqu\u00e9 Me Jean-Marc Fedida.<\/p>\n\n\n\n<p>A 94 ans, l&rsquo;ancien pr\u00e9sident de la R\u00e9publique fait l&rsquo;objet depuis lundi d&rsquo;une enqu\u00eate \u00e0 Paris pour agression sexuelle, apr\u00e8s la plainte de la journaliste Ann-Kathrin Stracke, qui l&rsquo;accuse de lui avoir touch\u00e9 les fesses lors d&rsquo;une interview fin 2018. Ann-Kathrin Stracke, journaliste de 37 ans \u00e0 la t\u00e9l\u00e9vision publique allemande WDR, avait \u00e9crit le 10 mars au parquet de Paris pour d\u00e9noncer les gestes qu&rsquo;aurait effectu\u00e9s l&rsquo;actuel membre du Conseil Constitutionnel lors d&rsquo;une interview r\u00e9alis\u00e9e dans son bureau parisien.<\/p>\n\n\n\n<p>\u00ab\u00a0Conform\u00e9ment \u00e0 l&rsquo;id\u00e9e qu&rsquo;il se fait de la dignit\u00e9\u00a0\u00bb, Val\u00e9ry Giscard d&rsquo;Estaing \u00ab\u00a0a choisi de ne pas alimenter par des d\u00e9clarations une pol\u00e9mique d&rsquo;une telle nature\u00a0\u00bb, ajoute son avocat dans le communiqu\u00e9. \u00ab\u00a0Mais confiant dans les institutions notamment judiciaires, il a demand\u00e9 \u00e0 son avocat, Me Jean-Marc Fedida, d&rsquo;entreprendre toute action qui serait rendue n\u00e9cessaire par des attaques diffamatoires et attentatoires \u00e0 son honneur\u00a0\u00bb, pr\u00e9cise-t-il.<\/p>\n\n\n\n<p>Lundi, le parquet de Paris avait annonc\u00e9 \u00e0 l&rsquo;AFP avoir ouvert une enqu\u00eate pour des faits d'\u00a0\u00bbagression sexuelle\u00a0\u00bb et avoir confi\u00e9 les investigations \u00e0 la brigade de r\u00e9pression de la d\u00e9linquance contre la personne (BRDP).<\/p>\n\n\n\n<p>\u00ab\u00a0J&rsquo;ai d\u00e9cid\u00e9 de raconter mon histoire parce que je pense que les gens doivent savoir qu&rsquo;un ancien pr\u00e9sident fran\u00e7ais a harcel\u00e9 sexuellement une journaliste, en l&rsquo;occurrence moi, apr\u00e8s une interview\u00a0\u00bb, avait expliqu\u00e9 la journaliste. Elle se disait encourag\u00e9e par le mouvement #MeToo de lib\u00e9ration de la parole des femmes pour combattre le harc\u00e8lement sexuel.<\/p>\n","protected":false},"excerpt":{"rendered":"<p>Val\u00e9ry Giscard d&rsquo;Estaing est \u00ab\u00a0tr\u00e8s affect\u00e9\u00a0\u00bb par l&rsquo;accusation d&rsquo;agression sexuelle port\u00e9e contre lui par une journaliste allemande, dont il dit n&rsquo;avoir \u00ab\u00a0aucun souvenir\u00a0\u00bb, selon un communiqu\u00e9 transmis jeudi par l&rsquo;avocat de l&rsquo;ancien chef de l&rsquo;Etat. \u00ab\u00a0Le pr\u00e9sident Val\u00e9ry Giscard d&rsquo;Estaing a \u00e9t\u00e9 tr\u00e8s affect\u00e9 et bless\u00e9 par l&rsquo;accusation d&rsquo;agression sexuelle port\u00e9e \u00e0 son encontre par [&hellip;]<\/p>\n","protected":false},"author":2,"featured_media":15586,"comment_status":"open","ping_status":"open","sticky":false,"template":"","format":"standard","meta":{"_jetpack_memberships_contains_paid_content":false,"footnotes":"","jetpack_publicize_message":"","jetpack_publicize_feature_enabled":true,"jetpack_social_post_already_shared":true,"jetpack_social_options":{"image_generator_settings":{"template":"highway","default_image_id":0,"font":"","enabled":false},"version":2},"_wpas_customize_per_network":false},"categories":[405],"tags":[],"class_list":["post-15585","post","type-post","status-publish","format-standard","has-post-thumbnail","hentry","category-actu-france-monde"],"jetpack_publicize_connections":[],"jetpack_featured_media_url":"https:\/\/i0.wp.com\/www.iceagetv.com\/radiosite\/wp-content\/uploads\/2020\/05\/Val%C3%A9ry-Giscard-dEstaing.png?fit=872%2C387&ssl=1","jetpack_sharing_enabled":true,"_links":{"self":[{"href":"https:\/\/www.iceagetv.com\/radiosite\/wp-json\/wp\/v2\/posts\/15585","targetHints":{"allow":["GET"]}}],"collection":[{"href":"https:\/\/www.iceagetv.com\/radiosite\/wp-json\/wp\/v2\/posts"}],"about":[{"href":"https:\/\/www.iceagetv.com\/radiosite\/wp-json\/wp\/v2\/types\/post"}],"author":[{"embeddable":true,"href":"https:\/\/www.iceagetv.com\/radiosite\/wp-json\/wp\/v2\/users\/2"}],"replies":[{"embeddable":true,"href":"https:\/\/www.iceagetv.com\/radiosite\/wp-json\/wp\/v2\/comments?post=15585"}],"version-history":[{"count":1,"href":"https:\/\/www.iceagetv.com\/radiosite\/wp-json\/wp\/v2\/posts\/15585\/revisions"}],"predecessor-version":[{"id":15587,"href":"https:\/\/www.iceagetv.com\/radiosite\/wp-json\/wp\/v2\/posts\/15585\/revisions\/15587"}],"wp:featuredmedia":[{"embeddable":true,"href":"https:\/\/www.iceagetv.com\/radiosite\/wp-json\/wp\/v2\/media\/15586"}],"wp:attachment":[{"href":"https:\/\/www.iceagetv.com\/radiosite\/wp-json\/wp\/v2\/media?parent=15585"}],"wp:term":[{"taxonomy":"category","embeddable":true,"href":"https:\/\/www.iceagetv.com\/radiosite\/wp-json\/wp\/v2\/categories?post=15585"},{"taxonomy":"post_tag","embeddable":true,"href":"https:\/\/www.iceagetv.com\/radiosite\/wp-json\/wp\/v2\/tags?post=15585"}],"curies":[{"name":"wp","href":"https:\/\/api.w.org\/{rel}","templated":true}]}}