{"id":15588,"date":"2020-05-15T07:14:46","date_gmt":"2020-05-15T07:14:46","guid":{"rendered":"http:\/\/www.iceagetv.com\/radiosite\/?p=15588"},"modified":"2020-05-15T07:14:46","modified_gmt":"2020-05-15T07:14:46","slug":"la-france-va-placer-en-quarantaine-les-voyageurs-venant-despagne","status":"publish","type":"post","link":"https:\/\/www.iceagetv.com\/radiosite\/la-france-va-placer-en-quarantaine-les-voyageurs-venant-despagne\/","title":{"rendered":"LA FRANCE VA PLACER EN QUARANTAINE LES VOYAGEURS VENANT D\u2019ESPAGNE"},"content":{"rendered":"\n<p>En r\u00e9ponse \u00e0 l\u2019Espagne, qui veut appliquer \u00e0 partir de ce vendredi une mise en quarantaine des personnes venant de l\u2019ext\u00e9rieur de ses fronti\u00e8res, la France va faire de m\u00eame envers les voyageurs arrivant depuis le pays voisin.<\/p>\n\n\n\n<p>Ce type de restrictions n&rsquo;est \u00abpas le souhait\u00bb de la France, a soulign\u00e9 l\u2019Elys\u00e9e. Il s\u2019agit d\u2019un \u00abprincipe de r\u00e9ciprocit\u00e9\u00bb. La mesure espagnole fait encore l\u2019objet de n\u00e9gociations bilat\u00e9rales, pr\u00e9cise-t-on.<\/p>\n\n\n\n<p>Le pays de la p\u00e9ninsule ib\u00e9rique vient d&rsquo;entamer un d\u00e9confinement tr\u00e8s prudent et a annonc\u00e9 mardi qu&rsquo;il allait limiter strictement les entr\u00e9es sur son territoire et imposer une quarantaine afin d&rsquo;\u00e9viter l&rsquo;importation de nouveaux cas de coronavirus.<\/p>\n\n\n\n<p>Comme le fait l&rsquo;Espagne, cette quatorzaine &#8211; d\u00e9cid\u00e9e pour l&rsquo;instant par Madrid pour 10 jours, jusqu&rsquo;\u00e0 la fin de l&rsquo;\u00e9tat d&rsquo;urgence &#8211; ne s&rsquo;appliquera pas aux travailleurs frontaliers ni \u00e0 plusieurs autres cas de d\u00e9placements entre les deux pays, a ajout\u00e9 l&rsquo;Elys\u00e9e.<\/p>\n\n\n\n<h2 class=\"wp-block-heading\">TR\u00c8S PEU DE CIRCULATION ENTRE LES DEUX PAYS DANS LES FAITS<\/h2>\n\n\n\n<p>Dans les faits, il y a actuellement tr\u00e8s peu de circulation entre les deux pays, hors travailleurs frontaliers, que ce soit en trafic routier ou a\u00e9rien.<\/p>\n\n\n\n<p>La quasi-totalit\u00e9 des fronti\u00e8res \u00e0 l&rsquo;int\u00e9rieur de l&rsquo;espace europ\u00e9en (espace Schengen, Union europ\u00e9enne et Royaume-Uni) font l&rsquo;objet de restrictions, mais l&rsquo;objectif est de rouvrir les fronti\u00e8res, avec un rendez-vous autour du 15 juin pour en d\u00e9cider, a expliqu\u00e9 l&rsquo;Elys\u00e9e.<\/p>\n\n\n\n<p>Si un pays europ\u00e9en redevenait un foyer actif de l&rsquo;\u00e9pid\u00e9mie, le retour de mesures de protection n&rsquo;est cependant pas \u00e9cart\u00e9 par la suite, en fonction de la situation sanitaire.<\/p>\n\n\n\n<p><\/p>\n","protected":false},"excerpt":{"rendered":"<p>En r\u00e9ponse \u00e0 l\u2019Espagne, qui veut appliquer \u00e0 partir de ce vendredi une mise en quarantaine des personnes venant de l\u2019ext\u00e9rieur de ses fronti\u00e8res, la France va faire de m\u00eame envers les voyageurs arrivant depuis le pays voisin. Ce type de restrictions n&rsquo;est \u00abpas le souhait\u00bb de la France, a soulign\u00e9 l\u2019Elys\u00e9e. Il s\u2019agit d\u2019un [&hellip;]<\/p>\n","protected":false},"author":2,"featured_media":15589,"comment_status":"open","ping_status":"open","sticky":false,"template":"","format":"standard","meta":{"_jetpack_memberships_contains_paid_content":false,"footnotes":"","jetpack_publicize_message":"","jetpack_publicize_feature_enabled":true,"jetpack_social_post_already_shared":true,"jetpack_social_options":{"image_generator_settings":{"template":"highway","default_image_id":0,"font":"","enabled":false},"version":2},"_wpas_customize_per_network":false},"categories":[405],"tags":[],"class_list":["post-15588","post","type-post","status-publish","format-standard","has-post-thumbnail","hentry","category-actu-france-monde"],"jetpack_publicize_connections":[],"jetpack_featured_media_url":"https:\/\/i0.wp.com\/www.iceagetv.com\/radiosite\/wp-content\/uploads\/2020\/05\/LA-FRANCE-VA-PLACER-EN-QUARANTAINE-LES-VOYAGEURS-VENANT-D%E2%80%99ESPAGNE.jpg?fit=640%2C360&ssl=1","jetpack_sharing_enabled":true,"_links":{"self":[{"href":"https:\/\/www.iceagetv.com\/radiosite\/wp-json\/wp\/v2\/posts\/15588","targetHints":{"allow":["GET"]}}],"collection":[{"href":"https:\/\/www.iceagetv.com\/radiosite\/wp-json\/wp\/v2\/posts"}],"about":[{"href":"https:\/\/www.iceagetv.com\/radiosite\/wp-json\/wp\/v2\/types\/post"}],"author":[{"embeddable":true,"href":"https:\/\/www.iceagetv.com\/radiosite\/wp-json\/wp\/v2\/users\/2"}],"replies":[{"embeddable":true,"href":"https:\/\/www.iceagetv.com\/radiosite\/wp-json\/wp\/v2\/comments?post=15588"}],"version-history":[{"count":1,"href":"https:\/\/www.iceagetv.com\/radiosite\/wp-json\/wp\/v2\/posts\/15588\/revisions"}],"predecessor-version":[{"id":15590,"href":"https:\/\/www.iceagetv.com\/radiosite\/wp-json\/wp\/v2\/posts\/15588\/revisions\/15590"}],"wp:featuredmedia":[{"embeddable":true,"href":"https:\/\/www.iceagetv.com\/radiosite\/wp-json\/wp\/v2\/media\/15589"}],"wp:attachment":[{"href":"https:\/\/www.iceagetv.com\/radiosite\/wp-json\/wp\/v2\/media?parent=15588"}],"wp:term":[{"taxonomy":"category","embeddable":true,"href":"https:\/\/www.iceagetv.com\/radiosite\/wp-json\/wp\/v2\/categories?post=15588"},{"taxonomy":"post_tag","embeddable":true,"href":"https:\/\/www.iceagetv.com\/radiosite\/wp-json\/wp\/v2\/tags?post=15588"}],"curies":[{"name":"wp","href":"https:\/\/api.w.org\/{rel}","templated":true}]}}