{"id":15609,"date":"2020-05-16T16:02:29","date_gmt":"2020-05-16T16:02:29","guid":{"rendered":"http:\/\/www.iceagetv.com\/radiosite\/?p=15609"},"modified":"2020-05-16T16:02:29","modified_gmt":"2020-05-16T16:02:29","slug":"lassociation-des-indigenes-du-bresil-a-annonce-que-38-peuples-indigenes-avaient-deja-ete-touches-par-le-covid-19-depuis-le-debut-de-lepidemie","status":"publish","type":"post","link":"https:\/\/www.iceagetv.com\/radiosite\/lassociation-des-indigenes-du-bresil-a-annonce-que-38-peuples-indigenes-avaient-deja-ete-touches-par-le-covid-19-depuis-le-debut-de-lepidemie\/","title":{"rendered":"L&rsquo;Association des indig\u00e8nes du Br\u00e9sil a annonc\u00e9 que 38 peuples indig\u00e8nes avaient d\u00e9j\u00e0 \u00e9t\u00e9 touch\u00e9s par le COVID-19 depuis le d\u00e9but de l&rsquo;\u00e9pid\u00e9mie"},"content":{"rendered":"\n<p>L&rsquo;Association des peuples indig\u00e8nes du Br\u00e9sil a annonc\u00e9&nbsp; que 38 peuples indig\u00e8nes avaient d\u00e9j\u00e0 \u00e9t\u00e9 touch\u00e9s par le coronavirus. L&rsquo;association, qui coordonne la lutte de ces populations pour leurs droits, a r\u00e9pertori\u00e9 446 cas de contamination et 92 d\u00e9c\u00e8s parmi les peuples autochtones touch\u00e9s&nbsp;<\/p>\n\n\n\n<p>. \u00ab\u00a0La vitesse \u00e0 laquelle le virus est arriv\u00e9 sur nos territoires indig\u00e8nes dans tout le pays est effrayante\u00a0\u00bb, a dit l&rsquo;APIB dans un communiqu\u00e9. La majorit\u00e9 des contaminations au nouveau coronavirus a \u00e9t\u00e9 enregistr\u00e9e en Amazonie br\u00e9silienne, o\u00f9 se trouvent de nombreuses tribus isol\u00e9es. Jeudi, les indig\u00e8nes de Parque das Tribos, une communaut\u00e9 vivant pr\u00e8s de la grande ville de Manaus, ont c\u00e9l\u00e9br\u00e9 les fun\u00e9railles de leur chef, le cacique Messias Kokama, mort \u00e0 53 ans du Covid-19.<\/p>\n\n\n\n<p>La c\u00e9r\u00e9monie a \u00e9t\u00e9 organis\u00e9e avec le cercueil ferm\u00e9 et entour\u00e9 de plastique pour \u00e9viter toute contamination, a constat\u00e9 un photographe de l&rsquo;AFP. L&rsquo;association a \u00e9galement indiqu\u00e9 que des cas de contamination avaient \u00e9t\u00e9 enregistr\u00e9s dans des tribus du sud du Br\u00e9sil, dans les Etats de Santa Catarina et Rio Grande do Sul.<\/p>\n\n\n\n<p>Le Br\u00e9sil voit sa courbe des contaminations progresser de mani\u00e8re exponentielle, avec 200.000 cas confirm\u00e9s et plus de 14.000 d\u00e9c\u00e8s. Des chiffres &#8211;officiels&#8211; qui pourraient \u00eatre 15 fois plus \u00e9lev\u00e9s en r\u00e9alit\u00e9, selon des chercheurs. La progression du coronavirus a favoris\u00e9 les incursions dans les terres indig\u00e8nes de b\u00fbcherons et extracteurs de minerai ill\u00e9gaux, a par ailleurs indiqu\u00e9 vendredi l&rsquo;ONG Survival International.<\/p>\n","protected":false},"excerpt":{"rendered":"<p>L&rsquo;Association des peuples indig\u00e8nes du Br\u00e9sil a annonc\u00e9&nbsp; que 38 peuples indig\u00e8nes avaient d\u00e9j\u00e0 \u00e9t\u00e9 touch\u00e9s par le coronavirus. L&rsquo;association, qui coordonne la lutte de ces populations pour leurs droits, a r\u00e9pertori\u00e9 446 cas de contamination et 92 d\u00e9c\u00e8s parmi les peuples autochtones touch\u00e9s&nbsp; . \u00ab\u00a0La vitesse \u00e0 laquelle le virus est arriv\u00e9 sur nos [&hellip;]<\/p>\n","protected":false},"author":2,"featured_media":15610,"comment_status":"open","ping_status":"open","sticky":false,"template":"","format":"standard","meta":{"_jetpack_memberships_contains_paid_content":false,"footnotes":"","jetpack_publicize_message":"","jetpack_publicize_feature_enabled":true,"jetpack_social_post_already_shared":true,"jetpack_social_options":{"image_generator_settings":{"template":"highway","default_image_id":0,"font":"","enabled":false},"version":2},"_wpas_customize_per_network":false},"categories":[405],"tags":[],"class_list":["post-15609","post","type-post","status-publish","format-standard","has-post-thumbnail","hentry","category-actu-france-monde"],"jetpack_publicize_connections":[],"jetpack_featured_media_url":"https:\/\/i0.wp.com\/www.iceagetv.com\/radiosite\/wp-content\/uploads\/2020\/05\/LAssociation-des-indig%C3%A8nes-du-Br%C3%A9sil.png?fit=698%2C299&ssl=1","jetpack_sharing_enabled":true,"_links":{"self":[{"href":"https:\/\/www.iceagetv.com\/radiosite\/wp-json\/wp\/v2\/posts\/15609","targetHints":{"allow":["GET"]}}],"collection":[{"href":"https:\/\/www.iceagetv.com\/radiosite\/wp-json\/wp\/v2\/posts"}],"about":[{"href":"https:\/\/www.iceagetv.com\/radiosite\/wp-json\/wp\/v2\/types\/post"}],"author":[{"embeddable":true,"href":"https:\/\/www.iceagetv.com\/radiosite\/wp-json\/wp\/v2\/users\/2"}],"replies":[{"embeddable":true,"href":"https:\/\/www.iceagetv.com\/radiosite\/wp-json\/wp\/v2\/comments?post=15609"}],"version-history":[{"count":1,"href":"https:\/\/www.iceagetv.com\/radiosite\/wp-json\/wp\/v2\/posts\/15609\/revisions"}],"predecessor-version":[{"id":15611,"href":"https:\/\/www.iceagetv.com\/radiosite\/wp-json\/wp\/v2\/posts\/15609\/revisions\/15611"}],"wp:featuredmedia":[{"embeddable":true,"href":"https:\/\/www.iceagetv.com\/radiosite\/wp-json\/wp\/v2\/media\/15610"}],"wp:attachment":[{"href":"https:\/\/www.iceagetv.com\/radiosite\/wp-json\/wp\/v2\/media?parent=15609"}],"wp:term":[{"taxonomy":"category","embeddable":true,"href":"https:\/\/www.iceagetv.com\/radiosite\/wp-json\/wp\/v2\/categories?post=15609"},{"taxonomy":"post_tag","embeddable":true,"href":"https:\/\/www.iceagetv.com\/radiosite\/wp-json\/wp\/v2\/tags?post=15609"}],"curies":[{"name":"wp","href":"https:\/\/api.w.org\/{rel}","templated":true}]}}