{"id":15617,"date":"2020-05-17T07:02:56","date_gmt":"2020-05-17T07:02:56","guid":{"rendered":"http:\/\/www.iceagetv.com\/radiosite\/?p=15617"},"modified":"2020-05-17T07:02:56","modified_gmt":"2020-05-17T07:02:56","slug":"municipales-36-maires-appellent-a-un-second-tour-en-juin","status":"publish","type":"post","link":"https:\/\/www.iceagetv.com\/radiosite\/municipales-36-maires-appellent-a-un-second-tour-en-juin\/","title":{"rendered":"Municipales : 36 maires appellent \u00e0 un second tour en juin"},"content":{"rendered":"\n<p>Dans une tribune parue dans le Journal du Dimanche, 36&nbsp;maires refusent que \u00ab\u00a0le confinement sanitaire se transforme en un confinement d\u00e9mocratique\u00a0\u00bb et appellent \u00e0 un second tour en juin<\/p>\n\n\n\n<p>\u00ab\u00a0La d\u00e9mocratie ne peut pas \u00eatre plus longtemps confin\u00e9e\u00a0\u00bb&nbsp;: 36&nbsp;maires de grandes villes, dont Anne Hidalgo (Paris) et Christian Estrosi (Nice), appellent \u00e0 organiser le second tour des \u00e9lections municipales en juin, dans une tribune parue dans<a href=\"https:\/\/www.lejdd.fr\/\" rel=\"noreferrer noopener\" target=\"_blank\">&nbsp;le Journal du Dimanche.<\/a><\/p>\n\n\n\n<p>\u00ab\u00a0Ne transformons pas le confinement sanitaire en un confinement d\u00e9mocratique qui serait n\u00e9faste \u00e0 l\u2019avenir de la France et organisons le deuxi\u00e8me tour des \u00e9lections municipales d\u00e8s le mois de juin\u00a0\u00bb, exhortent les signataires, parmi lesquels figurent Fran\u00e7ois Rebsamen (Dijon), Nicolas Florian (Bordeaux), St\u00e9phane Le Foll (Le Mans) ou encore la candidate LR \u00e0 Marseille Martine Vassal.<\/p>\n\n\n\n<h2 class=\"wp-block-heading\">L\u2019ex\u00e9cutif doit trancher la semaine prochaine<\/h2>\n\n\n\n<p>Selon ces \u00e9lus, l\u2019organisation rapide du scrutin est n\u00e9cessaire car \u00ab\u00a0des millions de Fran\u00e7ais attendent d\u2019avoir un maire, une \u00e9quipe municipale et communautaire en place, capable de prendre des d\u00e9cisions capitales pour nos \u00e9coles, nos transports, nos emplois\u00a0\u00bb.<\/p>\n\n\n\n<p>n effet, environ 5&nbsp;000&nbsp;communes&nbsp;<a href=\"https:\/\/www.sudouest.fr\/2020\/05\/15\/coronavirus-le-premier-tour-des-elections-municipales-n-aurait-pas-contribue-a-propager-l-epidemie-7486610-10861.php\">sont en attente de ce second round.<\/a>&nbsp;Les 30&nbsp;000&nbsp;autres que compte la France ayant \u00e9lu leur maire d\u00e8s le 1er tour le 15&nbsp;mars.<\/p>\n\n\n\n<p>L\u2019ex\u00e9cutif devrait trancher la semaine prochaine, apr\u00e8s avoir re\u00e7u un avis du Conseil scientifique, sur la possibilit\u00e9 de tenir le scrutin d\u2019ici la fin juin. Si cela n\u2019\u00e9tait pas le cas, il faudrait refaire l\u2019int\u00e9gralit\u00e9 de l\u2019\u00e9lection pour les communes concern\u00e9es, \u00e0 l\u2019automne voire en mars prochain selon les sc\u00e9narios.<\/p>\n\n\n\n<p>\u00ab\u00a0Comment demander aux Fran\u00e7ais qui malgr\u00e9 leur inqui\u00e9tude se sont d\u00e9plac\u00e9s pour venir voter le 15&nbsp;Mars, de refaire un premier tour\u202f?\u00a0\u00bb, s\u2019interrogent les auteurs de la tribune. \u00ab\u00a0Pour rappel, plus de 25,5&nbsp;millions d\u2019habitants vivent dans une commune concern\u00e9e par le second tour\u00a0\u00bb, soulignent-ils encore.<\/p>\n\n\n\n<h2 class=\"wp-block-heading\">\u00ab\u00a0Clore les \u00e9lections d\u00e8s que possible\u00a0\u00bb<\/h2>\n\n\n\n<p>\u00ab\u00a0Il est donc imp\u00e9ratif de clore cette s\u00e9quence \u00e9lectorale d\u00e8s que possible, avant la p\u00e9riode estivale. On ne peut pas demander aux maires de rouvrir les \u00e9coles pour l\u2019\u00e9ducation et de les fermer pour les \u00e9lections\u00a0\u00bb, arguent-ils.<\/p>\n\n\n\n<p>Les \u00e9diles font \u00e9galement valoir qu\u2019en raison de la suspension de ce 2e tour, les intercommunalit\u00e9s n\u2019ont pu \u00eatre install\u00e9es. Or, \u00ab\u00a070% de la commande publique sont r\u00e9alis\u00e9es par les communes et les intercommunalit\u00e9s. Elles sont le bras arm\u00e9 essentiel \u00e0 notre \u00e9conomie et \u00e0 nos emplois\u00a0\u00bb, observent-ils.<\/p>\n\n\n\n<p>De nombreuses personnalit\u00e9s politiques font entendre depuis plusieurs jours leur pr\u00e9f\u00e9rence pour un second tour fin juin, vraisemblablement le 28. Parmi celles-ci, le candidat du Rassemblement national \u00e0 Perpignan Louis Aliot qui estimait samedi sur BFMTV que les Fran\u00e7ais \u00ab\u00a0attendent ce second tour\u00a0\u00bb et ne voyait pas \u00ab\u00a0ce qui pourrait fausser les r\u00e9sultats\u00a0\u00bb en l\u2019organisant avant l\u2019\u00e9t\u00e9.<\/p>\n\n\n\n<p><\/p>\n","protected":false},"excerpt":{"rendered":"<p>Dans une tribune parue dans le Journal du Dimanche, 36&nbsp;maires refusent que \u00ab\u00a0le confinement sanitaire se transforme en un confinement d\u00e9mocratique\u00a0\u00bb et appellent \u00e0 un second tour en juin \u00ab\u00a0La d\u00e9mocratie ne peut pas \u00eatre plus longtemps confin\u00e9e\u00a0\u00bb&nbsp;: 36&nbsp;maires de grandes villes, dont Anne Hidalgo (Paris) et Christian Estrosi (Nice), appellent \u00e0 organiser le second [&hellip;]<\/p>\n","protected":false},"author":2,"featured_media":15618,"comment_status":"open","ping_status":"open","sticky":false,"template":"","format":"standard","meta":{"_jetpack_memberships_contains_paid_content":false,"footnotes":"","jetpack_publicize_message":"","jetpack_publicize_feature_enabled":true,"jetpack_social_post_already_shared":true,"jetpack_social_options":{"image_generator_settings":{"template":"highway","default_image_id":0,"font":"","enabled":false},"version":2},"_wpas_customize_per_network":false},"categories":[405],"tags":[],"class_list":["post-15617","post","type-post","status-publish","format-standard","has-post-thumbnail","hentry","category-actu-france-monde"],"jetpack_publicize_connections":[],"jetpack_featured_media_url":"https:\/\/i0.wp.com\/www.iceagetv.com\/radiosite\/wp-content\/uploads\/2020\/05\/36-maires-appellent-%C3%A0-un-second-tour-en-juin.jpg?fit=1000%2C500&ssl=1","jetpack_sharing_enabled":true,"_links":{"self":[{"href":"https:\/\/www.iceagetv.com\/radiosite\/wp-json\/wp\/v2\/posts\/15617","targetHints":{"allow":["GET"]}}],"collection":[{"href":"https:\/\/www.iceagetv.com\/radiosite\/wp-json\/wp\/v2\/posts"}],"about":[{"href":"https:\/\/www.iceagetv.com\/radiosite\/wp-json\/wp\/v2\/types\/post"}],"author":[{"embeddable":true,"href":"https:\/\/www.iceagetv.com\/radiosite\/wp-json\/wp\/v2\/users\/2"}],"replies":[{"embeddable":true,"href":"https:\/\/www.iceagetv.com\/radiosite\/wp-json\/wp\/v2\/comments?post=15617"}],"version-history":[{"count":1,"href":"https:\/\/www.iceagetv.com\/radiosite\/wp-json\/wp\/v2\/posts\/15617\/revisions"}],"predecessor-version":[{"id":15619,"href":"https:\/\/www.iceagetv.com\/radiosite\/wp-json\/wp\/v2\/posts\/15617\/revisions\/15619"}],"wp:featuredmedia":[{"embeddable":true,"href":"https:\/\/www.iceagetv.com\/radiosite\/wp-json\/wp\/v2\/media\/15618"}],"wp:attachment":[{"href":"https:\/\/www.iceagetv.com\/radiosite\/wp-json\/wp\/v2\/media?parent=15617"}],"wp:term":[{"taxonomy":"category","embeddable":true,"href":"https:\/\/www.iceagetv.com\/radiosite\/wp-json\/wp\/v2\/categories?post=15617"},{"taxonomy":"post_tag","embeddable":true,"href":"https:\/\/www.iceagetv.com\/radiosite\/wp-json\/wp\/v2\/tags?post=15617"}],"curies":[{"name":"wp","href":"https:\/\/api.w.org\/{rel}","templated":true}]}}