{"id":15621,"date":"2020-05-17T18:24:42","date_gmt":"2020-05-17T18:24:42","guid":{"rendered":"http:\/\/www.iceagetv.com\/radiosite\/?p=15621"},"modified":"2020-05-17T18:24:42","modified_gmt":"2020-05-17T18:24:42","slug":"coronavirus-483-morts-en-24h-les-deces-dans-les-ehpad-augmentent-apres-une-correction-des-chiffres","status":"publish","type":"post","link":"https:\/\/www.iceagetv.com\/radiosite\/coronavirus-483-morts-en-24h-les-deces-dans-les-ehpad-augmentent-apres-une-correction-des-chiffres\/","title":{"rendered":"Coronavirus: 483 morts en 24h, les d\u00e9c\u00e8s dans les Ehpad augmentent apr\u00e8s une correction des chiffres"},"content":{"rendered":"\n<h2 class=\"wp-block-heading\">D&rsquo;apr\u00e8s le bilan quotidien dress\u00e9 par la Direction g\u00e9n\u00e9rale de la Sant\u00e9, le pays d\u00e9plore 483 nouveaux morts li\u00e9s au Covid-19 au cours des derni\u00e8res 24 heures. La maladie a fait 28.108 victimes en France depuis le d\u00e9but du mois de mars.<\/h2>\n\n\n\n<p>Entre le 16 et le 17 mai, 483 personnes sont mortes du coronavirus, un chiffre cinq fois sup\u00e9rieur&nbsp;au bilan de la veille (samedi, la DGS comptait&nbsp;<a href=\"https:\/\/www.bfmtv.com\/sante\/coronavirus-96-morts-supplementaires-en-france-ces-dernieres-24h-1915300.html\">+96 morts en 24 heures)<\/a>&nbsp;en raison de corrections de donn\u00e9es de la part d&rsquo;\u00e9tablissements m\u00e9dico-sociaux.&nbsp;<\/p>\n\n\n\n<p>Au total, la maladie infectieuse a fait 28.108 victimes en France depuis le mois de mars,<a href=\"https:\/\/www.bfmtv.com\/sante\/en-direct-coronavirus-veran-se-dit-favorable-a-une-hausse-des-salaires-a-l-hopital\/\">&nbsp;indique ce dimanche&nbsp;la Direction g\u00e9n\u00e9rale de la Sant\u00e9<\/a>, un bilan qui d\u00e9passe d\u00e9sormais celui de l&rsquo;Espagne, qui s&rsquo;\u00e9l\u00e8ve \u00e0 27.650 morts. Dans le d\u00e9tails, 17.466 d\u00e9c\u00e8s ont \u00e9t\u00e9 recens\u00e9s en France dans le&nbsp;milieu hospitalier et 10.642 dans les&nbsp;Ehpad&nbsp;.<\/p>\n\n\n\n<h3 class=\"wp-block-heading\">45 lits lib\u00e9r\u00e9s en r\u00e9animation<\/h3>\n\n\n\n<p>19.361 patients sont encore hospitalis\u00e9s, dont 152 nouvelles admissions au cours des derni\u00e8res 24 heures. Des cas s\u00e9v\u00e8res de la&nbsp;maladie maintiennent encore 2087 personnes en r\u00e9animation, avec 24 nouvelles admissions entre les 16 et 17 mai. La pression s&rsquo;all\u00e8ge cependant l\u00e9g\u00e8rement puisque, dans le m\u00eame temps, 45 lits ont \u00e9t\u00e9 lib\u00e9r\u00e9s dans ce service.<\/p>\n\n\n\n<p>La Direction g\u00e9n\u00e9rale de la sant\u00e9 souligne que 61.213 personnes hospitalis\u00e9es en raison de la maladie infectieuse sont sorties gu\u00e9ries.&nbsp;<\/p>\n","protected":false},"excerpt":{"rendered":"<p>D&rsquo;apr\u00e8s le bilan quotidien dress\u00e9 par la Direction g\u00e9n\u00e9rale de la Sant\u00e9, le pays d\u00e9plore 483 nouveaux morts li\u00e9s au Covid-19 au cours des derni\u00e8res 24 heures. La maladie a fait 28.108 victimes en France depuis le d\u00e9but du mois de mars. Entre le 16 et le 17 mai, 483 personnes sont mortes du coronavirus, [&hellip;]<\/p>\n","protected":false},"author":2,"featured_media":15542,"comment_status":"open","ping_status":"open","sticky":false,"template":"","format":"standard","meta":{"_jetpack_memberships_contains_paid_content":false,"footnotes":"","jetpack_publicize_message":"","jetpack_publicize_feature_enabled":true,"jetpack_social_post_already_shared":true,"jetpack_social_options":{"image_generator_settings":{"template":"highway","default_image_id":0,"font":"","enabled":false},"version":2},"_wpas_customize_per_network":false},"categories":[405],"tags":[],"class_list":["post-15621","post","type-post","status-publish","format-standard","has-post-thumbnail","hentry","category-actu-france-monde"],"jetpack_publicize_connections":[],"jetpack_featured_media_url":"https:\/\/i0.wp.com\/www.iceagetv.com\/radiosite\/wp-content\/uploads\/2020\/05\/Le-nombre-de-d%C3%A9c%C3%A8s-par-24h-en-France-poursuit-%C3%A7a-chute-et-tombe-%C3%A0-70-morts-devenant-le-bilan-le-plus-faible-depuis-le-d%C3%A9but-du-confinement.png?fit=633%2C273&ssl=1","jetpack_sharing_enabled":true,"_links":{"self":[{"href":"https:\/\/www.iceagetv.com\/radiosite\/wp-json\/wp\/v2\/posts\/15621","targetHints":{"allow":["GET"]}}],"collection":[{"href":"https:\/\/www.iceagetv.com\/radiosite\/wp-json\/wp\/v2\/posts"}],"about":[{"href":"https:\/\/www.iceagetv.com\/radiosite\/wp-json\/wp\/v2\/types\/post"}],"author":[{"embeddable":true,"href":"https:\/\/www.iceagetv.com\/radiosite\/wp-json\/wp\/v2\/users\/2"}],"replies":[{"embeddable":true,"href":"https:\/\/www.iceagetv.com\/radiosite\/wp-json\/wp\/v2\/comments?post=15621"}],"version-history":[{"count":1,"href":"https:\/\/www.iceagetv.com\/radiosite\/wp-json\/wp\/v2\/posts\/15621\/revisions"}],"predecessor-version":[{"id":15622,"href":"https:\/\/www.iceagetv.com\/radiosite\/wp-json\/wp\/v2\/posts\/15621\/revisions\/15622"}],"wp:featuredmedia":[{"embeddable":true,"href":"https:\/\/www.iceagetv.com\/radiosite\/wp-json\/wp\/v2\/media\/15542"}],"wp:attachment":[{"href":"https:\/\/www.iceagetv.com\/radiosite\/wp-json\/wp\/v2\/media?parent=15621"}],"wp:term":[{"taxonomy":"category","embeddable":true,"href":"https:\/\/www.iceagetv.com\/radiosite\/wp-json\/wp\/v2\/categories?post=15621"},{"taxonomy":"post_tag","embeddable":true,"href":"https:\/\/www.iceagetv.com\/radiosite\/wp-json\/wp\/v2\/tags?post=15621"}],"curies":[{"name":"wp","href":"https:\/\/api.w.org\/{rel}","templated":true}]}}