{"id":15632,"date":"2020-05-18T15:38:37","date_gmt":"2020-05-18T15:38:37","guid":{"rendered":"http:\/\/www.iceagetv.com\/radiosite\/?p=15632"},"modified":"2020-05-18T15:38:37","modified_gmt":"2020-05-18T15:38:37","slug":"the-voice-les-primes-en-direct-demarrent-le-6-juin-apres-plus-dun-mois-dinterruption","status":"publish","type":"post","link":"https:\/\/www.iceagetv.com\/radiosite\/the-voice-les-primes-en-direct-demarrent-le-6-juin-apres-plus-dun-mois-dinterruption\/","title":{"rendered":"The Voice\u00a0\u00bb : Les primes en direct d\u00e9marrent le 6 juin, apr\u00e8s plus d&rsquo;un mois d&rsquo;interruption"},"content":{"rendered":"\n<p>\n\nLe dernier num\u00e9ro du t\u00e9l\u00e9-crochet diffus\u00e9 remonte au samedi 25 avril.<\/p>\n\n\n\n<p>\u00ab\u00a0<a href=\"https:\/\/www.ozap.com\/realtv\/the-voice-la-plus-belle-voix_e457333\">The Voice<\/a>\u00a0\u00bb revient le jour du D\u00e9barquement. Apr\u00e8s plus\u00a0<a href=\"https:\/\/www.ozap.com\/actu\/confinement-la-demi-finale-et-la-finale-de-the-voice-officiellement-repoussees\/591877\">d&rsquo;un mois d&rsquo;interruption<\/a>\u00a0pour cause d&rsquo;\u00e9pid\u00e9mie du coronavirus, le c\u00e9l\u00e8bre t\u00e9l\u00e9-crochet de TF1 produit par ITV Studios France et pr\u00e9sent\u00e9 par\u00a0<a href=\"https:\/\/www.ozap.com\/personnalite\/nikos-aliagas_e274\">Nikos Aliagas<\/a>\u00a0fera son grand retour \u00e0 l&rsquo;antenne \u00e0 partir du samedi 6 juin prochain, en prime time et en direct, annonce aujourd&rsquo;hui la cha\u00eene priv\u00e9e.<\/p>\n\n\n\n<p>D&rsquo;apr\u00e8s un communiqu\u00e9, les r\u00e8gles du jeu vont pour l&rsquo;occasion profond\u00e9ment changer. Seul le public d\u00e9signera ainsi les 4 finalistes parmi les talents encore lice, en choisissant ces 4 talents parmi toutes les \u00e9quipes. Autrement dit, il n&rsquo;y a aucune garantie d&rsquo;avoir un talent de chaque \u00e9quipe en finale, alors que les ann\u00e9es pr\u00e9c\u00e9dentes, les coachs avaient voix au chapitre en choisissant un candidat chacun.<\/p>\n\n\n\n<h2 class=\"wp-block-heading\">Encore 12 candidats en course<\/h2>\n\n\n\n<p>Pour rappel, les 4 coachs de \u00ab\u00a0The Voice\u00a0\u00bb, Lara Fabian, Amel Bent, Marc Lavoine et Pascal Obispo, ont d\u00e9sormais chacun une \u00e9quipe compos\u00e9e de 3 talents : Maria Doyle, Gustine et Cheyenne pour Lara Fabian; Antony Trice, If\u00e9 et Antoine Delie pour Marc Lavoine; Terence, Tom Rochet et Toni pour Amel Bent; Verushka, Baby J et Abi pour Pascal Obispo.<\/p>\n\n\n\n<p>D&rsquo;abord dot\u00e9e&nbsp;<a href=\"https:\/\/www.ozap.com\/actu\/coronavirus-tf1-prolonge-the-voice-en-reduisant-la-duree-de-ses-primes\/590902\">d&rsquo;\u00e9pisodes \u00e9court\u00e9s<\/a>&nbsp;pour faire durer la diffusion un plus grand nombre de semaines, \u00ab\u00a0The Voice\u00a0\u00bb a finalement d\u00fb \u00eatre interrompu \u00e0 partir du 25 avril dernier, date de diffusion&nbsp;<a href=\"https:\/\/www.ozap.com\/actu\/audiences-the-voice-leader-devant-mongeville-nagui-au-dessus-des-3-millions\/592330\">du dernier num\u00e9ro enregistr\u00e9<\/a>. La saison 9 avait jusque-l\u00e0 \u00e9t\u00e9 suivie en moyenne par 4,78 millions de personnes pour une part d&rsquo;audience de 22,6%, et une part de march\u00e9 de 32,2% sur les femmes responsables des achats de moins de cinquante ans<\/p>\n\n\n\n<p><\/p>\n","protected":false},"excerpt":{"rendered":"<p>Le dernier num\u00e9ro du t\u00e9l\u00e9-crochet diffus\u00e9 remonte au samedi 25 avril. \u00ab\u00a0The Voice\u00a0\u00bb revient le jour du D\u00e9barquement. Apr\u00e8s plus\u00a0d&rsquo;un mois d&rsquo;interruption\u00a0pour cause d&rsquo;\u00e9pid\u00e9mie du coronavirus, le c\u00e9l\u00e8bre t\u00e9l\u00e9-crochet de TF1 produit par ITV Studios France et pr\u00e9sent\u00e9 par\u00a0Nikos Aliagas\u00a0fera son grand retour \u00e0 l&rsquo;antenne \u00e0 partir du samedi 6 juin prochain, en prime time [&hellip;]<\/p>\n","protected":false},"author":2,"featured_media":15633,"comment_status":"open","ping_status":"open","sticky":false,"template":"","format":"standard","meta":{"_jetpack_memberships_contains_paid_content":false,"footnotes":"","jetpack_publicize_message":"","jetpack_publicize_feature_enabled":true,"jetpack_social_post_already_shared":true,"jetpack_social_options":{"image_generator_settings":{"template":"highway","default_image_id":0,"font":"","enabled":false},"version":2},"_wpas_customize_per_network":false},"categories":[68],"tags":[2784],"class_list":["post-15632","post","type-post","status-publish","format-standard","has-post-thumbnail","hentry","category-actu-culturelle","tag-les-primes-en-direct-demarrent-le-6-juin"],"jetpack_publicize_connections":[],"jetpack_featured_media_url":"https:\/\/i0.wp.com\/www.iceagetv.com\/radiosite\/wp-content\/uploads\/2020\/05\/Les-primes-en-direct-d%C3%A9marrent-le-6-juin-apr%C3%A8s-plus-dun-mois-dinterruption.png?fit=593%2C392&ssl=1","jetpack_sharing_enabled":true,"_links":{"self":[{"href":"https:\/\/www.iceagetv.com\/radiosite\/wp-json\/wp\/v2\/posts\/15632","targetHints":{"allow":["GET"]}}],"collection":[{"href":"https:\/\/www.iceagetv.com\/radiosite\/wp-json\/wp\/v2\/posts"}],"about":[{"href":"https:\/\/www.iceagetv.com\/radiosite\/wp-json\/wp\/v2\/types\/post"}],"author":[{"embeddable":true,"href":"https:\/\/www.iceagetv.com\/radiosite\/wp-json\/wp\/v2\/users\/2"}],"replies":[{"embeddable":true,"href":"https:\/\/www.iceagetv.com\/radiosite\/wp-json\/wp\/v2\/comments?post=15632"}],"version-history":[{"count":1,"href":"https:\/\/www.iceagetv.com\/radiosite\/wp-json\/wp\/v2\/posts\/15632\/revisions"}],"predecessor-version":[{"id":15634,"href":"https:\/\/www.iceagetv.com\/radiosite\/wp-json\/wp\/v2\/posts\/15632\/revisions\/15634"}],"wp:featuredmedia":[{"embeddable":true,"href":"https:\/\/www.iceagetv.com\/radiosite\/wp-json\/wp\/v2\/media\/15633"}],"wp:attachment":[{"href":"https:\/\/www.iceagetv.com\/radiosite\/wp-json\/wp\/v2\/media?parent=15632"}],"wp:term":[{"taxonomy":"category","embeddable":true,"href":"https:\/\/www.iceagetv.com\/radiosite\/wp-json\/wp\/v2\/categories?post=15632"},{"taxonomy":"post_tag","embeddable":true,"href":"https:\/\/www.iceagetv.com\/radiosite\/wp-json\/wp\/v2\/tags?post=15632"}],"curies":[{"name":"wp","href":"https:\/\/api.w.org\/{rel}","templated":true}]}}