{"id":15638,"date":"2020-05-19T07:12:38","date_gmt":"2020-05-19T07:12:38","guid":{"rendered":"http:\/\/www.iceagetv.com\/radiosite\/?p=15638"},"modified":"2020-05-19T07:12:38","modified_gmt":"2020-05-19T07:12:38","slug":"17-deputes-forment-un-nouveau-groupe-a-lassemblee-larem-perd-la-majorite-absolue","status":"publish","type":"post","link":"https:\/\/www.iceagetv.com\/radiosite\/17-deputes-forment-un-nouveau-groupe-a-lassemblee-larem-perd-la-majorite-absolue\/","title":{"rendered":"17 d\u00e9put\u00e9s forment un nouveau groupe \u00e0 l&rsquo;Assembl\u00e9e, LaREM perd la majorit\u00e9 absolue"},"content":{"rendered":"\n<h2 class=\"wp-block-heading\">Avec la cr\u00e9ation de ce nouveau groupe, LaREM perd la majorit\u00e9 absolue au Palais-Bourdon et devra davantage composer avec ses alli\u00e9s, le Modem et Agir.<\/h2>\n\n\n\n<p>Ils sont finalement 17. Un neuvi\u00e8me groupe politique avec des Macronistes et anciens Macronistes est \u00ab\u00a0d\u00e9pos\u00e9 officiellement\u00a0\u00bb ce mardi \u00e0 l&rsquo;Assembl\u00e9e, annoncent certains de ses membres fondateurs. Le groupe LaREM perd&nbsp;du m\u00eame coup de justesse la majorit\u00e9 absolue, au moins temporairement.<\/p>\n\n\n\n<p>Baptis\u00e9 \u00ab\u00a0Ecologie D\u00e9mocratie Solidarit\u00e9\u00a0\u00bb, ce nouveau groupe est \u00ab\u00a0ind\u00e9pendant\u00a0\u00bb, \u00ab\u00a0ni dans la majorit\u00e9, ni dans l&rsquo;opposition\u00a0\u00bb, \u00e9crivent dans leur d\u00e9claration politique les \u00e9lus. Parmi ses membres figurent d&rsquo;anciens \u00ab\u00a0marcheurs\u00a0\u00bb comme Matthieu Orphelin (proche de Nicolas Hulot), ou encore des membres de l&rsquo;aile gauche de LaREM comme Aur\u00e9lien Tach\u00e9 ou C\u00e9dric Villani.<\/p>\n\n\n\n<h3 class=\"wp-block-heading\">Une perte seulement temporaire de la majorit\u00e9?<\/h3>\n\n\n\n<p>Avec ce neuvi\u00e8me groupe &#8211; un record dans l&rsquo;h\u00e9micycle du Palais-Bourbon &#8211; LaREM perd sept de ses membres ou apparent\u00e9s, tombant \u00e0 288, juste sous le seuil de la majorit\u00e9 absolue (289 si\u00e8ges) qu&rsquo;il d\u00e9tenait jusqu&rsquo;alors \u00e0 lui seul. Un symbole fort m\u00eame si le groupe majoritaire peut s&rsquo;appuyer sur ses 46 alli\u00e9s du MoDem et la dizaine d&rsquo;\u00e9lus Agir.<\/p>\n\n\n\n<p>Le groupe pourrait toutefois r\u00e9cup\u00e9rer rapidement la majorit\u00e9 absolue si la future suppl\u00e9ante d&rsquo;Olivier Gaillard (ex-LREM, qui devrait quitter son poste de d\u00e9put\u00e9 pour devenir maire), &nbsp;rejoint les rangs des \u00ab\u00a0marcheurs\u00a0\u00bb, comme annonc\u00e9 par le d\u00e9put\u00e9.<\/p>\n\n\n\n<h3 class=\"wp-block-heading\">Un soutien \u00e0 l&rsquo;ex\u00e9cutif au cas par cas<\/h3>\n\n\n\n<p>Le nouveau groupe entend contribuer \u00e0 \u00ab\u00a0une ambition forte de transformation sociale et \u00e9cologique\u00a0\u00bb.<\/p>\n\n\n\n<blockquote class=\"wp-block-quote is-layout-flow wp-block-quote-is-layout-flow\"><p>\u00ab\u00a0R\u00e9pondre \u00e0 l&rsquo;urgence \u00e9cologique, moderniser la d\u00e9mocratie, r\u00e9duire les in\u00e9galit\u00e9s sociales et territoriales : nous pouvons faire plus et mieux \u00e0 l&rsquo;Assembl\u00e9e nationale\u00a0\u00bb, estiment ces d\u00e9put\u00e9s, pour qui \u00ab\u00a0apr\u00e8s le Covid-19, plus rien ne doit \u00eatre comme avant\u00a0\u00bb.<\/p><\/blockquote>\n\n\n\n<p>\u00ab\u00a0Nous pousserons et soutiendrons toutes les d\u00e9cisions \u00e0 la hauteur des enjeux, mais saurons nous opposer dans tous les autres cas\u00a0\u00bb, pr\u00e9viennent ces d\u00e9put\u00e9s.<\/p>\n\n\n\n<p>Dans un document, ils listent leurs \u00ab\u00a015 premi\u00e8res priorit\u00e9s\u00a0\u00bb: cela va d'\u00a0\u00bbun plan de r\u00e9industrialisation pour une souverainet\u00e9 et une autonomie retrouv\u00e9es\u00a0\u00bb \u00e0 une \u00ab\u00a0r\u00e9elle transparence de la vie publique\u00a0\u00bb en passant par le r\u00e9tablissement d&rsquo;un syst\u00e8me de sant\u00e9 \u00ab\u00a0robuste\u00a0\u00bb ou une refonte de \u00ab\u00a0la fiscalit\u00e9 du capital et du patrimoine\u00a0\u00bb.<\/p>\n\n\n\n<p><\/p>\n","protected":false},"excerpt":{"rendered":"<p>Avec la cr\u00e9ation de ce nouveau groupe, LaREM perd la majorit\u00e9 absolue au Palais-Bourdon et devra davantage composer avec ses alli\u00e9s, le Modem et Agir. Ils sont finalement 17. Un neuvi\u00e8me groupe politique avec des Macronistes et anciens Macronistes est \u00ab\u00a0d\u00e9pos\u00e9 officiellement\u00a0\u00bb ce mardi \u00e0 l&rsquo;Assembl\u00e9e, annoncent certains de ses membres fondateurs. Le groupe LaREM [&hellip;]<\/p>\n","protected":false},"author":2,"featured_media":15639,"comment_status":"open","ping_status":"open","sticky":false,"template":"","format":"standard","meta":{"_jetpack_memberships_contains_paid_content":false,"footnotes":"","jetpack_publicize_message":"","jetpack_publicize_feature_enabled":true,"jetpack_social_post_already_shared":true,"jetpack_social_options":{"image_generator_settings":{"template":"highway","default_image_id":0,"font":"","enabled":false},"version":2},"_wpas_customize_per_network":false},"categories":[405],"tags":[],"class_list":["post-15638","post","type-post","status-publish","format-standard","has-post-thumbnail","hentry","category-actu-france-monde"],"jetpack_publicize_connections":[],"jetpack_featured_media_url":"https:\/\/i0.wp.com\/www.iceagetv.com\/radiosite\/wp-content\/uploads\/2020\/05\/17-d%C3%A9put%C3%A9s-forment-un-nouveau-groupe-%C3%A0-lAssembl%C3%A9e-LaREM-perd-la-majorit%C3%A9-absolue.jpeg?fit=902%2C600&ssl=1","jetpack_sharing_enabled":true,"_links":{"self":[{"href":"https:\/\/www.iceagetv.com\/radiosite\/wp-json\/wp\/v2\/posts\/15638","targetHints":{"allow":["GET"]}}],"collection":[{"href":"https:\/\/www.iceagetv.com\/radiosite\/wp-json\/wp\/v2\/posts"}],"about":[{"href":"https:\/\/www.iceagetv.com\/radiosite\/wp-json\/wp\/v2\/types\/post"}],"author":[{"embeddable":true,"href":"https:\/\/www.iceagetv.com\/radiosite\/wp-json\/wp\/v2\/users\/2"}],"replies":[{"embeddable":true,"href":"https:\/\/www.iceagetv.com\/radiosite\/wp-json\/wp\/v2\/comments?post=15638"}],"version-history":[{"count":1,"href":"https:\/\/www.iceagetv.com\/radiosite\/wp-json\/wp\/v2\/posts\/15638\/revisions"}],"predecessor-version":[{"id":15640,"href":"https:\/\/www.iceagetv.com\/radiosite\/wp-json\/wp\/v2\/posts\/15638\/revisions\/15640"}],"wp:featuredmedia":[{"embeddable":true,"href":"https:\/\/www.iceagetv.com\/radiosite\/wp-json\/wp\/v2\/media\/15639"}],"wp:attachment":[{"href":"https:\/\/www.iceagetv.com\/radiosite\/wp-json\/wp\/v2\/media?parent=15638"}],"wp:term":[{"taxonomy":"category","embeddable":true,"href":"https:\/\/www.iceagetv.com\/radiosite\/wp-json\/wp\/v2\/categories?post=15638"},{"taxonomy":"post_tag","embeddable":true,"href":"https:\/\/www.iceagetv.com\/radiosite\/wp-json\/wp\/v2\/tags?post=15638"}],"curies":[{"name":"wp","href":"https:\/\/api.w.org\/{rel}","templated":true}]}}