{"id":15649,"date":"2020-05-20T09:36:34","date_gmt":"2020-05-20T09:36:34","guid":{"rendered":"http:\/\/www.iceagetv.com\/radiosite\/?p=15649"},"modified":"2020-05-20T09:36:34","modified_gmt":"2020-05-20T09:36:34","slug":"depuis-le-deconfinement-je-suis-devenue-allergique-au-bruit-le-retour-des-nuisances-sonores-les-rend-fous","status":"publish","type":"post","link":"https:\/\/www.iceagetv.com\/radiosite\/depuis-le-deconfinement-je-suis-devenue-allergique-au-bruit-le-retour-des-nuisances-sonores-les-rend-fous\/","title":{"rendered":"Depuis le d\u00e9confinement, je suis devenue allergique au bruit \u00bb\u2026 Le retour des nuisances sonores les rend fous"},"content":{"rendered":"\n<p> <strong>HUUUUT<\/strong>\u00a0Le d\u00e9confinement en France a marqu\u00e9 la reprise de la circulation routi\u00e8re et du bruit ambiant, au grand dam de tous ceux qui avaient pris go\u00fbt au calme qui a r\u00e9gn\u00e9 durant huit semaines <\/p>\n\n\n\n<ul class=\"wp-block-list\"><li>Durant ces deux mois de confinement, la France a \u00e9t\u00e9 plong\u00e9e dans un calme in\u00e9dit, sans bruit de circulation routi\u00e8re ni de travaux.<\/li><li>Mais le d\u00e9confinement progressif marque le retour des nuisances sonores auxquelles nous n\u2019\u00e9tions plus habitu\u00e9es.<\/li><li>Et pour beaucoup, cette pollution sonore&nbsp;est tr\u00e8s difficile \u00e0 vivre.<\/li><\/ul>\n\n\n\n<p><a href=\"https:\/\/www.20minutes.fr\/societe\/deconfinement\/\">D\u00e9confinement<\/a>, jour 10. Entre perte de rep\u00e8res et d\u00e9sillusion, la France a entam\u00e9 le 11&nbsp;mai&nbsp;une sortie progressive de son confinement. Reprise des&nbsp;<a href=\"https:\/\/www.20minutes.fr\/dossier\/transport\">transports<\/a>, du travail et de l\u2019\u00e9cole pour certains, r\u00e9ouverture timide des commerces, bars, restaurants et&nbsp;<a href=\"https:\/\/www.20minutes.fr\/paris\/2782231-20200519-coronavirus-paris-fermeture-parcs-parisiens-limite-vraiment-pandemie\">parcs des zones class\u00e9es rouge<\/a>&nbsp;toujours ferm\u00e9s&nbsp;:&nbsp;la vie quotidienne n\u2019a pas totalement repris son cours. Mais&nbsp;un \u00e9l\u00e9ment&nbsp;du \u00ab&nbsp;monde d\u2019avant&nbsp;\u00bb, lui, a fait un retour retentissant&nbsp;:&nbsp;le bruit.<\/p>\n\n\n\n<p>Les chantiers de construction ont red\u00e9marr\u00e9, et avec eux les marteaux-piqueurs. Et si l\u2019heure n\u2019est pas encore au retour des embouteillages monstres sur le p\u00e9riph parisien et sur les grands axes routiers, la circulation s\u2019est d\u00e9j\u00e0 bien densifi\u00e9e. Sortis des garages et parkings o\u00f9 ils \u00e9taient endormis huit semaines durant, voitures et deux-roues se sont r\u00e9appropri\u00e9 le bitume, recouvrant&nbsp;<a href=\"https:\/\/www.20minutes.fr\/planete\/2779911-20200515-deconfinement-retour-homme-rude-faune-sauvage\">le doux chant&nbsp;des oiseaux<\/a>&nbsp;dont se d\u00e9lectaient les citadins et citadines plong\u00e9s dans le calme in\u00e9dit du&nbsp;<a href=\"https:\/\/www.20minutes.fr\/societe\/confinement\/\">confinement<\/a>.&nbsp;Alors, apr\u00e8s ces huit semaines de silence, allons-nous tous devenir intol\u00e9rants au bruit&nbsp;?<\/p>\n\n\n\n<h2 class=\"wp-block-heading\">Klaxon, enfer des deux-roues et damnation<\/h2>\n\n\n\n<p>\u00ab&nbsp;Le bruit, ce sont les sons que l\u2019on ne d\u00e9sire pas et que l\u2019on&nbsp;subit&nbsp;\u00bb, d\u00e9finit Christian Hugonnet, ing\u00e9nieur acousticien et pr\u00e9sident de l\u2019association&nbsp;<a href=\"https:\/\/www.lasemaineduson.org\/\" target=\"_blank\" rel=\"noreferrer noopener\">La semaine du son<\/a>, qui sensibilise le grand public aux enjeux soci\u00e9taux de l\u2019environnement sonore. Avec le d\u00e9confinement, le premier \u00e0 faire d\u00e9goupiller les lecteurs et lectrices de&nbsp;<em>20 Minutes<\/em>, c\u2019est celui que font les deux-roues. \u00ab&nbsp;Les motos et scooters font \u00e9norm\u00e9ment de bruit, plus que tout le reste&nbsp;!&nbsp;Et il y en a de plus en plus, \u00e7a r\u00e9sonne, c\u2019est insupportable&nbsp;\u00bb, d\u00e9plore&nbsp;Sabine. Une exasp\u00e9ration partag\u00e9e par Damien, qui trouve que \u00ab&nbsp;le vrombissement des motos et scooters, soit parce qu\u2019ils ont un pot d\u2019\u00e9chappement d\u00e9brid\u00e9, soit parce qu\u2019ils roulent au-dessus des limitations de vitesse, est une g\u00eane terrible en ville.&nbsp;C\u2019est une&nbsp;honte&nbsp;!&nbsp;D\u2019autant plus que pour&nbsp;la plupart, il s\u2019agit de d\u00e9placements courts n\u2019exc\u00e9dant pas 5 \u00e0 10&nbsp;km. J\u2019ai du mal \u00e0 comprendre pourquoi ils n\u2019enfourchent pas plut\u00f4t un&nbsp;v\u00e9lo&nbsp;\u00bb.<\/p>\n\n\n\n<p>Et si Louis estime qu\u2019\u00e0&nbsp;<a href=\"https:\/\/www.20minutes.fr\/paris\/\">Paris<\/a>, \u00ab&nbsp;le pire, ce sont les sir\u00e8nes de police et les klaxons&nbsp;\u00bb, pour Gigi, qui&nbsp;vit dans le 18e&nbsp;arrondissement de la capitale, \u00ab&nbsp;il y a deux types de nuisances en ville insupportables&nbsp;:&nbsp;les klaxons et les deux-roues qui p\u00e9taradent dans les rues, m\u00eame la nuit, \u00e7a rend dingue&nbsp;!&nbsp;J\u2019ai beau avoir du double vitrage, dormir avec des bouchons d\u2019oreille, rien n\u2019y fait. Les v\u00e9hicules d\u2019urgence et leurs sir\u00e8nes, les v\u00e9hicules de propret\u00e9, leur&nbsp;utilit\u00e9 sociale rend plus acceptable la nuisance sonore. Ceux qui klaxonnent ou roulent en motos tr\u00e8s bruyantes ont un comportement&nbsp;\u00e9go\u00efste&nbsp;\u00bb. Car \u00ab&nbsp;les deux-roues g\u00e9n\u00e8rent un bruit sp\u00e9cifique, avec une fr\u00e9quence plus aigu\u00eb&nbsp;qui agresse davantage, confirme Christian Hugonnet. Un seul deux-roues qui traverse une grande ville en p\u00e9taradant peut r\u00e9veiller plus de 100.000 personnes.&nbsp;<a href=\"https:\/\/www.20minutes.fr\/planete\/1156955-20130516-20130516-paris-police-tente-sensibiliser-automobilistes-bruit-a-pollution\">La nuisance est consid\u00e9rable<\/a>&nbsp;\u00bb.<\/p>\n\n\n\n<h2 class=\"wp-block-heading\">\u00ab&nbsp;Je suis contraint de fermer la fen\u00eatre&nbsp;\u00bb<\/h2>\n\n\n\n<p>Au d\u00e9but du confinement, \u00ab&nbsp;le silence brutal en a surpris beaucoup&nbsp;\u00bb, rel\u00e8ve l\u2019ing\u00e9nieur acousticien. Dont Eric, qui a quitt\u00e9 Paris pour se confiner chez ses parents en p\u00e9riph\u00e9rie lilloise. \u00ab&nbsp;Le silence r\u00e9gnait, en contraste avec le bruit des boulevards parisiens, mais aussi avec l\u2019animation&nbsp;habituelle de ma ville d\u2019enfance. Puis j\u2019ai vite pris l\u2019habitude de r\u00e9viser mes examens la fen\u00eatre ouverte. Mais depuis quelques jours, je suis contraint de fermer la fen\u00eatre&nbsp;\u00bb. M\u00eame amertume&nbsp;<a href=\"https:\/\/www.20minutes.fr\/toulouse\/2775087-20200510-deconfinement-toulouse-circulation-aeroport-marches-va-passer-compter-lundi\">du c\u00f4t\u00e9 de Toulouse<\/a>&nbsp;pour Anthony&nbsp;:&nbsp;\u00ab&nbsp;Le retour des scooters et motos au pot d\u00e9brid\u00e9, qui passent \u00e0 fond en centre-ville sans&nbsp;se soucier des gens qui habitent ici, c\u2019est insupportable. Au 3e \u00e9tage, le bruit s\u2019amplifie, c\u2019est une horreur. Impossible de dormir la fen\u00eatre ouverte comme je l\u2019ai fait pendant ces 2 mois de confinement&nbsp;\u00bb.<\/p>\n\n\n\n<p>Emmanuel, qui vit pr\u00e8s&nbsp;de l\u2019a\u00e9rodrome de Toussus-le-Noble en&nbsp;<a href=\"https:\/\/www.20minutes.fr\/dossier\/ile-de-france\">Ile-de-France<\/a>, note pour sa part que \u00ab&nbsp;les vols ont repris de plus belle depuis le 11&nbsp;mai&nbsp;\u00bb, et redoute d\u00e9j\u00e0 le moment o\u00f9 le trafic a\u00e9rien de l\u2019a\u00e9roport d\u2019Orly reprendra, \u00ab&nbsp;avec&nbsp;un avion toutes les deux minutes&nbsp;\u00bb. Pour lui, le confinement a \u00e9t\u00e9 \u00ab&nbsp;une p\u00e9riode b\u00e9nie. Et c\u2019est fini&nbsp;\u00bb. Une nostalgie partag\u00e9e par&nbsp;Esther&nbsp;:&nbsp;\u00ab&nbsp;Je regrette le temps o\u00f9 j\u2019entendais la cloche de l\u2019\u00e9glise et les oiseaux, ce temps suspendu o\u00f9&nbsp;tout semblait revivre. Le retour brutal \u00e0 ce flot de voitures, de RER, de l&rsquo;A86\u2026 Je me sens agress\u00e9e, on me vole un environnement o\u00f9 je me sentais si bien&nbsp;\u00bb.<\/p>\n\n\n\n<p>La r\u00e9gion parisienne&nbsp;a connu&nbsp;un calme in\u00e9dit, comme le rel\u00e8ve&nbsp;<a href=\"https:\/\/www.bruitparif.fr\/bruitparif\/\" target=\"_blank\" rel=\"noreferrer noopener\">Bruitparif<\/a>, l\u2019Observatoire du bruit en&nbsp;Ile-de-France, qui dispose de 150 stations de mesure du bruit. \u00ab&nbsp;Un silence inhabituel s\u2019y est install\u00e9 du fait de la diminution drastique des trafics routiers, a\u00e9rien et m\u00eame ferroviaire, l\u2019arr\u00eat des chantiers et la fermeture de nombreuses activit\u00e9s et lieux festifs&nbsp;\u00bb. Mais \u00e7a, c\u2019\u00e9tait avant.<\/p>\n\n\n\n<h2 class=\"wp-block-heading\">Un \u00ab&nbsp;linceul sonore&nbsp;\u00bb sur les villes<\/h2>\n\n\n\n<p>\u00ab&nbsp;Il y a eu un moment de calme, un silence propice \u00e0 la s\u00e9r\u00e9nit\u00e9, \u00e0 la r\u00e9flexion. Apr\u00e8s deux mois de calme, le retour du bruit est per\u00e7u comme une agression violente et cette prise de conscience est douloureuse, expose Christian Hugonnet. C\u2019est un vrai probl\u00e8me soci\u00e9tal. Car il y a sur les villes une sorte de&nbsp;\u00ab\u00a0linceul sonore\u00a0\u00bb, un continuum de bruit qui nous p\u00e9n\u00e8tre et nous engloutit, indique&nbsp;l\u2019ing\u00e9nieur acousticien. C\u2019est sans r\u00e9pit, \u00e0 l\u2019exception d\u2019une courte pause que l\u2019on appelle&nbsp;\u00ab\u00a0l\u2019heure bleue\u00a0\u00bb, aux environs de 4h du matin, entre l\u2019arr\u00eat de la circulation des v\u00e9hicules de la veille et la reprise de ceux du lendemain. On red\u00e9couvre le bruit de la ville, de la circulation, et il va falloir s\u2019y r\u00e9habituer&nbsp;\u00bb.<\/p>\n\n\n\n<p>Mais avant, pour beaucoup, le retour du bruit marque le retour du stress. \u00ab\u00a0Je vis \u00e0 Paris depuis quarante ans et je me rends compte, depuis le confinement, que la majeure partie de mon stress est due au\u00a0<a href=\"https:\/\/www.20minutes.fr\/sante\/1522847-20150121-troubles-audition-quand-bruit-rend-malade\">bruit insupportable<\/a>\u00a0et permanent des deux-roues [encore eux], observe Thomas. Maintenant qu\u2019on a connu le calme, on ne peut plus tol\u00e9rer ces nuisances\u00a0!\u00a0\u00bb Dans son village de l\u2019ouest lyonnais, Julie a \u00ab\u00a0vraiment appr\u00e9ci\u00e9 le calme du confinement, cela m\u2019a enfin permis de profiter de mon ext\u00e9rieur, sans le bruit de\u00a0la route d\u00e9partementale en contrebas, qui est tr\u00e8s\u00a0fr\u00e9quent\u00e9e. Mais le d\u00e9confinement a relanc\u00e9 ces nuisances sonores jour et nuit et c\u2019est tr\u00e8s difficile d\u2019accepter de subir cela.\u00a0Le niveau sonore que nous subissons devrait \u00eatre \u00e9valu\u00e9 pour comprendre \u00e0 quel risque nous sommes expos\u00e9s au quotidien\u00a0\u00bb.<\/p>\n\n\n\n<h2 class=\"wp-block-heading\">&nbsp;Je suis devenue allergique au&nbsp;bruit&nbsp;\u00bb<\/h2>\n\n\n\n<p>\u00ab&nbsp;C\u2019est vrai, l\u2019exposition au bruit \u00e0 des effets d\u00e9l\u00e9t\u00e8res sur la sant\u00e9&nbsp;:&nbsp;stress, augmentation de la pression art\u00e9rielle,&nbsp;<a href=\"https:\/\/www.20minutes.fr\/sante\/2270907-20180518-troubles-sommeil-comment-enfin-arriver-dormir-medicament\">troubles du sommeil<\/a>, sentiment d\u2019oppression ou encore troubles des approches cognitives&nbsp;\u00bb, cite Christian Hugonnet. Anne-Lise, elle, se sent \u00ab&nbsp;d\u00e9prim\u00e9e&nbsp;depuis le d\u00e9confinement.&nbsp;Ces&nbsp;moments sans circulation \u00e9taient un pur plaisir&nbsp;\u00bb.<\/p>\n\n\n\n<p>Un sentiment \u00e9prouv\u00e9 aussi par&nbsp;St\u00e9phanie, qui&nbsp;habite \u00e0 Nantes, et qui vivait cern\u00e9e par le bruit avant le confinement&nbsp;:&nbsp;\u00ab&nbsp;Circulation, chantier de construction, travaux&nbsp;dans mon immeuble,&nbsp;<a href=\"https:\/\/www.20minutes.fr\/nantes\/2782287-20200519-deconfinement-nantes-aeroport-reprendra-vols-passagers-8-juin\">avions qui passent au-dessus de la maison<\/a>&nbsp;jour et nuit, ambulances et h\u00e9licopt\u00e8res du Samu parce que je vis pr\u00e8s de l\u2019a\u00e9roport et du CHU et les fiestas le soir, \u00e9num\u00e8re-t-elle. J\u2019arrivais \u00e0 prendre sur moi, puis il y a eu le silence quasi total. Un bonheur&nbsp;!&nbsp;Mis \u00e0 part les avions, le bruit a repris de plus belle, et mon corps a r\u00e9agi imm\u00e9diatement&nbsp;!&nbsp;Stress, anxi\u00e9t\u00e9, irritabilit\u00e9, palpitations, troubles du sommeil, de l\u2019app\u00e9tit, contractures musculaires des pieds \u00e0 la t\u00eate&nbsp;:&nbsp;je&nbsp;suis devenue allergique au&nbsp;bruit, je ne peux physiquement et psychiquement plus le supporter&nbsp;!&nbsp;\u00bb<\/p>\n\n\n\n<h2 class=\"wp-block-heading\">Penser \u00e0 \u00ab&nbsp;l\u2019\u00e9cologie sonore&nbsp;\u00bb<\/h2>\n\n\n\n<p>Alors, certains ont d\u00e9cid\u00e9 d\u2019agir. Jusque dans les campagnes, \u00ab&nbsp;plus bruyantes qu\u2019on ne le croit&nbsp;\u00bb, souligne Olivier, qui habite&nbsp;dans un village \u00e0 une heure de train de Paris, \u00ab&nbsp;sur la grande rue o\u00f9&nbsp;passent pr\u00e8s de 1.000&nbsp;voitures, \u00e0 deux m\u00e8tres de notre maison. On va&nbsp;continuer \u00e0 batailler pour obtenir ralentisseurs et panneaux de limitation de vitesse&nbsp;\u00bb. M\u00eame combat pour&nbsp;St\u00e9phanie, dans son village pr\u00e8s de Cognac travers\u00e9 par une route d\u00e9partementale. Le confinement pour elle&nbsp;?&nbsp;\u00ab&nbsp;Du bonheur&nbsp;!&nbsp;Mais depuis le 11&nbsp;mai, j\u2019ai l\u2019impression que la route est encore plus fr\u00e9quent\u00e9e et que les gens roulent plus vite&nbsp;!&nbsp;Nous allons rencontrer le&nbsp;<a href=\"https:\/\/www.20minutes.fr\/municipales\/\">nouveau maire<\/a>&nbsp;et voir quelles solutions nous pouvons trouver. Sinon, je d\u00e9m\u00e9nagerai pour un endroit au calme&nbsp;\u00bb.<\/p>\n\n\n\n<p>Pourtant, il en existe des solutions. \u00ab&nbsp;Il faut verbaliser les deux-roues trop bruyants, privil\u00e9gier les&nbsp;bus, voitures et scooters \u00e9lectriques pour des villes plus douces, et faire payer une taxe sur le bruit. Pourquoi ne&nbsp;pas imaginer une vignette&nbsp;?&nbsp;\u00bb, pr\u00e9conise&nbsp;Sabine, qui a bien r\u00e9fl\u00e9chi \u00e0 la question.<\/p>\n\n\n\n<p>Mais \u00ab&nbsp;architectes et urbanistes doivent aussi&nbsp;adopter des solutions en amont des&nbsp;<a href=\"https:\/\/www.20minutes.fr\/sante\/2313295-20180726-canicule-comment-fera-fait-55-degres-2050\">projets d\u2019am\u00e9nagement&nbsp;urbain<\/a>, insiste Christian Hugonnet. Des murs inclin\u00e9s permettent de d\u00e9vier le bruit. Il existe aussi des rev\u00eatements de chauss\u00e9e qui absorbent une partie du bruit des v\u00e9hicules, tout comme les&nbsp;<a href=\"https:\/\/www.20minutes.fr\/paris\/1582223-20150408-paris-decouvrez-41-murs-bientot-vegetalises-pres-chez\">murs v\u00e9g\u00e9talis\u00e9s<\/a>&nbsp;et un am\u00e9nagement bien pens\u00e9 des places publiques.&nbsp;Il doit y avoir une volont\u00e9 forte des pouvoirs publics en mati\u00e8re d\u2019\u00e9cologie sonore. C\u2019est \u00e7a, la solution d\u2019avenir&nbsp;\u00bb.<\/p>\n\n\n\n<p><\/p>\n\n\n\n<p><\/p>\n","protected":false},"excerpt":{"rendered":"<p>HUUUUT\u00a0Le d\u00e9confinement en France a marqu\u00e9 la reprise de la circulation routi\u00e8re et du bruit ambiant, au grand dam de tous ceux qui avaient pris go\u00fbt au calme qui a r\u00e9gn\u00e9 durant huit semaines Durant ces deux mois de confinement, la France a \u00e9t\u00e9 plong\u00e9e dans un calme in\u00e9dit, sans bruit de circulation routi\u00e8re ni [&hellip;]<\/p>\n","protected":false},"author":2,"featured_media":15650,"comment_status":"open","ping_status":"open","sticky":false,"template":"","format":"standard","meta":{"_jetpack_memberships_contains_paid_content":false,"footnotes":"","jetpack_publicize_message":"","jetpack_publicize_feature_enabled":true,"jetpack_social_post_already_shared":true,"jetpack_social_options":{"image_generator_settings":{"template":"highway","default_image_id":0,"font":"","enabled":false},"version":2},"_wpas_customize_per_network":false},"categories":[405],"tags":[2786],"class_list":["post-15649","post","type-post","status-publish","format-standard","has-post-thumbnail","hentry","category-actu-france-monde","tag-depuis-le-deconfinement"],"jetpack_publicize_connections":[],"jetpack_featured_media_url":"https:\/\/i0.wp.com\/www.iceagetv.com\/radiosite\/wp-content\/uploads\/2020\/05\/Depuis-le-d%C3%A9confinement-je-suis-devenue-allergique-au-bruit.png?fit=656%2C400&ssl=1","jetpack_sharing_enabled":true,"_links":{"self":[{"href":"https:\/\/www.iceagetv.com\/radiosite\/wp-json\/wp\/v2\/posts\/15649","targetHints":{"allow":["GET"]}}],"collection":[{"href":"https:\/\/www.iceagetv.com\/radiosite\/wp-json\/wp\/v2\/posts"}],"about":[{"href":"https:\/\/www.iceagetv.com\/radiosite\/wp-json\/wp\/v2\/types\/post"}],"author":[{"embeddable":true,"href":"https:\/\/www.iceagetv.com\/radiosite\/wp-json\/wp\/v2\/users\/2"}],"replies":[{"embeddable":true,"href":"https:\/\/www.iceagetv.com\/radiosite\/wp-json\/wp\/v2\/comments?post=15649"}],"version-history":[{"count":1,"href":"https:\/\/www.iceagetv.com\/radiosite\/wp-json\/wp\/v2\/posts\/15649\/revisions"}],"predecessor-version":[{"id":15651,"href":"https:\/\/www.iceagetv.com\/radiosite\/wp-json\/wp\/v2\/posts\/15649\/revisions\/15651"}],"wp:featuredmedia":[{"embeddable":true,"href":"https:\/\/www.iceagetv.com\/radiosite\/wp-json\/wp\/v2\/media\/15650"}],"wp:attachment":[{"href":"https:\/\/www.iceagetv.com\/radiosite\/wp-json\/wp\/v2\/media?parent=15649"}],"wp:term":[{"taxonomy":"category","embeddable":true,"href":"https:\/\/www.iceagetv.com\/radiosite\/wp-json\/wp\/v2\/categories?post=15649"},{"taxonomy":"post_tag","embeddable":true,"href":"https:\/\/www.iceagetv.com\/radiosite\/wp-json\/wp\/v2\/tags?post=15649"}],"curies":[{"name":"wp","href":"https:\/\/api.w.org\/{rel}","templated":true}]}}