{"id":15655,"date":"2020-05-20T12:49:20","date_gmt":"2020-05-20T12:49:20","guid":{"rendered":"http:\/\/www.iceagetv.com\/radiosite\/?p=15655"},"modified":"2020-05-20T12:49:20","modified_gmt":"2020-05-20T12:49:20","slug":"coronavirus-olivier-veran-ministre-de-la-sante-annonce-une-hausse-de-salaires-dans-les-hopitaux-nous-navons-pas-ete-assez-vite","status":"publish","type":"post","link":"https:\/\/www.iceagetv.com\/radiosite\/coronavirus-olivier-veran-ministre-de-la-sante-annonce-une-hausse-de-salaires-dans-les-hopitaux-nous-navons-pas-ete-assez-vite\/","title":{"rendered":"Coronavirus &#8211; Olivier V\u00e9ran, ministre de la sant\u00e9, annonce une hausse de salaires dans les h\u00f4pitaux: \u00ab\u00a0Nous n&rsquo;avons pas \u00e9t\u00e9 assez vite\u00a0\u00bb"},"content":{"rendered":"\n<p>Olivier V\u00e9ran, ministre de la sant\u00e9, annonce ce mercredi une \u00ab\u00a0hausse des salaires dans les h\u00f4pitaux: \u00ab\u00a0Nous n&rsquo;avons pas \u00e9t\u00e9 assez vite\u00a0\u00bb<\/p>\n\n\n\n<p>\u00ab\u00a0Avec tous les soignants, nous allons repenser ce qui doit l&rsquo;\u00eatre. Je veux apporter des r\u00e9ponses tr\u00e8s concr\u00e8tes \u00e0 leurs attentes.\u00a0\u00bb, a-t-il confi\u00e9&nbsp;lors du compte-rendu du Conseil des ministres.<\/p>\n\n\n\n<p>\u00ab\u00a0Les personnels soignants ne supportent plus qu&rsquo;on leur dise que ce qu&rsquo;ils font ont du sens\u00a0\u00bb, sans toutefois leur apporter une reconnaissance suffisante, a-t-il poursuivi.&nbsp;<\/p>\n\n\n\n<p>Avec la loi \u00ab\u00a0Ma sant\u00e9 2022\u00a0\u00bb, adopt\u00e9e en 2019, \u00ab\u00a0nous avons fait le bon diagnostic, nous avons pris les bonnes orientations. Mais nous n&rsquo;avons \u00e9t\u00e9 ni assez vite ni assez fort\u00a0\u00bb, a-t-il d\u00e9clar\u00e9, avant d&rsquo;\u00e9voquer \u00ab\u00a0des mesures d&rsquo;ampleur\u00a0\u00bb et \u00ab\u00a0dans une certaine mesure radicales\u00a0\u00bb.<\/p>\n\n\n\n<p>\u00ab\u00a0D\u00e8s lundi 25 main je mettrai en place une concertation\u00a0\u00bb, avec une r\u00e9forme qui passera par des \u00ab\u00a0hausse de salaires \u00e0 l&rsquo;h\u00f4pital et en Ehpad\u00a0\u00bb. Et d&rsquo;\u00e9voquer la n\u00e9cessit\u00e9 de \u00ab\u00a0d\u00e9passer&nbsp;certains carcans, pour ceux qui souhaitent parfois travailler plus\u00a0\u00bb.<\/p>\n","protected":false},"excerpt":{"rendered":"<p>Olivier V\u00e9ran, ministre de la sant\u00e9, annonce ce mercredi une \u00ab\u00a0hausse des salaires dans les h\u00f4pitaux: \u00ab\u00a0Nous n&rsquo;avons pas \u00e9t\u00e9 assez vite\u00a0\u00bb \u00ab\u00a0Avec tous les soignants, nous allons repenser ce qui doit l&rsquo;\u00eatre. Je veux apporter des r\u00e9ponses tr\u00e8s concr\u00e8tes \u00e0 leurs attentes.\u00a0\u00bb, a-t-il confi\u00e9&nbsp;lors du compte-rendu du Conseil des ministres. \u00ab\u00a0Les personnels soignants ne [&hellip;]<\/p>\n","protected":false},"author":2,"featured_media":15656,"comment_status":"open","ping_status":"open","sticky":false,"template":"","format":"standard","meta":{"_jetpack_memberships_contains_paid_content":false,"footnotes":"","jetpack_publicize_message":"","jetpack_publicize_feature_enabled":true,"jetpack_social_post_already_shared":true,"jetpack_social_options":{"image_generator_settings":{"template":"highway","default_image_id":0,"font":"","enabled":false},"version":2},"_wpas_customize_per_network":false},"categories":[405],"tags":[2788,2787],"class_list":["post-15655","post","type-post","status-publish","format-standard","has-post-thumbnail","hentry","category-actu-france-monde","tag-ministre-de-la-sante","tag-olivier-veran"],"jetpack_publicize_connections":[],"jetpack_featured_media_url":"https:\/\/i0.wp.com\/www.iceagetv.com\/radiosite\/wp-content\/uploads\/2020\/05\/annonce-une-hausse-de-salaires-dans-les-h%C3%B4pitaux.png?fit=902%2C338&ssl=1","jetpack_sharing_enabled":true,"_links":{"self":[{"href":"https:\/\/www.iceagetv.com\/radiosite\/wp-json\/wp\/v2\/posts\/15655","targetHints":{"allow":["GET"]}}],"collection":[{"href":"https:\/\/www.iceagetv.com\/radiosite\/wp-json\/wp\/v2\/posts"}],"about":[{"href":"https:\/\/www.iceagetv.com\/radiosite\/wp-json\/wp\/v2\/types\/post"}],"author":[{"embeddable":true,"href":"https:\/\/www.iceagetv.com\/radiosite\/wp-json\/wp\/v2\/users\/2"}],"replies":[{"embeddable":true,"href":"https:\/\/www.iceagetv.com\/radiosite\/wp-json\/wp\/v2\/comments?post=15655"}],"version-history":[{"count":1,"href":"https:\/\/www.iceagetv.com\/radiosite\/wp-json\/wp\/v2\/posts\/15655\/revisions"}],"predecessor-version":[{"id":15657,"href":"https:\/\/www.iceagetv.com\/radiosite\/wp-json\/wp\/v2\/posts\/15655\/revisions\/15657"}],"wp:featuredmedia":[{"embeddable":true,"href":"https:\/\/www.iceagetv.com\/radiosite\/wp-json\/wp\/v2\/media\/15656"}],"wp:attachment":[{"href":"https:\/\/www.iceagetv.com\/radiosite\/wp-json\/wp\/v2\/media?parent=15655"}],"wp:term":[{"taxonomy":"category","embeddable":true,"href":"https:\/\/www.iceagetv.com\/radiosite\/wp-json\/wp\/v2\/categories?post=15655"},{"taxonomy":"post_tag","embeddable":true,"href":"https:\/\/www.iceagetv.com\/radiosite\/wp-json\/wp\/v2\/tags?post=15655"}],"curies":[{"name":"wp","href":"https:\/\/api.w.org\/{rel}","templated":true}]}}