{"id":15661,"date":"2020-05-21T07:04:56","date_gmt":"2020-05-21T07:04:56","guid":{"rendered":"http:\/\/www.iceagetv.com\/radiosite\/?p=15661"},"modified":"2020-05-21T07:04:56","modified_gmt":"2020-05-21T07:04:56","slug":"le-second-tour-des-elections-municipales-aura-lieu-soit-le-mois-prochain-soit-en-janvier-2021-a-affirme-edouard-philippe-hier-soir-lors-dune-reunion-avec-les-chefs-des-partis-politiques","status":"publish","type":"post","link":"https:\/\/www.iceagetv.com\/radiosite\/le-second-tour-des-elections-municipales-aura-lieu-soit-le-mois-prochain-soit-en-janvier-2021-a-affirme-edouard-philippe-hier-soir-lors-dune-reunion-avec-les-chefs-des-partis-politiques\/","title":{"rendered":"Le second tour des \u00e9lections municipales aura lieu soit le mois prochain soit en janvier 2021, a affirm\u00e9 Edouard Philippe hier soir lors d\u2019une r\u00e9union avec les chefs des partis politiques"},"content":{"rendered":"\n<p>Le second tour des \u00e9lections municipales, qui avait \u00e9t\u00e9 report\u00e9 \u00e0 cause de la crise sanitaire, aura lieu soit en juin soit en janvier 2021, a affirm\u00e9 Edouard Philippe hier soir lors d\u2019une r\u00e9union avec les chefs des partis politiques, selon plusieurs participants. \u00ab Le Premier ministre a \u00e9cart\u00e9 septembre tr\u00e8s clairement, et l\u2019automne aussi, en disant c\u2019est juin ou janvier \u00bb, a rapport\u00e9 l\u2019un des participants \u00e0 l\u2019AFP. Selon plusieurs responsables de partis, le chef du gouvernement a expliqu\u00e9 qu\u2019il fallait un mois et demi pour faire campagne et que ce serait compliqu\u00e9 avec la rentr\u00e9e scolaire, tandis qu\u2019en octobre, ce serait impossible d\u2019interrompre la session des d\u00e9bats sur le budget au Parlement.<\/p>\n\n\n\n<p>Interrog\u00e9, l\u2019entourage du Premier ministre a dit \u00e0 l\u2019AFP travailler sur deux hypoth\u00e8ses, dont celle d\u2019un report des \u00e9lections mais pas au-del\u00e0 de janvier 2021. Un projet de loi est en pr\u00e9paration et examin\u00e9 par le Conseil d\u2019Etat en cas de report. Mais cela ne pr\u00e9juge pas de la d\u00e9cision, a soulign\u00e9 cette source. Selon elle, Edouard Philippe consid\u00e8re qu\u2019un scrutin en septembre serait compliqu\u00e9 en raison de la rentr\u00e9e scolaire. Et que les mois qui suivent sont aussi tr\u00e8s contraints du point de vue parlementaire car il y a les lois de finance et cela ne permet pas de suspendre l\u2019activit\u00e9 du Parlement pour faire campagne. Le rapport que le gouvernement doit remettre vendredi ou samedi au Parlement contiendra une orientation de la position du gouvernement, a encore affirm\u00e9 cette source.<\/p>\n","protected":false},"excerpt":{"rendered":"<p>Le second tour des \u00e9lections municipales, qui avait \u00e9t\u00e9 report\u00e9 \u00e0 cause de la crise sanitaire, aura lieu soit en juin soit en janvier 2021, a affirm\u00e9 Edouard Philippe hier soir lors d\u2019une r\u00e9union avec les chefs des partis politiques, selon plusieurs participants. \u00ab Le Premier ministre a \u00e9cart\u00e9 septembre tr\u00e8s clairement, et l\u2019automne aussi, [&hellip;]<\/p>\n","protected":false},"author":2,"featured_media":15662,"comment_status":"open","ping_status":"open","sticky":false,"template":"","format":"standard","meta":{"_jetpack_memberships_contains_paid_content":false,"footnotes":"","jetpack_publicize_message":"","jetpack_publicize_feature_enabled":true,"jetpack_social_post_already_shared":true,"jetpack_social_options":{"image_generator_settings":{"template":"highway","default_image_id":0,"font":"","enabled":false},"version":2},"_wpas_customize_per_network":false},"categories":[405],"tags":[],"class_list":["post-15661","post","type-post","status-publish","format-standard","has-post-thumbnail","hentry","category-actu-france-monde"],"jetpack_publicize_connections":[],"jetpack_featured_media_url":"https:\/\/i0.wp.com\/www.iceagetv.com\/radiosite\/wp-content\/uploads\/2020\/05\/Le-second-tour-des-%C3%A9lections-municipales-aura-lieu-soit-le-mois-prochain-soit-en-janvier-2021.png?fit=635%2C270&ssl=1","jetpack_sharing_enabled":true,"_links":{"self":[{"href":"https:\/\/www.iceagetv.com\/radiosite\/wp-json\/wp\/v2\/posts\/15661","targetHints":{"allow":["GET"]}}],"collection":[{"href":"https:\/\/www.iceagetv.com\/radiosite\/wp-json\/wp\/v2\/posts"}],"about":[{"href":"https:\/\/www.iceagetv.com\/radiosite\/wp-json\/wp\/v2\/types\/post"}],"author":[{"embeddable":true,"href":"https:\/\/www.iceagetv.com\/radiosite\/wp-json\/wp\/v2\/users\/2"}],"replies":[{"embeddable":true,"href":"https:\/\/www.iceagetv.com\/radiosite\/wp-json\/wp\/v2\/comments?post=15661"}],"version-history":[{"count":1,"href":"https:\/\/www.iceagetv.com\/radiosite\/wp-json\/wp\/v2\/posts\/15661\/revisions"}],"predecessor-version":[{"id":15663,"href":"https:\/\/www.iceagetv.com\/radiosite\/wp-json\/wp\/v2\/posts\/15661\/revisions\/15663"}],"wp:featuredmedia":[{"embeddable":true,"href":"https:\/\/www.iceagetv.com\/radiosite\/wp-json\/wp\/v2\/media\/15662"}],"wp:attachment":[{"href":"https:\/\/www.iceagetv.com\/radiosite\/wp-json\/wp\/v2\/media?parent=15661"}],"wp:term":[{"taxonomy":"category","embeddable":true,"href":"https:\/\/www.iceagetv.com\/radiosite\/wp-json\/wp\/v2\/categories?post=15661"},{"taxonomy":"post_tag","embeddable":true,"href":"https:\/\/www.iceagetv.com\/radiosite\/wp-json\/wp\/v2\/tags?post=15661"}],"curies":[{"name":"wp","href":"https:\/\/api.w.org\/{rel}","templated":true}]}}