{"id":15667,"date":"2020-05-21T19:11:15","date_gmt":"2020-05-21T19:11:15","guid":{"rendered":"http:\/\/www.iceagetv.com\/radiosite\/?p=15667"},"modified":"2020-05-21T19:11:15","modified_gmt":"2020-05-21T19:11:15","slug":"coronavirus-ce-soir-la-france-compte-28-215-deces-sur-son-territoire-a-cause-du-covid-19-soit-83-de-plus-en-24h-dapres-le-communique-quotidien-de-la-direction-generale-de-la-sante","status":"publish","type":"post","link":"https:\/\/www.iceagetv.com\/radiosite\/coronavirus-ce-soir-la-france-compte-28-215-deces-sur-son-territoire-a-cause-du-covid-19-soit-83-de-plus-en-24h-dapres-le-communique-quotidien-de-la-direction-generale-de-la-sante\/","title":{"rendered":"Coronavirus &#8211; Ce soir, la France compte 28.215 d\u00e9c\u00e8s sur son territoire \u00e0 cause du COVID-19 soit 83 de plus en 24h, d&rsquo;apr\u00e8s le communiqu\u00e9 quotidien de la Direction g\u00e9n\u00e9rale de la sant\u00e9"},"content":{"rendered":"\n<p><strong>Ce soir, la France compte 28.215 d\u00e9c\u00e8s sur son territoire \u00e0 cause du COVID-19 soit 83 de plus en 24h, d&rsquo;apr\u00e8s le communiqu\u00e9 quotidien de la Direction g\u00e9n\u00e9rale de la sant\u00e9. Dans le d\u00e9tail, 17.870 personnes sont mortes en milieu hospitalier, et 10.345 dans les \u00e9tablissements sociaux et m\u00e9dico-sociaux.&nbsp;&nbsp;D\u00e9sormais, on d\u00e9nombre 17.583 hospitalisations li\u00e9es au Covid-19 et 1.745 cas graves dans les services de r\u00e9animations.&nbsp;<\/strong><\/p>\n\n\n\n<p>A l&rsquo;occasion du long week-end ensoleill\u00e9 de l&rsquo;Ascension de nombreux Fran\u00e7ais ont pris la route jeudi, go\u00fbtant pour certains aux joies de la plage, des regroupements qui suscitent toujours la crainte d&rsquo;une reprise de l&rsquo;\u00e9pid\u00e9mie de coronavirus. \u00ab\u00a0Il fait beau dehors, on sait que c&rsquo;est tr\u00e8s compliqu\u00e9 et la tentation est forte apr\u00e8s des semaines de confinement\u00a0\u00bb, a reconnu Olivier V\u00e9ran, qui constatait d\u00e9j\u00e0 mercredi une \u00ab\u00a0acc\u00e9l\u00e9ration\u00a0\u00bb des \u00ab\u00a0regroupements\u00a0\u00bb \u00e0 la veille du \u00ab\u00a0pont\u00a0\u00bb de l&rsquo;Ascension.<\/p>\n\n\n\n<p>Le ministre de la Sant\u00e9 a soulign\u00e9 qu&rsquo;il \u00e9tait \u00ab\u00a0trop t\u00f4t pour tirer des conclusions\u00a0\u00bb sanitaires de la lev\u00e9e partielle du confinement de la population, le 11 mai, m\u00eame s&rsquo;il n&rsquo;y a pas pour l&rsquo;heure de signes d&rsquo;une \u00ab\u00a0re-croissance\u00a0\u00bb de la circulation du coronavirus, qui a fait au moins 28.132 morts en France. \u00ab\u00a0On ne voit pas de deuxi\u00e8me vague arriver\u00a0\u00bb, a confirm\u00e9 jeudi Patrick Pelloux, pr\u00e9sident de l&rsquo;Association des m\u00e9decins urgentistes, sur France 2. Mais \u00ab\u00a0\u00e7a ne veut pas dire que l&rsquo;\u00e9pid\u00e9mie est arr\u00eat\u00e9e\u00a0\u00bb, a-t-il lui aussi averti.<\/p>\n\n\n\n<p>Les contr\u00f4les routiers \u00e9taient nombreux pour faire respecter la limite de d\u00e9placement de 100 kilom\u00e8tres autour du domicile. Et visiblement beaucoup avaient h\u00e2te de partir: la circulation \u00e9tait dense jeudi matin sur l&rsquo;autoroute A6 au d\u00e9part de Paris. Cinq communes du Morbihan et une du Finist\u00e8re ont demand\u00e9 la fermeture de leurs plages, rouvertes le week-end dernier, apr\u00e8s avoir constat\u00e9 le non respect des r\u00e8gles de distanciation.<\/p>\n","protected":false},"excerpt":{"rendered":"<p>Ce soir, la France compte 28.215 d\u00e9c\u00e8s sur son territoire \u00e0 cause du COVID-19 soit 83 de plus en 24h, d&rsquo;apr\u00e8s le communiqu\u00e9 quotidien de la Direction g\u00e9n\u00e9rale de la sant\u00e9. Dans le d\u00e9tail, 17.870 personnes sont mortes en milieu hospitalier, et 10.345 dans les \u00e9tablissements sociaux et m\u00e9dico-sociaux.&nbsp;&nbsp;D\u00e9sormais, on d\u00e9nombre 17.583 hospitalisations li\u00e9es au [&hellip;]<\/p>\n","protected":false},"author":2,"featured_media":15542,"comment_status":"open","ping_status":"open","sticky":false,"template":"","format":"standard","meta":{"_jetpack_memberships_contains_paid_content":false,"footnotes":"","jetpack_publicize_message":"","jetpack_publicize_feature_enabled":true,"jetpack_social_post_already_shared":true,"jetpack_social_options":{"image_generator_settings":{"template":"highway","default_image_id":0,"font":"","enabled":false},"version":2},"_wpas_customize_per_network":false},"categories":[405],"tags":[],"class_list":["post-15667","post","type-post","status-publish","format-standard","has-post-thumbnail","hentry","category-actu-france-monde"],"jetpack_publicize_connections":[],"jetpack_featured_media_url":"https:\/\/i0.wp.com\/www.iceagetv.com\/radiosite\/wp-content\/uploads\/2020\/05\/Le-nombre-de-d%C3%A9c%C3%A8s-par-24h-en-France-poursuit-%C3%A7a-chute-et-tombe-%C3%A0-70-morts-devenant-le-bilan-le-plus-faible-depuis-le-d%C3%A9but-du-confinement.png?fit=633%2C273&ssl=1","jetpack_sharing_enabled":true,"_links":{"self":[{"href":"https:\/\/www.iceagetv.com\/radiosite\/wp-json\/wp\/v2\/posts\/15667","targetHints":{"allow":["GET"]}}],"collection":[{"href":"https:\/\/www.iceagetv.com\/radiosite\/wp-json\/wp\/v2\/posts"}],"about":[{"href":"https:\/\/www.iceagetv.com\/radiosite\/wp-json\/wp\/v2\/types\/post"}],"author":[{"embeddable":true,"href":"https:\/\/www.iceagetv.com\/radiosite\/wp-json\/wp\/v2\/users\/2"}],"replies":[{"embeddable":true,"href":"https:\/\/www.iceagetv.com\/radiosite\/wp-json\/wp\/v2\/comments?post=15667"}],"version-history":[{"count":1,"href":"https:\/\/www.iceagetv.com\/radiosite\/wp-json\/wp\/v2\/posts\/15667\/revisions"}],"predecessor-version":[{"id":15668,"href":"https:\/\/www.iceagetv.com\/radiosite\/wp-json\/wp\/v2\/posts\/15667\/revisions\/15668"}],"wp:featuredmedia":[{"embeddable":true,"href":"https:\/\/www.iceagetv.com\/radiosite\/wp-json\/wp\/v2\/media\/15542"}],"wp:attachment":[{"href":"https:\/\/www.iceagetv.com\/radiosite\/wp-json\/wp\/v2\/media?parent=15667"}],"wp:term":[{"taxonomy":"category","embeddable":true,"href":"https:\/\/www.iceagetv.com\/radiosite\/wp-json\/wp\/v2\/categories?post=15667"},{"taxonomy":"post_tag","embeddable":true,"href":"https:\/\/www.iceagetv.com\/radiosite\/wp-json\/wp\/v2\/tags?post=15667"}],"curies":[{"name":"wp","href":"https:\/\/api.w.org\/{rel}","templated":true}]}}