{"id":15685,"date":"2020-05-22T18:51:31","date_gmt":"2020-05-22T18:51:31","guid":{"rendered":"http:\/\/www.iceagetv.com\/radiosite\/?p=15685"},"modified":"2020-05-22T18:51:31","modified_gmt":"2020-05-22T18:51:31","slug":"pour-la-premiere-fois-la-direction-generale-de-la-sante-ne-donnera-pas-le-nombre-de-deces-avant-lundi-selon-un-communique-publie-ce-soir","status":"publish","type":"post","link":"https:\/\/www.iceagetv.com\/radiosite\/pour-la-premiere-fois-la-direction-generale-de-la-sante-ne-donnera-pas-le-nombre-de-deces-avant-lundi-selon-un-communique-publie-ce-soir\/","title":{"rendered":"Pour la premi\u00e8re fois la Direction G\u00e9n\u00e9rale de la Sant\u00e9 ne donnera pas le nombre de d\u00e9c\u00e8s avant lundi selon un communiqu\u00e9 publi\u00e9 ce soir"},"content":{"rendered":"\n<p><strong>Pour la premi\u00e8re fois la Direction G\u00e9n\u00e9rale de la Sant\u00e9 ne donnera pas le nombre de d\u00e9c\u00e8s avant lundi selon un communiqu\u00e9 publi\u00e9 ce soir. Les autres chiffres sont communiqu\u00e9s avec&nbsp;17.383 personnes sont hospitalis\u00e9es pour une infection au Covid-19 contre 17.583 hier, annonce la direction g\u00e9n\u00e9rale de la sant\u00e9. 1.701 malades atteints d\u2019une forme s\u00e9v\u00e8re de Covid-19 sont hospitalis\u00e9s en r\u00e9animation, contre 1 745 hier.<\/strong><\/p>\n\n\n\n<p>Le second tour des municipales aura bien lieu le 28 juin, avec des pr\u00e9cautions sanitaires particuli\u00e8res, a annonc\u00e9 Edouard Philippe vendredi, pr\u00e9venant que cette d\u00e9cision \u00e9tait toutefois \u00ab\u00a0r\u00e9versible\u00a0\u00bb si l&rsquo;\u00e9pid\u00e9mie connaissait un rebond. \u00ab\u00a0Apr\u00e8s avoir pes\u00e9 le pour et le contre, nous pensons que la vie d\u00e9mocratique doit reprendre ses droits\u00a0\u00bb, a affirm\u00e9 vendredi le Premier ministre lors d&rsquo;une conf\u00e9rence de presse \u00e0 Matignon. Ce second tour aura donc lieu avant les vacances d&rsquo;\u00e9t\u00e9 dans les quelque 5.000 communes o\u00f9 le premier tour n&rsquo;a pas \u00e9t\u00e9 d\u00e9cisif.<\/p>\n\n\n\n<p>Cette d\u00e9cision reste cependant r\u00e9vocable si les conditions sanitaires \u00e9taient amen\u00e9es \u00e0 se d\u00e9t\u00e9riorer, comme l&rsquo;avait demand\u00e9 le Conseil scientifique dans son avis. Les pr\u00e9cautions prises lors du premier tour ont \u00e9t\u00e9 renforc\u00e9es: \u00ab\u00a0Chaque \u00e9lecteur devra porter un masque de protection\u00a0\u00bb, m\u00eame grand public, et sera invit\u00e9 \u00e0 \u00e9marger avec son stylo personnel, a pr\u00e9cis\u00e9 \u00e0 ses c\u00f4t\u00e9s le ministre de l&rsquo;Int\u00e9rieur Christophe Castaner. Les membres du bureau de vote devront aussi porter un masque chirurgical.<\/p>\n","protected":false},"excerpt":{"rendered":"<p>Pour la premi\u00e8re fois la Direction G\u00e9n\u00e9rale de la Sant\u00e9 ne donnera pas le nombre de d\u00e9c\u00e8s avant lundi selon un communiqu\u00e9 publi\u00e9 ce soir. Les autres chiffres sont communiqu\u00e9s avec&nbsp;17.383 personnes sont hospitalis\u00e9es pour une infection au Covid-19 contre 17.583 hier, annonce la direction g\u00e9n\u00e9rale de la sant\u00e9. 1.701 malades atteints d\u2019une forme s\u00e9v\u00e8re [&hellip;]<\/p>\n","protected":false},"author":2,"featured_media":15686,"comment_status":"open","ping_status":"open","sticky":false,"template":"","format":"standard","meta":{"_jetpack_memberships_contains_paid_content":false,"footnotes":"","jetpack_publicize_message":"","jetpack_publicize_feature_enabled":true,"jetpack_social_post_already_shared":true,"jetpack_social_options":{"image_generator_settings":{"template":"highway","default_image_id":0,"font":"","enabled":false},"version":2},"_wpas_customize_per_network":false},"categories":[405],"tags":[],"class_list":["post-15685","post","type-post","status-publish","format-standard","has-post-thumbnail","hentry","category-actu-france-monde"],"jetpack_publicize_connections":[],"jetpack_featured_media_url":"https:\/\/i0.wp.com\/www.iceagetv.com\/radiosite\/wp-content\/uploads\/2020\/05\/Pour-la-premi%C3%A8re-fois-la-Direction-G%C3%A9n%C3%A9rale-de-la-Sant%C3%A9-ne-donnera-pas-le-nombre-de-d%C3%A9c%C3%A8s-avant-lundi-selon-un-communiqu%C3%A9-publi%C3%A9-ce-soir.png?fit=636%2C262&ssl=1","jetpack_sharing_enabled":true,"_links":{"self":[{"href":"https:\/\/www.iceagetv.com\/radiosite\/wp-json\/wp\/v2\/posts\/15685","targetHints":{"allow":["GET"]}}],"collection":[{"href":"https:\/\/www.iceagetv.com\/radiosite\/wp-json\/wp\/v2\/posts"}],"about":[{"href":"https:\/\/www.iceagetv.com\/radiosite\/wp-json\/wp\/v2\/types\/post"}],"author":[{"embeddable":true,"href":"https:\/\/www.iceagetv.com\/radiosite\/wp-json\/wp\/v2\/users\/2"}],"replies":[{"embeddable":true,"href":"https:\/\/www.iceagetv.com\/radiosite\/wp-json\/wp\/v2\/comments?post=15685"}],"version-history":[{"count":1,"href":"https:\/\/www.iceagetv.com\/radiosite\/wp-json\/wp\/v2\/posts\/15685\/revisions"}],"predecessor-version":[{"id":15687,"href":"https:\/\/www.iceagetv.com\/radiosite\/wp-json\/wp\/v2\/posts\/15685\/revisions\/15687"}],"wp:featuredmedia":[{"embeddable":true,"href":"https:\/\/www.iceagetv.com\/radiosite\/wp-json\/wp\/v2\/media\/15686"}],"wp:attachment":[{"href":"https:\/\/www.iceagetv.com\/radiosite\/wp-json\/wp\/v2\/media?parent=15685"}],"wp:term":[{"taxonomy":"category","embeddable":true,"href":"https:\/\/www.iceagetv.com\/radiosite\/wp-json\/wp\/v2\/categories?post=15685"},{"taxonomy":"post_tag","embeddable":true,"href":"https:\/\/www.iceagetv.com\/radiosite\/wp-json\/wp\/v2\/tags?post=15685"}],"curies":[{"name":"wp","href":"https:\/\/api.w.org\/{rel}","templated":true}]}}