{"id":15694,"date":"2020-05-23T14:47:19","date_gmt":"2020-05-23T14:47:19","guid":{"rendered":"http:\/\/www.iceagetv.com\/radiosite\/?p=15694"},"modified":"2020-05-23T14:47:19","modified_gmt":"2020-05-23T14:47:19","slug":"deconfinement-les-touristes-etrangers-pourront-revenir-en-espagne-a-partir-de-juillet-annonce-le-premier-ministre-espagnol-pedro-sanchez","status":"publish","type":"post","link":"https:\/\/www.iceagetv.com\/radiosite\/deconfinement-les-touristes-etrangers-pourront-revenir-en-espagne-a-partir-de-juillet-annonce-le-premier-ministre-espagnol-pedro-sanchez\/","title":{"rendered":"D\u00e9confinement &#8211; \u00ab\u00a0Les touristes \u00e9trangers pourront revenir en Espagne \u00e0 partir de juillet\u00a0\u00bb annonce le Premier ministre espagnol Pedro Sanchez"},"content":{"rendered":"\n<p>Les touristes \u00e9trangers pourront revenir en Espagne \u00e0 partir de juillet. C&rsquo;est ce qu&rsquo;a annonc\u00e9 cet apr\u00e8s-midi le Premier ministre espagnol Pedro Sanchez, alors que les arriv\u00e9es \u00e9taient suspendues depuis la mise en place du confinement mi-mars. \u00ab\u00a0Je vous annonce qu&rsquo;\u00e0 partir du mois de juillet, l&rsquo;entr\u00e9e de touristes \u00e9trangers en Espagne reprendra en conditions de s\u00e9curit\u00e9\u00a0\u00bb, a-t-il d\u00e9clar\u00e9 lors d&rsquo;une conf\u00e9rence de presse.<\/p>\n\n\n\n<p>Pour rappel, le pays vit sous confinement depuis le 14 mars dernier, et ses fronti\u00e8res sont toujours ferm\u00e9es. Le pays est pourtant en pleine desescalada &#8211; d\u00e9confinement progressif &#8211; diff\u00e9renci\u00e9e selon les territoires.<\/p>\n\n\n\n<p>Les autorit\u00e9s travaillaient depuis plusieurs jours sur un sc\u00e9nario de reprise du tourisme \u00e9tranger, au premier rang duquel se trouvent les Fran\u00e7ais, nombreux \u00e0 franchir les Pyr\u00e9n\u00e9es durant l&rsquo;estive. Madrid et Barcelone, jusqu\u2019ici exclues du d\u00e9confinement en Espagne, pourront rouvrir terrasses de bars, h\u00f4tels et mus\u00e9es \u00e0 partir de lundi 25 mai, rejoignant le reste du pays apr\u00e8s deux semaines d\u2019attente.<\/p>\n\n\n\n<p>Depuis ce 15 mai, les \u00e9trangers arrivant sur le territoire espagnol sont soumis \u00e0 une p\u00e9riode de quarantaine de 14 jours, selon une d\u00e9cision du gouvernement publi\u00e9e mardi 12 mai au Journal officiel. Ces personnes, plac\u00e9es \u00e0 l&rsquo;isolement, ne seront autoris\u00e9es \u00e0 sortir que pour acheter des produits de premi\u00e8re n\u00e9cessit\u00e9 ou se faire soigner, et ce, toujours en portant un masque, pr\u00e9cise le texte. Une d\u00e9cision prise afin d&rsquo;\u00e9viter que de nouvelles infections au coronavirus ou des cas import\u00e9s soient enregistr\u00e9s.<\/p>\n","protected":false},"excerpt":{"rendered":"<p>Les touristes \u00e9trangers pourront revenir en Espagne \u00e0 partir de juillet. C&rsquo;est ce qu&rsquo;a annonc\u00e9 cet apr\u00e8s-midi le Premier ministre espagnol Pedro Sanchez, alors que les arriv\u00e9es \u00e9taient suspendues depuis la mise en place du confinement mi-mars. \u00ab\u00a0Je vous annonce qu&rsquo;\u00e0 partir du mois de juillet, l&rsquo;entr\u00e9e de touristes \u00e9trangers en Espagne reprendra en conditions [&hellip;]<\/p>\n","protected":false},"author":2,"featured_media":15695,"comment_status":"open","ping_status":"open","sticky":false,"template":"","format":"standard","meta":{"_jetpack_memberships_contains_paid_content":false,"footnotes":"","jetpack_publicize_message":"","jetpack_publicize_feature_enabled":true,"jetpack_social_post_already_shared":true,"jetpack_social_options":{"image_generator_settings":{"template":"highway","default_image_id":0,"font":"","enabled":false},"version":2},"_wpas_customize_per_network":false},"categories":[405],"tags":[],"class_list":["post-15694","post","type-post","status-publish","format-standard","has-post-thumbnail","hentry","category-actu-france-monde"],"jetpack_publicize_connections":[],"jetpack_featured_media_url":"https:\/\/i0.wp.com\/www.iceagetv.com\/radiosite\/wp-content\/uploads\/2020\/05\/Les-touristes-%C3%A9trangers-pourront-revenir-en-Espagne-%C3%A0-partir-de-juillet.png?fit=624%2C269&ssl=1","jetpack_sharing_enabled":true,"_links":{"self":[{"href":"https:\/\/www.iceagetv.com\/radiosite\/wp-json\/wp\/v2\/posts\/15694","targetHints":{"allow":["GET"]}}],"collection":[{"href":"https:\/\/www.iceagetv.com\/radiosite\/wp-json\/wp\/v2\/posts"}],"about":[{"href":"https:\/\/www.iceagetv.com\/radiosite\/wp-json\/wp\/v2\/types\/post"}],"author":[{"embeddable":true,"href":"https:\/\/www.iceagetv.com\/radiosite\/wp-json\/wp\/v2\/users\/2"}],"replies":[{"embeddable":true,"href":"https:\/\/www.iceagetv.com\/radiosite\/wp-json\/wp\/v2\/comments?post=15694"}],"version-history":[{"count":1,"href":"https:\/\/www.iceagetv.com\/radiosite\/wp-json\/wp\/v2\/posts\/15694\/revisions"}],"predecessor-version":[{"id":15696,"href":"https:\/\/www.iceagetv.com\/radiosite\/wp-json\/wp\/v2\/posts\/15694\/revisions\/15696"}],"wp:featuredmedia":[{"embeddable":true,"href":"https:\/\/www.iceagetv.com\/radiosite\/wp-json\/wp\/v2\/media\/15695"}],"wp:attachment":[{"href":"https:\/\/www.iceagetv.com\/radiosite\/wp-json\/wp\/v2\/media?parent=15694"}],"wp:term":[{"taxonomy":"category","embeddable":true,"href":"https:\/\/www.iceagetv.com\/radiosite\/wp-json\/wp\/v2\/categories?post=15694"},{"taxonomy":"post_tag","embeddable":true,"href":"https:\/\/www.iceagetv.com\/radiosite\/wp-json\/wp\/v2\/tags?post=15694"}],"curies":[{"name":"wp","href":"https:\/\/api.w.org\/{rel}","templated":true}]}}