{"id":15703,"date":"2020-05-25T07:01:12","date_gmt":"2020-05-25T07:01:12","guid":{"rendered":"http:\/\/www.iceagetv.com\/radiosite\/?p=15703"},"modified":"2020-05-25T07:01:12","modified_gmt":"2020-05-25T07:01:12","slug":"emmanuel-macron-tres-attendu-sur-son-plan-pour-lhopital","status":"publish","type":"post","link":"https:\/\/www.iceagetv.com\/radiosite\/emmanuel-macron-tres-attendu-sur-son-plan-pour-lhopital\/","title":{"rendered":"Emmanuel Macron tr\u00e8s attendu sur son plan pour l\u2019h\u00f4pital"},"content":{"rendered":"\n<ul class=\"wp-block-list\"><li>Emmanuel Macron a reconnu \u00ab une erreur dans la strat\u00e9gie \u00bb des r\u00e9formes&nbsp;engag\u00e9es depuis 2017 dans le domaine de la sant\u00e9.<\/li><li>&nbsp; Le chef de l\u2019Etat a promis des annonces fortes pour mettre fin \u00e0 la \u00ab paup\u00e9risation \u00bb des h\u00f4pitaux, notamment, o\u00f9 la contestation a repris.<\/li><li>&nbsp; Des annonces sont pr\u00e9vues \u00e0 la mi-juillet, \u00e0 l\u2019issue du \u00ab S\u00e9gur de la sant\u00e9 \u00bb, la grande n\u00e9gociation qui s\u2019ouvre le 25 mai avec les professionnels.<\/li><\/ul>\n\n\n\n<p>Chose in\u00e9dite ou presque depuis le d\u00e9but de son quinquennat,&nbsp;<a href=\"https:\/\/www.20minutes.fr\/politique\/emmanuel-macron\/\">Emmanuel Macron<\/a>&nbsp;a fait un mea culpa, le 15&nbsp;mai, dans l\u2019h\u00f4pital parisien de la Piti\u00e9-Salp\u00eatri\u00e8re. \u00ab&nbsp;On a sans doute fait une erreur dans la strat\u00e9gie&nbsp;\u00bb des r\u00e9formes engag\u00e9es depuis 2017 dans la sant\u00e9. Bouscul\u00e9 par des soignants lors de cette visite surprise, le chef de l\u2019Etat s\u2019est engag\u00e9 \u00e0 mettre fin \u00e0 la \u00ab&nbsp;paup\u00e9risation&nbsp;\u00bb de l\u2019h\u00f4pital, conc\u00e9dant avoir pris jusqu\u2019\u00e0 pr\u00e9sent des mesures \u00ab&nbsp;pas du tout suffisantes&nbsp;\u00bb.<\/p>\n\n\n\n<p>\u00ab&nbsp;Nous n\u2019avons \u00e9t\u00e9 ni assez vite, ni assez fort&nbsp;\u00bb ces derni\u00e8res ann\u00e9es, a r\u00e9p\u00e9t\u00e9 le ministre de la Sant\u00e9, Olivier V\u00e9ran, mercredi&nbsp;\u00e0 l\u2019issue du Conseil des ministres. Pour y rem\u00e9dier, l\u2019ex\u00e9cutif lance lundi une grande n\u00e9gociation avec les professionnels de sant\u00e9. Critiqu\u00e9 sur la gestion de la crise li\u00e9e au&nbsp;<a href=\"https:\/\/www.20minutes.fr\/dossier\/coronavirus\">coronavirus<\/a>, le gouvernement est tr\u00e8s attendu.<\/p>\n\n\n\n<h2 class=\"wp-block-heading\">D\u2019une col\u00e8re sectorielle \u00e0 une mobilisation populaire&nbsp;?<\/h2>\n\n\n\n<p>\u00ab&nbsp;Avant l\u2019\u00e9pid\u00e9mie, le&nbsp;gouvernement n\u2019avait pas pris la mesure de la profonde injustice pour le personnel soignant, qui est depuis plusieurs ann\u00e9es le dindon de la farce. La crise a permis de remettre ces professions \u00e0 la place qu\u2019elles m\u00e9ritent&nbsp;\u00bb, indique Annie Chapelier, infirmi\u00e8re et d\u00e9put\u00e9e ex-LREM du Gard. \u00ab&nbsp;Il faut augmenter les salaires, le personnel, et am\u00e9liorer l\u2019organisation des services de sant\u00e9.&nbsp;\u00bb<\/p>\n\n\n\n<p>Ces revendications sont au c\u0153ur des mobilisations des\u00a0<a href=\"https:\/\/www.20minutes.fr\/dossier\/hopital\">h\u00f4pitaux<\/a>\u00a0depuis plusieurs ann\u00e9es. Les manifestations s\u2019\u00e9taient encha\u00een\u00e9es avant la crise, et elles reprennent depuis la lev\u00e9e du confinement, \u00e0\u00a0<a href=\"https:\/\/www.20minutes.fr\/nantes\/2777167-20200512-nantes-pres-300-manifestants-devant-chu-soutien-soignants\">Nantes<\/a>, ou Paris et\u00a0<a rel=\"noreferrer noopener\" href=\"https:\/\/www.ouest-france.fr\/sante\/hopital\/seine-saint-denis-un-rassemblement-de-soignants-pour-exiger-un-tournant-pour-l-hopital-6841344\" target=\"_blank\">Saint-Denis<\/a>\u00a0ce mercredi. Plusieurs organisations appellent aussi \u00e0 un rassemblement national\u00a0<a rel=\"noreferrer noopener\" href=\"https:\/\/www.lefigaro.fr\/social\/hopital-des-collectifs-et-syndicats-de-soignants-appellent-a-manifester-le-16-juin-20200519\" target=\"_blank\">le 16 juin<\/a>. Mais l\u2019\u00e9pid\u00e9mie de coronavirus a aussi sensibilis\u00e9 une partie de la population aux enjeux du secteur, \u00e0 l\u2019image des applaudissements quotidiens des Fran\u00e7ais en soutien aux soignants.<\/p>\n\n\n\n<p>Cette crise est un vrai r\u00e9v\u00e9lateur pour la population, et les politiques. On se rappelle combien on est fier de l\u2019h\u00f4pital public, et qu\u2019il faut prot\u00e9ger ce tr\u00e9sor national&nbsp;\u00bb, observe le d\u00e9put\u00e9 LREM de Charente Thomas Mesnier, m\u00e9decin urgentiste.<\/p>\n\n\n\n<p>\u00ab&nbsp;La grogne hospitali\u00e8re va tenter de profiter de la crise pour renverser la table et l\u2019ex\u00e9cutif est oblig\u00e9 d\u2019apporter des r\u00e9ponses fortes sur le personnel, les moyens, la production fran\u00e7aise, car la menace sanitaire est permanente&nbsp;\u00bb, estime Fran\u00e7ois Patriat, le chef de file des s\u00e9nateurs LREM et proche du chef de l\u2019Etat.<\/p>\n\n\n\n<h2 class=\"wp-block-heading\">Une prise de conscience de l\u2019ex\u00e9cutif<\/h2>\n\n\n\n<p>Pour une partie de l\u2019opposition, ce \u00ab&nbsp;S\u00e9gur de la sant\u00e9&nbsp;\u00bb (du nom de l\u2019avenue sur&nbsp;laquelle se situe le&nbsp;minist\u00e8re) arrive bien tard. Les parlementaires de La France insoumise<a href=\"https:\/\/www.rtl.fr\/actu\/politique\/coronavirus-lfi-pointe-un-fiasco-du-pouvoir-dans-sa-contre-commission-d-enquete-7800533895\" target=\"_blank\" rel=\"noreferrer noopener\">ont notamment d\u00e9nonc\u00e9 mercredi<\/a>&nbsp;le \u00ab&nbsp;fiasco du pouvoir macroniste&nbsp;\u00bb face au coronavirus, r\u00e9sultant d\u2019un \u00ab&nbsp;service public de sant\u00e9 \u00e0 bout de souffle&nbsp;\u00bb et d\u2019un \u00ab&nbsp;Etat social d\u00e9mantel\u00e9&nbsp;\u00bb.<\/p>\n\n\n\n<p>Depuis son arriv\u00e9e \u00e0 l\u2019Elys\u00e9e, Emmanuel Macron a fait voter la loi \u00ab\u00a0Ma sant\u00e9 2022\u00a0\u00bb et deux r\u00e9formes, sur les urgences et l\u2019h\u00f4pital. Mais la majorit\u00e9, \u00e0 l\u2019unisson avec le chef de l\u2019Etat, conc\u00e8de d\u00e9sormais qu\u2019elles n\u2019\u00e9taient pas \u00e0 la hauteur. \u00ab\u00a0Ce nouveau plan est un message fort envoy\u00e9 par le pr\u00e9sident\u00a0\u00bb, souligne Thomas Mesnier, ex-rapporteur du projet loi adopt\u00e9 en juillet\u00a02019. \u00ab\u00a0L\u2019h\u00f4pital public \u00e9tait un angle mort de ce texte, d\u2019o\u00f9 l\u2019ajout d\u2019un plan en novembre\u00a02019, que les professionnels de sant\u00e9 trouvaient insuffisant. On avait pourtant repris un tiers de la dette des h\u00f4pitaux\u00a0\u00bb.<\/p>\n\n\n\n<p>Fran\u00e7ois Patriat nuance la responsabilit\u00e9 du gouvernement. \u00ab Je n\u2019aime pas trop la contrition, il faut assumer ce qu\u2019on a fait. Personne n\u2019a investi autant que nous dans l\u2019h\u00f4pital en trois ans, avec notamment 1,5 milliard d\u2019euros dans le plan h\u00f4pital en novembre \u00bb, indique le s\u00e9nateur. \u00ab Ce n\u2019est pas ce gouvernement qui a p\u00e9ch\u00e9. Seulement, personne n\u2019a eu \u00e0 affronter un tel drame avant nous \u00bb.<\/p>\n\n\n\n<p>Un calendrier serr\u00e9<br>\nL\u2019Elys\u00e9e veut d\u00e9sormais aller vite. Le gouvernement tirera \u00ab au plus tard \u00e0 la mi-juillet \u00bb les conclusions des concertations. Thomas Mesnier se dit \u00ab optimiste \u00bb sur l\u2019issue des discussions, m\u00eame s\u2019il avait \u00e9chou\u00e9 \u00e0 faire adopter une augmentation des salaires des soignants en 2019. \u00ab Le co\u00fbt avait \u00e9t\u00e9 un obstacle. Aujourd\u2019hui, l\u2019h\u00f4pital est l\u2019une des priorit\u00e9s. \u00bb Ce changement de braquet est aussi facilit\u00e9 par la politique de relance europ\u00e9enne post-coronavirus, qui offre du mou aux Etats de l\u2019UE en mati\u00e8re d\u00e9penses publiques.<\/p>\n\n\n\n<p>Annie Chapelier insiste sur l\u2019urgence de la situation. \u00ab Les malades qui ont report\u00e9 leurs interventions commencent tous \u00e0 revenir. Les soignants n\u2019auront donc pas de r\u00e9pit, pas de vacances. Ils ont travaill\u00e9 non-stop pendant trois mois, et vont continuer cet \u00e9t\u00e9. \u00bb<\/p>\n\n\n\n<p><\/p>\n\n\n\n<p><\/p>\n","protected":false},"excerpt":{"rendered":"<p>Emmanuel Macron a reconnu \u00ab une erreur dans la strat\u00e9gie \u00bb des r\u00e9formes&nbsp;engag\u00e9es depuis 2017 dans le domaine de la sant\u00e9. &nbsp; Le chef de l\u2019Etat a promis des annonces fortes pour mettre fin \u00e0 la \u00ab paup\u00e9risation \u00bb des h\u00f4pitaux, notamment, o\u00f9 la contestation a repris. &nbsp; Des annonces sont pr\u00e9vues \u00e0 la mi-juillet, [&hellip;]<\/p>\n","protected":false},"author":2,"featured_media":15704,"comment_status":"open","ping_status":"open","sticky":false,"template":"","format":"standard","meta":{"_jetpack_memberships_contains_paid_content":false,"footnotes":"","jetpack_publicize_message":"","jetpack_publicize_feature_enabled":true,"jetpack_social_post_already_shared":true,"jetpack_social_options":{"image_generator_settings":{"template":"highway","default_image_id":0,"font":"","enabled":false},"version":2},"_wpas_customize_per_network":false},"categories":[405],"tags":[],"class_list":["post-15703","post","type-post","status-publish","format-standard","has-post-thumbnail","hentry","category-actu-france-monde"],"jetpack_publicize_connections":[],"jetpack_featured_media_url":"https:\/\/i0.wp.com\/www.iceagetv.com\/radiosite\/wp-content\/uploads\/2020\/05\/Emmanuel-Macron-tr%C3%A8s-attendu-sur-son-plan-pour-l%E2%80%99h%C3%B4pital.png?fit=638%2C409&ssl=1","jetpack_sharing_enabled":true,"_links":{"self":[{"href":"https:\/\/www.iceagetv.com\/radiosite\/wp-json\/wp\/v2\/posts\/15703","targetHints":{"allow":["GET"]}}],"collection":[{"href":"https:\/\/www.iceagetv.com\/radiosite\/wp-json\/wp\/v2\/posts"}],"about":[{"href":"https:\/\/www.iceagetv.com\/radiosite\/wp-json\/wp\/v2\/types\/post"}],"author":[{"embeddable":true,"href":"https:\/\/www.iceagetv.com\/radiosite\/wp-json\/wp\/v2\/users\/2"}],"replies":[{"embeddable":true,"href":"https:\/\/www.iceagetv.com\/radiosite\/wp-json\/wp\/v2\/comments?post=15703"}],"version-history":[{"count":1,"href":"https:\/\/www.iceagetv.com\/radiosite\/wp-json\/wp\/v2\/posts\/15703\/revisions"}],"predecessor-version":[{"id":15705,"href":"https:\/\/www.iceagetv.com\/radiosite\/wp-json\/wp\/v2\/posts\/15703\/revisions\/15705"}],"wp:featuredmedia":[{"embeddable":true,"href":"https:\/\/www.iceagetv.com\/radiosite\/wp-json\/wp\/v2\/media\/15704"}],"wp:attachment":[{"href":"https:\/\/www.iceagetv.com\/radiosite\/wp-json\/wp\/v2\/media?parent=15703"}],"wp:term":[{"taxonomy":"category","embeddable":true,"href":"https:\/\/www.iceagetv.com\/radiosite\/wp-json\/wp\/v2\/categories?post=15703"},{"taxonomy":"post_tag","embeddable":true,"href":"https:\/\/www.iceagetv.com\/radiosite\/wp-json\/wp\/v2\/tags?post=15703"}],"curies":[{"name":"wp","href":"https:\/\/api.w.org\/{rel}","templated":true}]}}