{"id":15712,"date":"2020-05-25T15:06:42","date_gmt":"2020-05-25T15:06:42","guid":{"rendered":"http:\/\/www.iceagetv.com\/radiosite\/?p=15712"},"modified":"2020-05-25T15:06:42","modified_gmt":"2020-05-25T15:06:42","slug":"la-revalorisation-des-salaires-du-personnel-soignant-promise-par-le-gouvernement-sera-significative-assure-le-premier-ministre-edouard-philippe","status":"publish","type":"post","link":"https:\/\/www.iceagetv.com\/radiosite\/la-revalorisation-des-salaires-du-personnel-soignant-promise-par-le-gouvernement-sera-significative-assure-le-premier-ministre-edouard-philippe\/","title":{"rendered":"La revalorisation des salaires du personnel soignant promise par le gouvernement sera \u00ab\u00a0significative\u00a0\u00bb, assure le Premier ministre Edouard Philippe"},"content":{"rendered":"\n<p>Edouard Philippe a promis lundi que \u00ab&nbsp;le quotidien des personnels soignants&nbsp;\u00bb \u00e0 l\u2019h\u00f4pital changerait \u00ab&nbsp;dans les tout prochains mois&nbsp;\u00bb en pr\u00e9cisant que la question du temps de travail n\u2019\u00e9tait \u00ab&nbsp;pas un tabou&nbsp;\u00bb et en r\u00e9affirmant que la revalorisation des salaires serait \u00ab&nbsp;significative&nbsp;\u00bb.<\/p>\n\n\n\n<p>\u00ab&nbsp;Ce que je crois, c\u2019est que la crise exige de nous, non pas de changer de cap, mais de changer de rythme&nbsp;\u00bb, a insist\u00e9 le Premier ministre en ouvrant lundi le \u00ab&nbsp;S\u00e9gur de la sant\u00e9&nbsp;\u00bb. Il a soulign\u00e9 que \u00ab&nbsp;cette concertation g\u00e9n\u00e9rale&nbsp;\u00bb entre gouvernement et partenaires sociaux d\u00e9boucherait sur des d\u00e9cisions \u00ab&nbsp;en juillet&nbsp;\u00bb.<\/p>\n\n\n\n<p>Plaidant pour des \u00ab&nbsp;changements radicaux&nbsp;\u00bb, \u00ab&nbsp;rapides&nbsp;\u00bb, \u00ab&nbsp;assum\u00e9s&nbsp;\u00bb, s\u2019appuyant sur des \u00ab&nbsp;moyens nouveaux&nbsp;\u00bb, M. Philippe a jug\u00e9 n\u00e9cessaire \u00ab&nbsp;de garder intacte&nbsp;\u00bb la \u00ab&nbsp;motivation&nbsp;\u00bb des professionnels de sant\u00e9, mis \u00e0 l\u2019\u00e9preuve par la crise du coronavirus.<\/p>\n\n\n\n<p>La \u00ab&nbsp;reconnaissance&nbsp;\u00bb envers les soignants, \u00ab&nbsp;elle est immense dans notre pays, et elle se traduira, le pr\u00e9sident l\u2019a dit, dans les r\u00e9mun\u00e9rations. Sur ce point, je le dis sans ambigu\u00eft\u00e9, la revalorisation sera significative&nbsp;\u00bb, a assur\u00e9 M. Philippe, en saluant la r\u00e9sistance du syst\u00e8me de sant\u00e9 dont les Fran\u00e7ais peuvent \u00eatre \u00ab&nbsp;fiers&nbsp;\u00bb.<\/p>\n\n\n\n<p>Dans le sillage du ministre de la Sant\u00e9 Olivier V\u00e9ran, M. Philippe a \u00e9galement estim\u00e9 que la question du temps de travail \u00e0 l\u2019h\u00f4pital public \u00ab&nbsp;n\u2019est pas un tabou&nbsp;\u00bb.<\/p>\n\n\n\n<p>\u00ab&nbsp;Le ma\u00eetre-mot sera celui du pragmatisme. Je ne pr\u00e9juge pas ici du r\u00e9sultat des discussions qui se tiendront dans les prochains jours, mais j\u2019ai dit qu\u2019il fallait lever les contraintes de toute nature. Le temps de travail doit \u00eatre regard\u00e9 de la m\u00eame fa\u00e7on&nbsp;\u00bb, a encore soulign\u00e9 le chef du gouvernement.<\/p>\n\n\n\n<p>M. Philippe a fix\u00e9 cinq axes pour la concertation, qui se d\u00e9roule sous l\u2019\u00e9gide de l\u2019ancienne dirigeante de la CFDT Nicole Notat: \u00ab&nbsp;reconnaissance pour nos soignants&nbsp;\u00bb&nbsp;; \u00ab&nbsp;Investissement massif&nbsp;\u00bb&nbsp;; \u00ab&nbsp;Agilit\u00e9 retrouv\u00e9e&nbsp;\u00bb&nbsp;; \u00ab&nbsp;Organisation territoriale&nbsp;\u00bb&nbsp;; \u00ab&nbsp;Modernisation par le num\u00e9rique&nbsp;\u00bb.<\/p>\n","protected":false},"excerpt":{"rendered":"<p>Edouard Philippe a promis lundi que \u00ab&nbsp;le quotidien des personnels soignants&nbsp;\u00bb \u00e0 l\u2019h\u00f4pital changerait \u00ab&nbsp;dans les tout prochains mois&nbsp;\u00bb en pr\u00e9cisant que la question du temps de travail n\u2019\u00e9tait \u00ab&nbsp;pas un tabou&nbsp;\u00bb et en r\u00e9affirmant que la revalorisation des salaires serait \u00ab&nbsp;significative&nbsp;\u00bb. \u00ab&nbsp;Ce que je crois, c\u2019est que la crise exige de nous, non pas [&hellip;]<\/p>\n","protected":false},"author":2,"featured_media":15713,"comment_status":"open","ping_status":"open","sticky":false,"template":"","format":"standard","meta":{"_jetpack_memberships_contains_paid_content":false,"footnotes":"","jetpack_publicize_message":"","jetpack_publicize_feature_enabled":true,"jetpack_social_post_already_shared":true,"jetpack_social_options":{"image_generator_settings":{"template":"highway","default_image_id":0,"font":"","enabled":false},"version":2},"_wpas_customize_per_network":false},"categories":[405],"tags":[],"class_list":["post-15712","post","type-post","status-publish","format-standard","has-post-thumbnail","hentry","category-actu-france-monde"],"jetpack_publicize_connections":[],"jetpack_featured_media_url":"https:\/\/i0.wp.com\/www.iceagetv.com\/radiosite\/wp-content\/uploads\/2020\/05\/La-revalorisation-des-salaires-du-personnel-soignant-promise-par-le-gouvernement.png?fit=621%2C281&ssl=1","jetpack_sharing_enabled":true,"_links":{"self":[{"href":"https:\/\/www.iceagetv.com\/radiosite\/wp-json\/wp\/v2\/posts\/15712","targetHints":{"allow":["GET"]}}],"collection":[{"href":"https:\/\/www.iceagetv.com\/radiosite\/wp-json\/wp\/v2\/posts"}],"about":[{"href":"https:\/\/www.iceagetv.com\/radiosite\/wp-json\/wp\/v2\/types\/post"}],"author":[{"embeddable":true,"href":"https:\/\/www.iceagetv.com\/radiosite\/wp-json\/wp\/v2\/users\/2"}],"replies":[{"embeddable":true,"href":"https:\/\/www.iceagetv.com\/radiosite\/wp-json\/wp\/v2\/comments?post=15712"}],"version-history":[{"count":1,"href":"https:\/\/www.iceagetv.com\/radiosite\/wp-json\/wp\/v2\/posts\/15712\/revisions"}],"predecessor-version":[{"id":15714,"href":"https:\/\/www.iceagetv.com\/radiosite\/wp-json\/wp\/v2\/posts\/15712\/revisions\/15714"}],"wp:featuredmedia":[{"embeddable":true,"href":"https:\/\/www.iceagetv.com\/radiosite\/wp-json\/wp\/v2\/media\/15713"}],"wp:attachment":[{"href":"https:\/\/www.iceagetv.com\/radiosite\/wp-json\/wp\/v2\/media?parent=15712"}],"wp:term":[{"taxonomy":"category","embeddable":true,"href":"https:\/\/www.iceagetv.com\/radiosite\/wp-json\/wp\/v2\/categories?post=15712"},{"taxonomy":"post_tag","embeddable":true,"href":"https:\/\/www.iceagetv.com\/radiosite\/wp-json\/wp\/v2\/tags?post=15712"}],"curies":[{"name":"wp","href":"https:\/\/api.w.org\/{rel}","templated":true}]}}