{"id":15723,"date":"2020-05-26T09:33:13","date_gmt":"2020-05-26T09:33:13","guid":{"rendered":"http:\/\/www.iceagetv.com\/radiosite\/?p=15723"},"modified":"2020-05-26T09:33:13","modified_gmt":"2020-05-26T09:33:13","slug":"assemblee-nationale-sept-deputes-quittent-la-republique-en-marche-et-rejoignent-un-nouveau-groupe-politique","status":"publish","type":"post","link":"https:\/\/www.iceagetv.com\/radiosite\/assemblee-nationale-sept-deputes-quittent-la-republique-en-marche-et-rejoignent-un-nouveau-groupe-politique\/","title":{"rendered":"Assembl\u00e9e nationale : Sept d\u00e9put\u00e9s quittent La R\u00e9publique en Marche et rejoignent un nouveau groupe politique"},"content":{"rendered":"\n<p> <strong>MOUVEMENT<\/strong>\u00a0Sept d\u00e9put\u00e9s macronistes ont quitt\u00e9 le groupe LREM ce mardi pour rejoindre un dixi\u00e8me\u00a0groupe politique, cr\u00e9\u00e9 ce mardi\u00a0\u00e0 l\u2019Assembl\u00e9e nationale <\/p>\n\n\n\n<p>Sept d\u00e9put\u00e9s ont quitt\u00e9 le groupe&nbsp;<a href=\"https:\/\/www.20minutes.fr\/politique\/en_marche\/\">La R\u00e9publique en Marche&nbsp;<\/a>ce mardi. Dans le m\u00eame temps, Le pr\u00e9sident de l\u2019Assembl\u00e9e nationale Olivier Becht a annonc\u00e9 qu\u2019un dixi\u00e8me groupe politique s\u2019\u00e9tait cr\u00e9\u00e9 et qu\u2019il se situait dans&nbsp;la majorit\u00e9.<\/p>\n\n\n\n<p>Les d\u00e9put\u00e9s macronistes sortants ont tous rejoint cette nouvelle formation, faisant tomber les effectifs du groupe LREM \u00e0 281 membres. Le nouveau groupe, d\u00e9nomm\u00e9 \u00ab&nbsp;Agir Ensemble&nbsp;\u00bb, et dont l\u2019esprit se veut \u00ab&nbsp;constructif&nbsp;\u00bb, comprend 17 \u00e9lus en tout.<\/p>\n\n\n\n<p><\/p>\n","protected":false},"excerpt":{"rendered":"<p>MOUVEMENT\u00a0Sept d\u00e9put\u00e9s macronistes ont quitt\u00e9 le groupe LREM ce mardi pour rejoindre un dixi\u00e8me\u00a0groupe politique, cr\u00e9\u00e9 ce mardi\u00a0\u00e0 l\u2019Assembl\u00e9e nationale Sept d\u00e9put\u00e9s ont quitt\u00e9 le groupe&nbsp;La R\u00e9publique en Marche&nbsp;ce mardi. Dans le m\u00eame temps, Le pr\u00e9sident de l\u2019Assembl\u00e9e nationale Olivier Becht a annonc\u00e9 qu\u2019un dixi\u00e8me groupe politique s\u2019\u00e9tait cr\u00e9\u00e9 et qu\u2019il se situait dans&nbsp;la majorit\u00e9. [&hellip;]<\/p>\n","protected":false},"author":2,"featured_media":15724,"comment_status":"open","ping_status":"open","sticky":false,"template":"","format":"standard","meta":{"_jetpack_memberships_contains_paid_content":false,"footnotes":"","jetpack_publicize_message":"","jetpack_publicize_feature_enabled":true,"jetpack_social_post_already_shared":true,"jetpack_social_options":{"image_generator_settings":{"template":"highway","default_image_id":0,"font":"","enabled":false},"version":2},"_wpas_customize_per_network":false},"categories":[405],"tags":[],"class_list":["post-15723","post","type-post","status-publish","format-standard","has-post-thumbnail","hentry","category-actu-france-monde"],"jetpack_publicize_connections":[],"jetpack_featured_media_url":"https:\/\/i0.wp.com\/www.iceagetv.com\/radiosite\/wp-content\/uploads\/2020\/05\/Assembl%C3%A9e-nationale.png?fit=630%2C407&ssl=1","jetpack_sharing_enabled":true,"_links":{"self":[{"href":"https:\/\/www.iceagetv.com\/radiosite\/wp-json\/wp\/v2\/posts\/15723","targetHints":{"allow":["GET"]}}],"collection":[{"href":"https:\/\/www.iceagetv.com\/radiosite\/wp-json\/wp\/v2\/posts"}],"about":[{"href":"https:\/\/www.iceagetv.com\/radiosite\/wp-json\/wp\/v2\/types\/post"}],"author":[{"embeddable":true,"href":"https:\/\/www.iceagetv.com\/radiosite\/wp-json\/wp\/v2\/users\/2"}],"replies":[{"embeddable":true,"href":"https:\/\/www.iceagetv.com\/radiosite\/wp-json\/wp\/v2\/comments?post=15723"}],"version-history":[{"count":1,"href":"https:\/\/www.iceagetv.com\/radiosite\/wp-json\/wp\/v2\/posts\/15723\/revisions"}],"predecessor-version":[{"id":15725,"href":"https:\/\/www.iceagetv.com\/radiosite\/wp-json\/wp\/v2\/posts\/15723\/revisions\/15725"}],"wp:featuredmedia":[{"embeddable":true,"href":"https:\/\/www.iceagetv.com\/radiosite\/wp-json\/wp\/v2\/media\/15724"}],"wp:attachment":[{"href":"https:\/\/www.iceagetv.com\/radiosite\/wp-json\/wp\/v2\/media?parent=15723"}],"wp:term":[{"taxonomy":"category","embeddable":true,"href":"https:\/\/www.iceagetv.com\/radiosite\/wp-json\/wp\/v2\/categories?post=15723"},{"taxonomy":"post_tag","embeddable":true,"href":"https:\/\/www.iceagetv.com\/radiosite\/wp-json\/wp\/v2\/tags?post=15723"}],"curies":[{"name":"wp","href":"https:\/\/api.w.org\/{rel}","templated":true}]}}