{"id":15734,"date":"2020-05-28T06:36:28","date_gmt":"2020-05-28T06:36:28","guid":{"rendered":"http:\/\/www.iceagetv.com\/radiosite\/?p=15734"},"modified":"2020-05-28T06:36:28","modified_gmt":"2020-05-28T06:36:28","slug":"deconfinement-acte-ii-ce-que-lon-attend-des-annonces-de-philippe","status":"publish","type":"post","link":"https:\/\/www.iceagetv.com\/radiosite\/deconfinement-acte-ii-ce-que-lon-attend-des-annonces-de-philippe\/","title":{"rendered":"D\u00e9confinement, acte II : ce que l&rsquo;on attend des annonces de Philippe"},"content":{"rendered":"\n<p>Edouard Philippe pr\u00e9sente jeudi la deuxi\u00e8me \u00e9tape du d\u00e9confinement, qui pourrait donner lieu \u00e0 quelques assouplissements \u00e0 partir du 2 juin au regard d\u2019une situation sanitaire en am\u00e9lioration depuis le d\u00e9but du d\u00e9verrouillage le 11 mai.<\/p>\n\n\n\n<p>Vert ou rouge ?<\/p>\n\n\n\n<p>Pour l\u2019heure, quatre r\u00e9gions (Ile-de-France, Hauts-de-France, Grand Est et Bourgogne-Franche-Comt\u00e9) ainsi que Mayotte sont color\u00e9es en rouge.&nbsp;<\/p>\n\n\n\n<p>Trois crit\u00e8res pr\u00e9sident \u00e0 ce classement qui impose des restrictions: la circulation du virus, mesur\u00e9e par les cas de coronavirus dans les services d\u2019urgence ; la disponibilit\u00e9 des lits en r\u00e9animation ; et la capacit\u00e9 \u00e0 tester. Alors que deux semaines et demie apr\u00e8s le d\u00e9but du d\u00e9confinement, les indicateurs sont plut\u00f4t satisfaisants, ces territoires pourraient-ils passer au vert ?<\/p>\n\n\n\n<p>D\u00e9placements<\/p>\n\n\n\n<p>Les d\u00e9placements sans attestation sont pour le moment limit\u00e9s \u00e0 100 km \u00e0 vol d\u2019oiseau partout en France autour de son domicile. Le secr\u00e9taire d\u2019Etat au Tourisme Jean-Baptiste Lemoyne a indiqu\u00e9 que ce cercle de 100 km \u00abpourra augmenter de fa\u00e7on concentrique\u00bb. Reste \u00e0 savoir quelle jauge sera retenue.<\/p>\n\n\n\n<p>\u00c9ducation nationale<\/p>\n\n\n\n<p>Seules les \u00e9coles maternelles et \u00e9l\u00e9mentaires, ainsi que les classes de 6e et 5e au coll\u00e8ge, ont repris, mais au ralenti: selon les derniers chiffres du minist\u00e8re, 20% des \u00e9l\u00e8ves d\u2019\u00e9cole primaire et 30% environ des coll\u00e9giens concern\u00e9s sont retourn\u00e9s en classe, rarement \u00e0 temps plein. Le rythme pourrait augmenter \u00e0 partir du 2 juin, avec un retour pour les 4e et 3e.<\/p>\n\n\n\n<p>Le gouvernement aimerait aussi rouvrir les lyc\u00e9es, \u00e0 commencer par les lyc\u00e9es professionnels, jug\u00e9s prioritaires. Des points d\u2019interrogation demeurent aussi sur l\u2019organisation de l\u2019oral du bac de Fran\u00e7ais<\/p>\n\n\n\n<p>Caf\u00e9s, bars et restaurants<\/p>\n\n\n\n<p>Alors que l\u2019essentiel des commerces ont rouvert, les caf\u00e9s, bars et restaurants garde porte close et sont suspendus aux annonces de jeudi, en esp\u00e9rant un feu vert assorti de strictes conditions de distanciation et d\u2019hygi\u00e8ne. Avec les beaux jours, les terrasses pourraient-elles aussi \u00eatre ressorties, y compris dans les zones rouges ?<\/p>\n\n\n\n<p><\/p>\n","protected":false},"excerpt":{"rendered":"<p>Edouard Philippe pr\u00e9sente jeudi la deuxi\u00e8me \u00e9tape du d\u00e9confinement, qui pourrait donner lieu \u00e0 quelques assouplissements \u00e0 partir du 2 juin au regard d\u2019une situation sanitaire en am\u00e9lioration depuis le d\u00e9but du d\u00e9verrouillage le 11 mai. Vert ou rouge ? Pour l\u2019heure, quatre r\u00e9gions (Ile-de-France, Hauts-de-France, Grand Est et Bourgogne-Franche-Comt\u00e9) ainsi que Mayotte sont color\u00e9es [&hellip;]<\/p>\n","protected":false},"author":2,"featured_media":15735,"comment_status":"open","ping_status":"open","sticky":false,"template":"","format":"standard","meta":{"_jetpack_memberships_contains_paid_content":false,"footnotes":"","jetpack_publicize_message":"","jetpack_publicize_feature_enabled":true,"jetpack_social_post_already_shared":true,"jetpack_social_options":{"image_generator_settings":{"template":"highway","default_image_id":0,"font":"","enabled":false},"version":2},"_wpas_customize_per_network":false},"categories":[405],"tags":[],"class_list":["post-15734","post","type-post","status-publish","format-standard","has-post-thumbnail","hentry","category-actu-france-monde"],"jetpack_publicize_connections":[],"jetpack_featured_media_url":"https:\/\/i0.wp.com\/www.iceagetv.com\/radiosite\/wp-content\/uploads\/2020\/05\/acte-II.jpg?fit=1000%2C500&ssl=1","jetpack_sharing_enabled":true,"_links":{"self":[{"href":"https:\/\/www.iceagetv.com\/radiosite\/wp-json\/wp\/v2\/posts\/15734","targetHints":{"allow":["GET"]}}],"collection":[{"href":"https:\/\/www.iceagetv.com\/radiosite\/wp-json\/wp\/v2\/posts"}],"about":[{"href":"https:\/\/www.iceagetv.com\/radiosite\/wp-json\/wp\/v2\/types\/post"}],"author":[{"embeddable":true,"href":"https:\/\/www.iceagetv.com\/radiosite\/wp-json\/wp\/v2\/users\/2"}],"replies":[{"embeddable":true,"href":"https:\/\/www.iceagetv.com\/radiosite\/wp-json\/wp\/v2\/comments?post=15734"}],"version-history":[{"count":1,"href":"https:\/\/www.iceagetv.com\/radiosite\/wp-json\/wp\/v2\/posts\/15734\/revisions"}],"predecessor-version":[{"id":15736,"href":"https:\/\/www.iceagetv.com\/radiosite\/wp-json\/wp\/v2\/posts\/15734\/revisions\/15736"}],"wp:featuredmedia":[{"embeddable":true,"href":"https:\/\/www.iceagetv.com\/radiosite\/wp-json\/wp\/v2\/media\/15735"}],"wp:attachment":[{"href":"https:\/\/www.iceagetv.com\/radiosite\/wp-json\/wp\/v2\/media?parent=15734"}],"wp:term":[{"taxonomy":"category","embeddable":true,"href":"https:\/\/www.iceagetv.com\/radiosite\/wp-json\/wp\/v2\/categories?post=15734"},{"taxonomy":"post_tag","embeddable":true,"href":"https:\/\/www.iceagetv.com\/radiosite\/wp-json\/wp\/v2\/tags?post=15734"}],"curies":[{"name":"wp","href":"https:\/\/api.w.org\/{rel}","templated":true}]}}