{"id":15741,"date":"2020-05-28T17:08:38","date_gmt":"2020-05-28T17:08:38","guid":{"rendered":"http:\/\/www.iceagetv.com\/radiosite\/?p=15741"},"modified":"2020-05-28T17:08:38","modified_gmt":"2020-05-28T17:08:38","slug":"la-regle-des-100-kms-supprimee-le-2-juin-reouverture-plages-parcs-ecole-lycee-colleges-bars-et-restaurant-en-zone-verte-mais-uniquement-les-terrasses-en-zone-orange-orly-va-ouvrir-le-22-juin","status":"publish","type":"post","link":"https:\/\/www.iceagetv.com\/radiosite\/la-regle-des-100-kms-supprimee-le-2-juin-reouverture-plages-parcs-ecole-lycee-colleges-bars-et-restaurant-en-zone-verte-mais-uniquement-les-terrasses-en-zone-orange-orly-va-ouvrir-le-22-juin\/","title":{"rendered":"La r\u00e8gle des 100 kms supprim\u00e9e &#8211; Le 2 juin r\u00e9ouverture plages, parcs, \u00e9cole, lyc\u00e9e, coll\u00e8ges &#8211; Bars et restaurant en zone verte mais uniquement les terrasses en zone orange &#8211; Orly va ouvrir le 22 juin"},"content":{"rendered":"\n<p> Edouard Philippe : \u00ab\u00a0La France sera favorable \u00e0 une r\u00e9ouverture des fronti\u00e8res int\u00e9rieures de l&rsquo;Europe, \u00e0 compter 15 juin, si la situation sanitaire le permet, bien entendu sans quatorzaine pour les voyageurs en provenance de pays europ\u00e9ens. Nous appliquerons des mesures de r\u00e9ciprocit\u00e9 vis \u00e0 vis des \u00c9tats europ\u00e9ens qui d\u00e9cideraient de fermer leurs fronti\u00e8res ou d&rsquo;imposer des quatorzaine aux Fran\u00e7ais.\u00a0J&rsquo;appelle mes concitoyens \u00e0 l&rsquo;esprit de responsabilit\u00e9. L&rsquo;esprit de ces r\u00e8gles est encore plus important que la lettre de ces r\u00e8gles. L&rsquo;esprit de ces r\u00e8gles, c&rsquo;est la responsabilit\u00e9 de nos concitoyens, de comprendre que nous sommes tous collectivement un des acteurs de la lutte contre l&rsquo;\u00e9pid\u00e9mie. Il ne s&rsquo;agit pas d&rsquo;avoir peur, d&rsquo;avoir peur des autres, il s&rsquo;agit d&rsquo;\u00eatre soi-m\u00eame suffisamment m\u00e9ticuleux et organis\u00e9 pour \u00eatre certain de se prot\u00e9ger et de prot\u00e9ger les autres.  <strong>L&rsquo;a\u00e9roport d&rsquo;Orly va rouvrir le 26 juin prochain, annonce le groupe ADP<\/strong> <strong>Edouard Philippe : \u00ab\u00a0Les restaurants, bars et caf\u00e9s vont rouvrir en zone verte et uniquement les terrasses en zone orange. Les cin\u00e9mas vont rouvrir partout en France le 22 juin et les plages d\u00e8s le 2 juin.\u00a0<\/strong>Les rassemblements de plus de 10 personnes restent interdits jusqu&rsquo;au 21 juin, tout comme les sports collectifs et de contact. Les discoth\u00e8ques et salles de jeux restent \u00e9galement ferm\u00e9es, ainsi que les stades et hippodromes. Les sportifs professionnels pourront reprendre un entra\u00eenement individuel \u00e0 partir du 2 juin.\u00a0Les discoth\u00e8ques, les salles de jeux, les stades, les hippodromes dont l&rsquo;essence m\u00eame est dans un esprit festif resteront ferm\u00e9s au public jusqu&rsquo;au 21 juin au moins .Je voudrais insister sur le fait que notre plus grand adversaire, ce sont les tr\u00e8s grands rassemblements. Et le risque est d&rsquo;autant plus fort qu&rsquo;il aurait lieu dans un espace confin\u00e9, couvert et sans organisation sp\u00e9cifique. Dans les espaces de plein air, une jauge maximale de 5 000 personnes qui pourra, le cas \u00e9ch\u00e9ant, \u00eatre revue \u00e0 la baisse par les pr\u00e9fets, sera fix\u00e9e.\u00a0\u00bb <strong>Le Ministre de l&rsquo;\u00e9ducation nationale prend la parole \u00e0 son tour: \u00ab\u00a0A partir du 2 juin toutes les \u00e9coles seront ouvertes avec des groupes de 15 \u00e9l\u00e8ves maximum. Concernant les coll\u00e8ges ils seront tous ouverts en zone verte et d&rsquo;abord les 6e et 5e en zone orange. Le protocole sanitaire est maintenue. Concernant les lyc\u00e9es, ils seront tous ouverts en zone verte en zone orange ce seront les lyc\u00e9es professionnels. Pour l&rsquo;oral du BAC de Fran\u00e7ais il sera r\u00e9alis\u00e9 sous forme de contr\u00f4le continu sur les 2 premiers trimestres\u00a0\u00bb<\/strong> <strong>Le Premier Ministre reprend la parole:\u00a0\u00bbNous avons voulu mettre \u00e0 la disposition des Fran\u00e7ais un outil suppl\u00e9mentaire. L&rsquo;application StopCovid n&rsquo;est pas l&rsquo;arme magique contre l&rsquo;\u00e9pid\u00e9mie mais elle nous permettra demain de lutter plus efficacement contre elle . Nous avons pris toutes les garanties n\u00e9cessaires, sous le contr\u00f4le du Parlement, pour que StopCOVID respecte les donn\u00e9es personnelles des utilisateurs. Stop Covid ne vous g\u00e9olocalisera jamais.\u00a0J&rsquo;invite tous les Fran\u00e7ais \u00e0 charger l&rsquo;application Stop Covid disponible \u00e0 partir du 2 juin.\u00a0\u00bb<\/strong>  <strong>Olivier V\u00e9ran, le Ministre de la Sant\u00e9 prend la parole:\u00a0<\/strong>\u00ab\u00a0Quatre indicateurs sont d\u00e9sormais retenus pour mesurer l&rsquo;\u00e9pid\u00e9mie en France avec\u00a0l&rsquo;incidence, tout d&rsquo;abord, c&rsquo;est-\u00e0-dire le taux de cas positifs dans la population. Il est aujourd&rsquo;hui de 6,14 tests positifs pour 100 000 habitants. En Ile-de-France, le niveau de circulation du virus explique un taux plus \u00e9lev\u00e9. Nous ne sommes pas du tout en situation de saturation de capacit\u00e9 de tests\u00a0\u00bb. <\/p>\n\n\n\n<p><strong>&nbsp;Edouard Philippe prend la parole : \u00ab\u00a0<\/strong><strong>Les r\u00e9sultats sont bons sur le plan sanitaire m\u00eame si nous devons rester prudents.<\/strong>&nbsp;Tous les indicateurs sont au vert \u00e0 l&rsquo;exception du Val d&rsquo;Oise et Mayotte.&nbsp;Nous allons surveiller avec une vigilance particuli\u00e8re les d\u00e9partements d&rsquo;Ile-de-France, la Guyane et Mayotte. Des inqui\u00e9tudes sp\u00e9cifiques demeurent dans ces d\u00e9partements.&nbsp;Dans ces d\u00e9partements, le virus circule un peu plus qu&rsquo;ailleurs et des inqui\u00e9tudes sp\u00e9cifiques demeurent. Dans ces d\u00e9partements, que nous allons qualifier de d\u00e9partement orange, le d\u00e9confinement sera, dans les trois semaines qui viennent, un peu plus prudent que sur le reste du territoire.&nbsp;Au cours de cette phase 2, la libert\u00e9 va redevenir la r\u00e8gle et l&rsquo;interdiction constituera l&rsquo;exception.<\/p>\n\n\n\n<p>L&rsquo;h\u00f4pital, m\u00eame s&rsquo;il a retrouv\u00e9 une forme de s\u00e9r\u00e9nit\u00e9, reste sous tension. Il a subi, vous le savez, un effort, une pression absolument consid\u00e9rable. Nous nous r\u00e9jouissons tous. \u00c9videmment, que le chiffre de personnes en r\u00e9animation soit descendu de plus de 7 000 au moment du pic \u00e0 moins 2000 aujourd&rsquo;hui, mais moins de 2 000 aujourd&rsquo;hui, \u00e7a repr\u00e9sente toujours 30 % de notre capacit\u00e9 de r\u00e9animation.<\/p>\n\n\n\n<p>Nous avons ainsi notamment d\u00e9cid\u00e9 l&rsquo;acc\u00e9l\u00e9ration de la r\u00e9ouverture des \u00e9coles et coll\u00e8ges dans toutes les zones et des lyc\u00e9es dans les d\u00e9partements verts.&nbsp;<\/p>\n\n\n\n<p>Le retour progressif de la vie culturelle et sportive avec des contraintes sp\u00e9cifiques dans les zones de vigilance orange, la r\u00e9ouverture des parcs et jardins en zone orange.&nbsp;Mais cette libert\u00e9 retrouv\u00e9e implique des contraintes qui sont en quelque sorte des contreparties. La limitation des regroupements \u00e0 10 personnes dans l&rsquo;espace public est maintenue.&nbsp;Le principe du recours au t\u00e9l\u00e9travail doit toujours \u00eatre privil\u00e9gi\u00e9.<\/p>\n\n\n\n<p><br><\/p>\n","protected":false},"excerpt":{"rendered":"<p>Edouard Philippe : \u00ab\u00a0La France sera favorable \u00e0 une r\u00e9ouverture des fronti\u00e8res int\u00e9rieures de l&rsquo;Europe, \u00e0 compter 15 juin, si la situation sanitaire le permet, bien entendu sans quatorzaine pour les voyageurs en provenance de pays europ\u00e9ens. Nous appliquerons des mesures de r\u00e9ciprocit\u00e9 vis \u00e0 vis des \u00c9tats europ\u00e9ens qui d\u00e9cideraient de fermer leurs fronti\u00e8res [&hellip;]<\/p>\n","protected":false},"author":2,"featured_media":15742,"comment_status":"open","ping_status":"open","sticky":false,"template":"","format":"standard","meta":{"_jetpack_memberships_contains_paid_content":false,"footnotes":"","jetpack_publicize_message":"","jetpack_publicize_feature_enabled":true,"jetpack_social_post_already_shared":true,"jetpack_social_options":{"image_generator_settings":{"template":"highway","default_image_id":0,"font":"","enabled":false},"version":2},"_wpas_customize_per_network":false},"categories":[405],"tags":[],"class_list":["post-15741","post","type-post","status-publish","format-standard","has-post-thumbnail","hentry","category-actu-france-monde"],"jetpack_publicize_connections":[],"jetpack_featured_media_url":"https:\/\/i0.wp.com\/www.iceagetv.com\/radiosite\/wp-content\/uploads\/2020\/05\/La-r%C3%A8gle-des-100-kms-supprim%C3%A9e.png?fit=610%2C271&ssl=1","jetpack_sharing_enabled":true,"_links":{"self":[{"href":"https:\/\/www.iceagetv.com\/radiosite\/wp-json\/wp\/v2\/posts\/15741","targetHints":{"allow":["GET"]}}],"collection":[{"href":"https:\/\/www.iceagetv.com\/radiosite\/wp-json\/wp\/v2\/posts"}],"about":[{"href":"https:\/\/www.iceagetv.com\/radiosite\/wp-json\/wp\/v2\/types\/post"}],"author":[{"embeddable":true,"href":"https:\/\/www.iceagetv.com\/radiosite\/wp-json\/wp\/v2\/users\/2"}],"replies":[{"embeddable":true,"href":"https:\/\/www.iceagetv.com\/radiosite\/wp-json\/wp\/v2\/comments?post=15741"}],"version-history":[{"count":1,"href":"https:\/\/www.iceagetv.com\/radiosite\/wp-json\/wp\/v2\/posts\/15741\/revisions"}],"predecessor-version":[{"id":15743,"href":"https:\/\/www.iceagetv.com\/radiosite\/wp-json\/wp\/v2\/posts\/15741\/revisions\/15743"}],"wp:featuredmedia":[{"embeddable":true,"href":"https:\/\/www.iceagetv.com\/radiosite\/wp-json\/wp\/v2\/media\/15742"}],"wp:attachment":[{"href":"https:\/\/www.iceagetv.com\/radiosite\/wp-json\/wp\/v2\/media?parent=15741"}],"wp:term":[{"taxonomy":"category","embeddable":true,"href":"https:\/\/www.iceagetv.com\/radiosite\/wp-json\/wp\/v2\/categories?post=15741"},{"taxonomy":"post_tag","embeddable":true,"href":"https:\/\/www.iceagetv.com\/radiosite\/wp-json\/wp\/v2\/tags?post=15741"}],"curies":[{"name":"wp","href":"https:\/\/api.w.org\/{rel}","templated":true}]}}