{"id":15747,"date":"2020-05-29T06:39:53","date_gmt":"2020-05-29T06:39:53","guid":{"rendered":"http:\/\/www.iceagetv.com\/radiosite\/?p=15747"},"modified":"2020-05-29T06:39:53","modified_gmt":"2020-05-29T06:39:53","slug":"renault-confirme-la-suppression-de-15-000-postes-dans-le-monde-dont-4600-en-france","status":"publish","type":"post","link":"https:\/\/www.iceagetv.com\/radiosite\/renault-confirme-la-suppression-de-15-000-postes-dans-le-monde-dont-4600-en-france\/","title":{"rendered":"Renault confirme la suppression de 15.000 postes dans le monde dont 4600 en France"},"content":{"rendered":"\n<h2 class=\"wp-block-heading\">La marque au losange n&rsquo;annonce pas de fermetures d&rsquo;usines fran\u00e7aises mais des restructurations.<\/h2>\n\n\n\n<p>C&rsquo;est donc officiel. Dans un communiqu\u00e9 de presse, Renault annonce&nbsp;pr\u00e8s de 15.000 suppressions d&#8217;emplois dans le monde soit 8% de ses effectifs, dont 4.600 en France (sur 48.000) sans licenciements secs. Ce plan d&rsquo;\u00e9conomies&nbsp;de 2 milliards d&rsquo;euros d&rsquo;\u00e9conomie sur trois ans s&rsquo;appuie \u00ab\u00a0sur des mesures de reconversion, de mobilit\u00e9 interne et des d\u00e9parts volontaires\u00a0\u00bb.<\/p>\n\n\n\n<p>\u00ab\u00a0Dans un contexte fait d&rsquo;incertitudes et de complexit\u00e9, ce projet est vital pour garantir une performance solide et durable\u00a0\u00bb, a d\u00e9clar\u00e9 la directrice g\u00e9n\u00e9rale par int\u00e9rim Clotilde Delbos, cit\u00e9e dans un communiqu\u00e9.<\/p>\n\n\n\n<p>Renault, qui souffre de surcapacit\u00e9s de production au niveau mondial, avait annonc\u00e9 en f\u00e9vrier ses premi\u00e8res pertes en dix ans, entrant affaibli dans la crise provoqu\u00e9e par l&rsquo;\u00e9pid\u00e9mie de Covid-19.<\/p>\n\n\n\n<h3 class=\"wp-block-heading\">Pas de fermetures d&rsquo;usines mais des restructurations<\/h3>\n\n\n\n<p>C\u00f4t\u00e9 usines, pas de fermetures d&rsquo;usines mais des restructurations. Renault annonce la cr\u00e9ation d&rsquo;un p\u00f4le d&rsquo;excellence dans l&rsquo;\u00e9lectrique et l&rsquo;utilitaire \u00e0 partir des deux usines de Douai et Maubeuge dans le Nord.<\/p>\n\n\n\n<p>Il lance une r\u00e9flexion sur la reconversion de l&rsquo;usine de Dieppe (Seine-Maritime) \u00e0 la fin de la production de l&rsquo;Alpine A110.<\/p>\n\n\n\n<p>Renault annonce \u00e9galement la cr\u00e9ation d&rsquo;un p\u00f4le d&rsquo;\u00e9conomie circulaire dans l&rsquo;usine historique de Flins (Yvelines), o\u00f9 seraient transf\u00e9r\u00e9es les activit\u00e9s de l&rsquo;usine de Choisy-le-Roi (Val-de-Marne) qui emploie 260 personnes dans le recyclage de pi\u00e8ces. La marque veut \u00e9galement lancer&nbsp;une revue strat\u00e9gique pour la Fonderie de Bretagne, \u00e0 Caudan (Morbihan).<\/p>\n\n\n\n<h3 class=\"wp-block-heading\">Un co\u00fbt de 1,2 milliard d&rsquo;euros<\/h3>\n\n\n\n<p>A l&rsquo;international, Renault annonce la \u00ab\u00a0suspension des projets d\u2019augmentation de capacit\u00e9s pr\u00e9vus au Maroc et en Roumanie\u00a0\u00bb. Il indique \u00e9tudier \u00ab\u00a0l&rsquo;adaptation des capacit\u00e9s de production en Russie et la rationalisation de la fabrication de bo\u00eetes de vitesse dans le monde\u00a0\u00bb.<\/p>\n\n\n\n<p>Ces mesures doivent contribuer pour 650 millions d&rsquo;euros \u00e0 l&rsquo;objectif de r\u00e9ductions de co\u00fbts, le solde provenant de l&rsquo;ing\u00e9nierie (800 millions) et des fonctions support (700 millions), soit un total d&rsquo;environ 2,15 milliards.<\/p>\n\n\n\n<p>Rappelons que les syndicats contestent la surcapacit\u00e9 de production de Renault. \u00ab\u00a0La France n&rsquo;est pas concern\u00e9e par ces surcapacit\u00e9s\u00a0\u00bb insiste&nbsp;Franck Daout, d\u00e9l\u00e9gu\u00e9 syndical central CFDT Renault.<\/p>\n\n\n\n<p>En outre, le constructeur pr\u00e9voit 800 millions d&rsquo;euros de r\u00e9duction de co\u00fbts dans l&rsquo;ing\u00e9nierie, \u00e9voquant \u00ab\u00a0l&rsquo;optimisation de l&rsquo;utilisation des centres de R&amp;D \u00e0 l&rsquo;\u00e9tranger et de la sous-traitance\u00a0\u00bb. Il annonce une r\u00e9organisation des activit\u00e9s de son technocentre \u00e0 Guyancourt (Yvelines).&nbsp;<\/p>\n\n\n\n<p>Enfin, des \u00e9conomies de 700 millions d&rsquo;euros sont pr\u00e9vues dans les frais g\u00e9n\u00e9raux, marketing et autres fonctions support. Le co\u00fbt de ces mesures est estim\u00e9 \u00e0 1,2 milliard d&rsquo;euros, a ajout\u00e9 Renault.<\/p>\n","protected":false},"excerpt":{"rendered":"<p>La marque au losange n&rsquo;annonce pas de fermetures d&rsquo;usines fran\u00e7aises mais des restructurations. C&rsquo;est donc officiel. Dans un communiqu\u00e9 de presse, Renault annonce&nbsp;pr\u00e8s de 15.000 suppressions d&#8217;emplois dans le monde soit 8% de ses effectifs, dont 4.600 en France (sur 48.000) sans licenciements secs. Ce plan d&rsquo;\u00e9conomies&nbsp;de 2 milliards d&rsquo;euros d&rsquo;\u00e9conomie sur trois ans s&rsquo;appuie [&hellip;]<\/p>\n","protected":false},"author":2,"featured_media":15748,"comment_status":"open","ping_status":"open","sticky":false,"template":"","format":"standard","meta":{"_jetpack_memberships_contains_paid_content":false,"footnotes":"","jetpack_publicize_message":"","jetpack_publicize_feature_enabled":true,"jetpack_social_post_already_shared":true,"jetpack_social_options":{"image_generator_settings":{"template":"highway","default_image_id":0,"font":"","enabled":false},"version":2},"_wpas_customize_per_network":false},"categories":[405],"tags":[],"class_list":["post-15747","post","type-post","status-publish","format-standard","has-post-thumbnail","hentry","category-actu-france-monde"],"jetpack_publicize_connections":[],"jetpack_featured_media_url":"https:\/\/i0.wp.com\/www.iceagetv.com\/radiosite\/wp-content\/uploads\/2020\/05\/Renault-confirme-la-suppression-de-15.000-postes-dans-le-monde-dont-4600-en-France.png?fit=504%2C264&ssl=1","jetpack_sharing_enabled":true,"_links":{"self":[{"href":"https:\/\/www.iceagetv.com\/radiosite\/wp-json\/wp\/v2\/posts\/15747","targetHints":{"allow":["GET"]}}],"collection":[{"href":"https:\/\/www.iceagetv.com\/radiosite\/wp-json\/wp\/v2\/posts"}],"about":[{"href":"https:\/\/www.iceagetv.com\/radiosite\/wp-json\/wp\/v2\/types\/post"}],"author":[{"embeddable":true,"href":"https:\/\/www.iceagetv.com\/radiosite\/wp-json\/wp\/v2\/users\/2"}],"replies":[{"embeddable":true,"href":"https:\/\/www.iceagetv.com\/radiosite\/wp-json\/wp\/v2\/comments?post=15747"}],"version-history":[{"count":1,"href":"https:\/\/www.iceagetv.com\/radiosite\/wp-json\/wp\/v2\/posts\/15747\/revisions"}],"predecessor-version":[{"id":15749,"href":"https:\/\/www.iceagetv.com\/radiosite\/wp-json\/wp\/v2\/posts\/15747\/revisions\/15749"}],"wp:featuredmedia":[{"embeddable":true,"href":"https:\/\/www.iceagetv.com\/radiosite\/wp-json\/wp\/v2\/media\/15748"}],"wp:attachment":[{"href":"https:\/\/www.iceagetv.com\/radiosite\/wp-json\/wp\/v2\/media?parent=15747"}],"wp:term":[{"taxonomy":"category","embeddable":true,"href":"https:\/\/www.iceagetv.com\/radiosite\/wp-json\/wp\/v2\/categories?post=15747"},{"taxonomy":"post_tag","embeddable":true,"href":"https:\/\/www.iceagetv.com\/radiosite\/wp-json\/wp\/v2\/tags?post=15747"}],"curies":[{"name":"wp","href":"https:\/\/api.w.org\/{rel}","templated":true}]}}