{"id":15754,"date":"2020-05-30T06:46:43","date_gmt":"2020-05-30T06:46:43","guid":{"rendered":"http:\/\/www.iceagetv.com\/radiosite\/?p=15754"},"modified":"2020-05-30T06:46:43","modified_gmt":"2020-05-30T06:46:43","slug":"les-stars-de-la-pop-culture-americaine-se-revoltent-apres-un-nouveau-crime-raciste","status":"publish","type":"post","link":"https:\/\/www.iceagetv.com\/radiosite\/les-stars-de-la-pop-culture-americaine-se-revoltent-apres-un-nouveau-crime-raciste\/","title":{"rendered":"Les stars de la pop culture am\u00e9ricaine se r\u00e9voltent apr\u00e8s un nouveau crime raciste"},"content":{"rendered":"\n<p> Beyonc\u00e9, LeBron James et Justin Bieber sont quelques-unes des c\u00e9l\u00e9brit\u00e9s \u00e0 r\u00e9clamer justice, apr\u00e8s la mort de George Floyd. Taylor Swift a, elle, appel\u00e9 \u00e0 voter contre Donald Trump. <\/p>\n\n\n\n<p>La vid\u00e9o de l\u2019arrestation brutale de George Floyd, un Afro-Am\u00e9ricain tu\u00e9 par un policier blanc lundi dans la ville de Minneapolis (Etats-Unis), est devenue virale. Et rapidement suivie par l\u2019indignation des vedettes de la pop culture am\u00e9ricaine qui s\u2019est r\u00e9pandue sur Internet.<\/p>\n\n\n\n<p>Ainsi, de nombreuses c\u00e9l\u00e9brit\u00e9s comme\u00a0<a href=\"https:\/\/www.beyonce.com\/\">Beyonc\u00e9<\/a>,\u00a0<a href=\"https:\/\/www.instagram.com\/p\/CArHyduAZ_a\/?utm_source=ig_web_copy_link\">Cardi\u00a0B<\/a>\u00a0ou\u00a0<a href=\"https:\/\/twitter.com\/KimKardashian\/status\/1265663234901782530\">Kim Kardashian<\/a>\u00a0ont post\u00e9 sur leur site personnel ou les r\u00e9seaux sociaux des photos en hommage, exprimant leur tristesse et r\u00e9clamant que justice soit faite. La phrase\u00a0<em>\u00ab\u00a0je ne peux pas respirer\u00a0\u00bb<\/em>, entendue dans la vid\u00e9o du meurtre est devenue un cri de ralliement du mouvement Black Lives Matter (La Vie des Noirs compte), a \u00e9t\u00e9 massivement reprise par des personnalit\u00e9s am\u00e9ricaines.<\/p>\n\n\n\n<p>Ce n\u2019est pas la premi\u00e8re fois que des c\u00e9l\u00e9brit\u00e9s s\u2019indignent apr\u00e8s le meurtre injuste d\u2019un citoyen am\u00e9ricain noir. La derni\u00e8re mobilisation date de&nbsp;<a href=\"https:\/\/www.lemonde.fr\/international\/article\/2020\/05\/22\/affaire-ahmaud-arbery-arrestation-de-l-auteur-de-la-video-montrant-le-meurtre-du-jeune-joggeur-noir_6040381_3210.html\">la mort d\u2019Ahmaud Arbery,<\/a>&nbsp;tu\u00e9 le 23&nbsp;f\u00e9vrier \u00e0 Brunswick (G\u00e9orgie) alors qu\u2019il faisait son footing, donnant lieu sur les r\u00e9seaux sociaux \u00e0 la naissance du<a href=\"https:\/\/twitter.com\/search?q=%23IRunWithMaud%20&amp;src=typed_query\">&nbsp;hashtag #IRunWithMaud<\/a>&nbsp;(<em>\u00ab&nbsp;je cours avec Maud&nbsp;\u00bb),&nbsp;<\/em>le surnom du jeune homme.<\/p>\n\n\n\n<h2 class=\"wp-block-heading\">Des appels aux dons<\/h2>\n\n\n\n<p>Comme beaucoup d\u2019autres, Justin Bieber a publi\u00e9 la vid\u00e9o du meurtre, expliquant que ces images le<em>&nbsp;\u00ab&nbsp;rendent malade&nbsp;\u00bb<\/em>&nbsp;et que la mort de George Floyd le met<em>&nbsp;\u00ab&nbsp;en col\u00e8re&nbsp;\u00bb. \u00ab&nbsp;Le racisme est un fl\u00e9au. Nous devons faire entendre nos voix&nbsp;!&nbsp;\u00bb<\/em>, a-t-il ajout\u00e9. L\u2019acteur John Boyega, vedette de&nbsp;<em>Star Wars<\/em>, a, quant \u00e0 lui, livr\u00e9 un plaidoyer contre le racisme&nbsp;:<\/p>\n\n\n\n<p>\u00ab&nbsp;C\u2019est tr\u00e8s tr\u00e8s important, en ce moment, d\u2019ignorer l\u2019ignorance et ceux qui essaient de faire de ces \u00e9v\u00e9nements ce qu\u2019ils ne sont pas. Un homme noir a \u00e9t\u00e9 assassin\u00e9 de sang-froid, dans la rue. Alors qu\u2019il hurlait qu\u2019il ne pouvait pas respirer. Donc je le dirai une fois de plus&nbsp;: allez vous faire f***, les Blancs racistes.&nbsp;\u00bb<\/p>\n\n\n\n<p>\u2019autres ont d\u00e9cid\u00e9 d\u2019initier un changement en faisant des dons \u00e0 l\u2019organisme The Minnesota Freedom Fund, cr\u00e9\u00e9 pour aider les individus \u00e0 faible revenu \u00e0 payer leur caution. Comme le rapporte&nbsp;<em><a href=\"https:\/\/www.hollywoodreporter.com\/news\/hollywood-figures-begin-donating-bail-minneapolis-protesters-1296264\">The Hollywood Reporter<\/a>,<\/em>&nbsp;des acteurs tels que Steve Carell, Seth Rogen et Ben Schwartz, ont tweet\u00e9 qu\u2019ils allaient y contribuer.<\/p>\n\n\n\n<p>L\u2019ancienne star du football am\u00e9ricain Colin Kaepernick a, pour sa part, d\u00e9cid\u00e9 de lancer Know Your Rights Camp, qui recueille des fonds pour financer les frais d\u2019avocats des manifestants \u2014 qui r\u00e9clament justice pour George Floyd \u2014 arr\u00eat\u00e9s \u00e0 Minneapolis ces derniers jours.<\/p>\n\n\n\n<h2 class=\"wp-block-heading\">Des stars de la NBA scandalis\u00e9es<\/h2>\n\n\n\n<p>Du c\u00f4t\u00e9 de la NBA, la mobilisation est men\u00e9e par LeBron James. La sc\u00e8ne terrible, film\u00e9e par une passante, a inspir\u00e9 au joueur des Lakers un parall\u00e8le avec le genou pos\u00e9 \u00e0 terre par Colin Kaepernick, \u00e0 plusieurs reprises en&nbsp;2016 et 2017, en guise de protestation contre les violences polici\u00e8res faites aux Noirs.<\/p>\n\n\n\n<p><em>\u00ab&nbsp;Voil\u00e0\u2026\u2026 pourquoi&nbsp;\u00bb<\/em>, a \u00e9crit sur son compte&nbsp;<a href=\"https:\/\/www.instagram.com\/p\/CAq3fpCgyve\/\">Instagram&nbsp;<\/a>le triple champion NBA, sous un montage photo montrant, d\u2019un c\u00f4t\u00e9, le policier blanc agenouill\u00e9 sur le cou de George Floyd et, de l\u2019autre, l\u2019ex-quarterback des San Francisco 49ers un genou \u00e0 terre sur le bord d\u2019un terrain avant un match de NFL.&nbsp;<em>\u00ab&nbsp;Vous comprenez maintenant&nbsp;!!??!!?? Ou c\u2019est toujours flou&nbsp;?&nbsp;\u00bb<\/em>, a ajout\u00e9 James.<\/p>\n\n\n\n<p><\/p>\n","protected":false},"excerpt":{"rendered":"<p>Beyonc\u00e9, LeBron James et Justin Bieber sont quelques-unes des c\u00e9l\u00e9brit\u00e9s \u00e0 r\u00e9clamer justice, apr\u00e8s la mort de George Floyd. Taylor Swift a, elle, appel\u00e9 \u00e0 voter contre Donald Trump. La vid\u00e9o de l\u2019arrestation brutale de George Floyd, un Afro-Am\u00e9ricain tu\u00e9 par un policier blanc lundi dans la ville de Minneapolis (Etats-Unis), est devenue virale. Et [&hellip;]<\/p>\n","protected":false},"author":2,"featured_media":15755,"comment_status":"open","ping_status":"open","sticky":false,"template":"","format":"standard","meta":{"_jetpack_memberships_contains_paid_content":false,"footnotes":"","jetpack_publicize_message":"","jetpack_publicize_feature_enabled":true,"jetpack_social_post_already_shared":true,"jetpack_social_options":{"image_generator_settings":{"template":"highway","default_image_id":0,"font":"","enabled":false},"version":2},"_wpas_customize_per_network":false},"categories":[405],"tags":[],"class_list":["post-15754","post","type-post","status-publish","format-standard","has-post-thumbnail","hentry","category-actu-france-monde"],"jetpack_publicize_connections":[],"jetpack_featured_media_url":"https:\/\/i0.wp.com\/www.iceagetv.com\/radiosite\/wp-content\/uploads\/2020\/05\/Les-stars-de-la-pop-culture-am%C3%A9ricaine-se-r%C3%A9voltent.png?fit=561%2C369&ssl=1","jetpack_sharing_enabled":true,"_links":{"self":[{"href":"https:\/\/www.iceagetv.com\/radiosite\/wp-json\/wp\/v2\/posts\/15754","targetHints":{"allow":["GET"]}}],"collection":[{"href":"https:\/\/www.iceagetv.com\/radiosite\/wp-json\/wp\/v2\/posts"}],"about":[{"href":"https:\/\/www.iceagetv.com\/radiosite\/wp-json\/wp\/v2\/types\/post"}],"author":[{"embeddable":true,"href":"https:\/\/www.iceagetv.com\/radiosite\/wp-json\/wp\/v2\/users\/2"}],"replies":[{"embeddable":true,"href":"https:\/\/www.iceagetv.com\/radiosite\/wp-json\/wp\/v2\/comments?post=15754"}],"version-history":[{"count":1,"href":"https:\/\/www.iceagetv.com\/radiosite\/wp-json\/wp\/v2\/posts\/15754\/revisions"}],"predecessor-version":[{"id":15756,"href":"https:\/\/www.iceagetv.com\/radiosite\/wp-json\/wp\/v2\/posts\/15754\/revisions\/15756"}],"wp:featuredmedia":[{"embeddable":true,"href":"https:\/\/www.iceagetv.com\/radiosite\/wp-json\/wp\/v2\/media\/15755"}],"wp:attachment":[{"href":"https:\/\/www.iceagetv.com\/radiosite\/wp-json\/wp\/v2\/media?parent=15754"}],"wp:term":[{"taxonomy":"category","embeddable":true,"href":"https:\/\/www.iceagetv.com\/radiosite\/wp-json\/wp\/v2\/categories?post=15754"},{"taxonomy":"post_tag","embeddable":true,"href":"https:\/\/www.iceagetv.com\/radiosite\/wp-json\/wp\/v2\/tags?post=15754"}],"curies":[{"name":"wp","href":"https:\/\/api.w.org\/{rel}","templated":true}]}}