{"id":15757,"date":"2020-05-30T06:51:09","date_gmt":"2020-05-30T06:51:09","guid":{"rendered":"http:\/\/www.iceagetv.com\/radiosite\/?p=15757"},"modified":"2020-05-30T06:51:09","modified_gmt":"2020-05-30T06:51:09","slug":"mort-de-george-floyd-des-manifestations-a-travers-les-etats-unis-malgre-linculpation-dun-policier","status":"publish","type":"post","link":"https:\/\/www.iceagetv.com\/radiosite\/mort-de-george-floyd-des-manifestations-a-travers-les-etats-unis-malgre-linculpation-dun-policier\/","title":{"rendered":"Mort de George Floyd : des manifestations \u00e0 travers les Etats-Unis malgr\u00e9 l\u2019inculpation d\u2019un policier"},"content":{"rendered":"\n<p>Apr\u00e8s plusieurs jours d\u2019\u00e9meutes, des manifestations ont \u00e9clat\u00e9 dans plusieurs grandes villes am\u00e9ricaines vendredi 29 mai dans la soir\u00e9e apr\u00e8s&nbsp;<a href=\"https:\/\/www.lemonde.fr\/international\/article\/2020\/05\/27\/quatre-policiers-limoges-apres-la-mort-d-un-noir-lors-de-son-interpellation-aux-etats-unis_6040859_3210.html\">la mort en d\u00e9but de semaine de George Floyd, un Afro-Am\u00e9ricain de 46&nbsp;ans<\/a>, et ce malgr\u00e9 l\u2019inculpation pour homicide involontaire du policier arr\u00eat\u00e9.<\/p>\n\n\n\n<p><em>\u00ab&nbsp;Le policier impliqu\u00e9, qui a \u00e9t\u00e9 identifi\u00e9 comme Derek Chauvin, a \u00e9t\u00e9 plac\u00e9 en d\u00e9tention&nbsp;\u00bb<\/em>&nbsp;par la police criminelle, avait d\u00e9clar\u00e9 plus t\u00f4t vendredi le commissaire John Harrington, du d\u00e9partement de la s\u00e9curit\u00e9 civile de l\u2019Etat du Minnesota. Le procureur du comt\u00e9 de Hennepin, o\u00f9 se trouve la ville de Minneapolis, a annonc\u00e9 que ses services l\u2019inculpaient d\u2019acte cruel et dangereux ayant caus\u00e9 la mort et d\u2019homicide involontaire. Des poursuites devraient \u00eatre engag\u00e9es contre les trois autres policiers.<\/p>\n\n\n\n<p>La famille de George Floyd a salu\u00e9 cette arrestation, un premier pas sur\u00a0<em>\u00ab\u00a0la voie de la justice\u00a0\u00bb<\/em>, m\u00eame si elle l\u2019a jug\u00e9e\u00a0<em>\u00ab\u00a0tardive\u00a0\u00bb<\/em>\u00a0et insuffisante.\u00a0<em>\u00ab\u00a0Nous voulons une inculpation pour homicide volontaire avec pr\u00e9m\u00e9ditation. Et nous voulons voir les autres agents<\/em>\u00a0[impliqu\u00e9s]<em>\u00a0arr\u00eat\u00e9s\u00a0\u00bb<\/em>, a-t-elle affirm\u00e9 dans un communiqu\u00e9. Le pr\u00e9sident am\u00e9ricain, Donald Trump, qui s\u2019est entretenu avec elle, a d\u00e9clar\u00e9\u00a0:\u00a0<em>\u00ab\u00a0La famille de George a droit \u00e0 la justice. Les habitants du Minnesota ont droit \u00e0 la s\u00e9curit\u00e9.\u00a0\u00bb<\/em> George Floyd est mort, lundi soir, juste apr\u00e8s avoir \u00e9t\u00e9 arr\u00eat\u00e9 par la police, qui le soup\u00e7onnait d\u2019avoir voulu \u00e9couler un faux billet de 20\u00a0dollars. Lors de l\u2019intervention, il a \u00e9t\u00e9 plaqu\u00e9 au sol par un agent qui a maintenu son genou sur son cou pendant de longues minutes.\u00a0<em>\u00ab\u00a0Je ne peux plus respirer\u00a0\u00bb,<\/em>\u00a0l\u2019entend-on dire\u00a0: la sc\u00e8ne, film\u00e9e par un t\u00e9moin, est difficilement soutenable. <\/p>\n\n\n\n<p>Dans la foul\u00e9e, les quatre agents impliqu\u00e9s ont \u00e9t\u00e9 licenci\u00e9s et des enqu\u00eates f\u00e9d\u00e9rales et locales ont \u00e9t\u00e9 ouvertes pour \u00e9tablir leur responsabilit\u00e9. Mais aucune arrestation n\u2019avait encore eu lieu, ce qui alimente toutes les frustrations.<\/p>\n\n\n\n<p>Cette nouvelle affaire rappelle notamment la mort d\u2019<a href=\"https:\/\/www.lemonde.fr\/ameriques\/portfolio\/2014\/12\/04\/des-new-yorkais-demandent-justice-pour-eric-garner_4533847_3222.html\">Eric Garner<\/a>, un homme noir d\u00e9c\u00e9d\u00e9 en&nbsp;2014 \u00e0 New York apr\u00e8s avoir \u00e9t\u00e9 asphyxi\u00e9 lors de son arrestation par des policiers blancs. Lui aussi avait dit&nbsp;<em>\u00ab&nbsp;je ne peux pas respirer&nbsp;\u00bb,&nbsp;<\/em>une phrase devenue un cri de ralliement du mouvement Black Lives Matter (\u00ab&nbsp;La vie des Noirs compte&nbsp;\u00bb)<\/p>\n\n\n\n<ul class=\"wp-block-list\"><li>Le couvre-feu brav\u00e9 \u00e0 Minneapolis<\/li><\/ul>\n\n\n\n<p>Cinq cents soldats de la garde nationale de l\u2019Etat du Minnesota ont \u00e9t\u00e9 d\u00e9ploy\u00e9s \u00e0 la demande du gouverneur, vendredi matin (heure de Minneapolis), pour r\u00e9tablir le calme sur place et \u00e9pauler deux cents policiers de l\u2019Etat, ainsi que des h\u00e9licopt\u00e8res, qui devaient \u00e9galement \u00eatre envoy\u00e9s sur place.<\/p>\n\n\n\n<p>Dans la nuit de jeudi \u00e0 vendredi, les manifestations ont tourn\u00e9 \u00e0 l\u2019\u00e9meute aux abords du commissariat o\u00f9 travaillaient les quatre hommes. Confront\u00e9es \u00e0 l\u2019avanc\u00e9e des manifestants, les forces de l\u2019ordre avaient abandonn\u00e9 les lieux vers 22&nbsp;heures. Certains manifestants ont alors r\u00e9ussi \u00e0 forcer les barri\u00e8res de s\u00e9curit\u00e9, \u00e0 briser les vitres et \u00e0 mettre le feu au b\u00e2timent.<\/p>\n\n\n\n<p>Plusieurs boutiques des alentours ont connu un sort comparable et les violences ont \u00e9galement gagn\u00e9 certains quartiers de la ville voisine de Saint Louis, avec des heurts sporadiques entre policiers et habitants.<\/p>\n\n\n\n<p>Les manifestations avaient auparavant \u00e9t\u00e9 majoritairement pacifiques, avec des foules contenues par des cha\u00eenes d\u2019hommes en uniforme. Le d\u00e9fil\u00e9 avait commenc\u00e9 en fin d\u2019apr\u00e8s-midi, avec de nombreux manifestants portant un masque pour se prot\u00e9ger du coronavirus. Dans la ville voisine de Saint Paul, la police faisait \u00e9tat de d\u00e9g\u00e2ts et de vols.&nbsp;<em>\u00ab&nbsp;Nous savons qu\u2019il y a beaucoup de col\u00e8re. Nous savons qu\u2019il y a beaucoup de blessures. Mais nous ne pouvons tol\u00e9rer que certains s\u2019en servent comme occasion pour perp\u00e9trer des d\u00e9lits&nbsp;\u00bb,&nbsp;<\/em>a d\u00e9plor\u00e9 le directeur de la police de cette ville, Todd Axtell.<\/p>\n\n\n\n<p>Pour apaiser la situation, Jacob Frey, le maire de Minneapolis, a&nbsp;<a href=\"https:\/\/twitter.com\/mplsclerk\/status\/1266460106364944385\">d\u00e9cr\u00e9t\u00e9 un couvre-feu pour toute la ville<\/a>. A partir de 20&nbsp;heures locales (3&nbsp;heures du matin \u00e0 Paris samedi) jusqu\u2019\u00e0 6&nbsp;heures le lendemain matin, les rues de la ville devaient \u00eatre d\u00e9sert\u00e9es, \u00e0 l\u2019exception des forces de l\u2019ordre, des pompiers et du personnel m\u00e9dical. Mais il a \u00e9t\u00e9 brav\u00e9 par des manifestants qui ont subi des tirs de gaz lacrymog\u00e8nes.<\/p>\n\n\n\n<ul class=\"wp-block-list\"><li>Manifestations dans tout le pays<\/li><\/ul>\n\n\n\n<p>Outre l\u2019Etat du Minnesota, des manifestants ont bloqu\u00e9 une autoroute \u00e0 Denver, dans le Colorado, une autre \u00e0 Columbus, dans l\u2019Ohio. D\u2019autres ont d\u00e9fi\u00e9 les ordres de confinement \u00e0 New York et Chicago.A Los Angeles, des manifestants ont bloqu\u00e9 bri\u00e8vement une autoroute et bris\u00e9 les vitres de deux v\u00e9hicules de police.<\/p>\n\n\n\n<p>Vendredi soir, des centaines de personnes ont manifest\u00e9 devant la Maison Blanche \u00e0 Washington pour exprimer leur col\u00e8re. A D\u00e9troit, une personne a \u00e9t\u00e9 tu\u00e9e par balles apr\u00e8s qu\u2019un homme, au volant de son v\u00e9hicule, a tir\u00e9 dans un groupe de manifestants, selon l\u2019agence de presse AP. La police n\u2019est pas impliqu\u00e9e, d\u2019apr\u00e8s les autorit\u00e9s locales. A Atlanta, des v\u00e9hicules de patrouille de la police ont \u00e9t\u00e9 br\u00fbl\u00e9s<\/p>\n\n\n\n<p><br><\/p>\n","protected":false},"excerpt":{"rendered":"<p>Apr\u00e8s plusieurs jours d\u2019\u00e9meutes, des manifestations ont \u00e9clat\u00e9 dans plusieurs grandes villes am\u00e9ricaines vendredi 29 mai dans la soir\u00e9e apr\u00e8s&nbsp;la mort en d\u00e9but de semaine de George Floyd, un Afro-Am\u00e9ricain de 46&nbsp;ans, et ce malgr\u00e9 l\u2019inculpation pour homicide involontaire du policier arr\u00eat\u00e9. \u00ab&nbsp;Le policier impliqu\u00e9, qui a \u00e9t\u00e9 identifi\u00e9 comme Derek Chauvin, a \u00e9t\u00e9 plac\u00e9 [&hellip;]<\/p>\n","protected":false},"author":2,"featured_media":15758,"comment_status":"open","ping_status":"open","sticky":false,"template":"","format":"standard","meta":{"_jetpack_memberships_contains_paid_content":false,"footnotes":"","jetpack_publicize_message":"","jetpack_publicize_feature_enabled":true,"jetpack_social_post_already_shared":true,"jetpack_social_options":{"image_generator_settings":{"template":"highway","default_image_id":0,"font":"","enabled":false},"version":2},"_wpas_customize_per_network":false},"categories":[405],"tags":[],"class_list":["post-15757","post","type-post","status-publish","format-standard","has-post-thumbnail","hentry","category-actu-france-monde"],"jetpack_publicize_connections":[],"jetpack_featured_media_url":"https:\/\/i0.wp.com\/www.iceagetv.com\/radiosite\/wp-content\/uploads\/2020\/05\/Mort-de-George-Floyd.png?fit=555%2C362&ssl=1","jetpack_sharing_enabled":true,"_links":{"self":[{"href":"https:\/\/www.iceagetv.com\/radiosite\/wp-json\/wp\/v2\/posts\/15757","targetHints":{"allow":["GET"]}}],"collection":[{"href":"https:\/\/www.iceagetv.com\/radiosite\/wp-json\/wp\/v2\/posts"}],"about":[{"href":"https:\/\/www.iceagetv.com\/radiosite\/wp-json\/wp\/v2\/types\/post"}],"author":[{"embeddable":true,"href":"https:\/\/www.iceagetv.com\/radiosite\/wp-json\/wp\/v2\/users\/2"}],"replies":[{"embeddable":true,"href":"https:\/\/www.iceagetv.com\/radiosite\/wp-json\/wp\/v2\/comments?post=15757"}],"version-history":[{"count":1,"href":"https:\/\/www.iceagetv.com\/radiosite\/wp-json\/wp\/v2\/posts\/15757\/revisions"}],"predecessor-version":[{"id":15759,"href":"https:\/\/www.iceagetv.com\/radiosite\/wp-json\/wp\/v2\/posts\/15757\/revisions\/15759"}],"wp:featuredmedia":[{"embeddable":true,"href":"https:\/\/www.iceagetv.com\/radiosite\/wp-json\/wp\/v2\/media\/15758"}],"wp:attachment":[{"href":"https:\/\/www.iceagetv.com\/radiosite\/wp-json\/wp\/v2\/media?parent=15757"}],"wp:term":[{"taxonomy":"category","embeddable":true,"href":"https:\/\/www.iceagetv.com\/radiosite\/wp-json\/wp\/v2\/categories?post=15757"},{"taxonomy":"post_tag","embeddable":true,"href":"https:\/\/www.iceagetv.com\/radiosite\/wp-json\/wp\/v2\/tags?post=15757"}],"curies":[{"name":"wp","href":"https:\/\/api.w.org\/{rel}","templated":true}]}}