{"id":15760,"date":"2020-05-30T07:40:52","date_gmt":"2020-05-30T07:40:52","guid":{"rendered":"http:\/\/www.iceagetv.com\/radiosite\/?p=15760"},"modified":"2020-05-30T07:40:52","modified_gmt":"2020-05-30T07:40:52","slug":"coronavirus-plus-de-deux-tiers-des-salaries-de-carrefour-se-disent-epuises-dans-les-resultats-dune-enquete-publiee-par-la-cfdt","status":"publish","type":"post","link":"https:\/\/www.iceagetv.com\/radiosite\/coronavirus-plus-de-deux-tiers-des-salaries-de-carrefour-se-disent-epuises-dans-les-resultats-dune-enquete-publiee-par-la-cfdt\/","title":{"rendered":"Coronavirus : Plus de deux tiers des salari\u00e9s de Carrefour se disent \u00ab\u00a0\u00e9puis\u00e9s\u00a0\u00bb dans les r\u00e9sultats d&rsquo;une enqu\u00eate publi\u00e9e par la CFDT"},"content":{"rendered":"\n<p>La Cfdt a pr\u00e9sent\u00e9 une enqu\u00eate, intitul\u00e9e Je note ma bo\u00eete, r\u00e9alis\u00e9e en face \u00e0 face avec des d\u00e9l\u00e9gu\u00e9s syndicaux. Entre janvier et mars, Carrefour obtient de la part quelque 7.000 salari\u00e9s la note de 4,5 sur 10. 68 % se sentent \u00e9puis\u00e9s physiquement et 65 % moralement, alors que leur charge de travail a augment\u00e9 pour 77% d&rsquo;entre eux. 69 % des salari\u00e9s interrog\u00e9s regrettent le flou qui r\u00e8gne autour de la politique de transformation par le PDG Alexandre Bompard en 2008 qui doit entra\u00eener des milliers de suppressions de postes.<\/p>\n\n\n\n<p>Trois quarts (76 %) des salari\u00e9s n&rsquo;ont pas confiance dans Carrefour pour \u00e9voluer. Malgr\u00e9 cela, 63 % des salari\u00e9s se sentent bien chez Carrefour, \u00ab\u00a0en raison de la convivialit\u00e9 entre coll\u00e8gues et d&rsquo;un statut social un peu sup\u00e9rieur \u00e0 la moyenne de la grande distribution\u00a0\u00bb, a observ\u00e9 Bruno Mouty, responsable CFDT au comit\u00e9 de groupe.<\/p>\n\n\n\n<p>\u00ab\u00a0Aujourd&rsquo;hui, on est de moins en moins nombreux au sein de chaque magasin. M\u00eame la polyvalence du personnel ne suffit plus \u00e0 combler les trous\u00a0\u00bb, t\u00e9moigne un salari\u00e9. \u00ab\u00a0Attention \u00e0 l&rsquo;humain, nous ne sommes pas des robots, m\u00eame si on veut nous remplacer par des robots\u00a0\u00bb, dit un autre.<\/p>\n\n\n\n<p>En mai, une enqu\u00eate sp\u00e9cifique a \u00e9t\u00e9 men\u00e9e sur Internet, recueillant plus de 1.000 r\u00e9ponses. Plus de la moiti\u00e9 des salari\u00e9s trouve que leurs conditions de travail se sont d\u00e9grad\u00e9es avec l&rsquo;\u00e9pid\u00e9mie de Covid-19. Ils jugent majoritairement les \u00e9quipements suffisants, mais que les distances ne sont pas assez respect\u00e9es. Ils r\u00e9clament des tests, car la plupart craignent d&rsquo;\u00eatre contamin\u00e9s.<\/p>\n","protected":false},"excerpt":{"rendered":"<p>La Cfdt a pr\u00e9sent\u00e9 une enqu\u00eate, intitul\u00e9e Je note ma bo\u00eete, r\u00e9alis\u00e9e en face \u00e0 face avec des d\u00e9l\u00e9gu\u00e9s syndicaux. Entre janvier et mars, Carrefour obtient de la part quelque 7.000 salari\u00e9s la note de 4,5 sur 10. 68 % se sentent \u00e9puis\u00e9s physiquement et 65 % moralement, alors que leur charge de travail a [&hellip;]<\/p>\n","protected":false},"author":2,"featured_media":15761,"comment_status":"open","ping_status":"open","sticky":false,"template":"","format":"standard","meta":{"_jetpack_memberships_contains_paid_content":false,"footnotes":"","jetpack_publicize_message":"","jetpack_publicize_feature_enabled":true,"jetpack_social_post_already_shared":true,"jetpack_social_options":{"image_generator_settings":{"template":"highway","default_image_id":0,"font":"","enabled":false},"version":2},"_wpas_customize_per_network":false},"categories":[405],"tags":[],"class_list":["post-15760","post","type-post","status-publish","format-standard","has-post-thumbnail","hentry","category-actu-france-monde"],"jetpack_publicize_connections":[],"jetpack_featured_media_url":"https:\/\/i0.wp.com\/www.iceagetv.com\/radiosite\/wp-content\/uploads\/2020\/05\/Plus-de-deux-tiers-des-salari%C3%A9s-de-Carrefour.png?fit=618%2C278&ssl=1","jetpack_sharing_enabled":true,"_links":{"self":[{"href":"https:\/\/www.iceagetv.com\/radiosite\/wp-json\/wp\/v2\/posts\/15760","targetHints":{"allow":["GET"]}}],"collection":[{"href":"https:\/\/www.iceagetv.com\/radiosite\/wp-json\/wp\/v2\/posts"}],"about":[{"href":"https:\/\/www.iceagetv.com\/radiosite\/wp-json\/wp\/v2\/types\/post"}],"author":[{"embeddable":true,"href":"https:\/\/www.iceagetv.com\/radiosite\/wp-json\/wp\/v2\/users\/2"}],"replies":[{"embeddable":true,"href":"https:\/\/www.iceagetv.com\/radiosite\/wp-json\/wp\/v2\/comments?post=15760"}],"version-history":[{"count":1,"href":"https:\/\/www.iceagetv.com\/radiosite\/wp-json\/wp\/v2\/posts\/15760\/revisions"}],"predecessor-version":[{"id":15762,"href":"https:\/\/www.iceagetv.com\/radiosite\/wp-json\/wp\/v2\/posts\/15760\/revisions\/15762"}],"wp:featuredmedia":[{"embeddable":true,"href":"https:\/\/www.iceagetv.com\/radiosite\/wp-json\/wp\/v2\/media\/15761"}],"wp:attachment":[{"href":"https:\/\/www.iceagetv.com\/radiosite\/wp-json\/wp\/v2\/media?parent=15760"}],"wp:term":[{"taxonomy":"category","embeddable":true,"href":"https:\/\/www.iceagetv.com\/radiosite\/wp-json\/wp\/v2\/categories?post=15760"},{"taxonomy":"post_tag","embeddable":true,"href":"https:\/\/www.iceagetv.com\/radiosite\/wp-json\/wp\/v2\/tags?post=15760"}],"curies":[{"name":"wp","href":"https:\/\/api.w.org\/{rel}","templated":true}]}}