{"id":15769,"date":"2020-05-31T08:32:17","date_gmt":"2020-05-31T08:32:17","guid":{"rendered":"http:\/\/www.iceagetv.com\/radiosite\/?p=15769"},"modified":"2020-05-31T08:32:17","modified_gmt":"2020-05-31T08:32:17","slug":"mort-de-george-floyd-pillages-et-echauffourees-aux-etats-unis-malgre-des-couvre-feux","status":"publish","type":"post","link":"https:\/\/www.iceagetv.com\/radiosite\/mort-de-george-floyd-pillages-et-echauffourees-aux-etats-unis-malgre-des-couvre-feux\/","title":{"rendered":"Mort de George Floyd: Pillages et \u00e9chauffour\u00e9es aux Etats-Unis malgr\u00e9 des couvre-feux"},"content":{"rendered":"\n<p>Un peu moins d\u2019une semaine apr\u00e8s le d\u00e9c\u00e8s de George Floyd, la tension aux&nbsp;<a href=\"https:\/\/www.20minutes.fr\/monde\/etats-unis\/\">Etats-Unis<\/a>&nbsp;ne retombe pas, bien au contraire. Des heurts entre manifestants et policiers ont secou\u00e9 samedi soir plusieurs grandes villes du pays, plac\u00e9es sous&nbsp;<a href=\"https:\/\/www.20minutes.fr\/dossier\/couvre-feu\">couvre-feu<\/a>&nbsp;pour tenter de calmer la col\u00e8re qui s\u2019est empar\u00e9e du pays.<\/p>\n\n\n\n<h2 class=\"wp-block-heading\">\u00ab&nbsp;Il y a tellement de col\u00e8re&nbsp;\u00bb<\/h2>\n\n\n\n<p>A&nbsp;<a href=\"https:\/\/www.20minutes.fr\/dossier\/minneapolis\">Minneapolis<\/a>, o\u00f9 cet homme Afro-Am\u00e9ricain de 46 ans est mort lundi aux mains de la police, des agents en tenue anti\u00e9meutes ont m\u00eame charg\u00e9 les manifestants qui ont d\u00e9fi\u00e9 le couvre-feu, les repoussant avec des fumig\u00e8nes et des grenades assourdissantes. Peu de temps avant, les manifestants affichaient leur d\u00e9termination \u00e0 rester sur place. \u00ab&nbsp;Ils ne nous donnent pas le choix, il y a tellement de col\u00e8re&nbsp;\u00bb, expliquait Deka Jama, une femme de 24 ans venue \u00ab&nbsp;r\u00e9clamer justice&nbsp;\u00bb.<\/p>\n\n\n\n<p>Des affrontements ont \u00e9galement eu lieu \u00e0 New York, Philadelphie, Los Angeles et Atlanta, conduisant les responsables de ces deux derni\u00e8res villes, ainsi que ceux de Miami et Chicago, \u00e0 annoncer \u00e0 leur tour un couvre-feu.<\/p>\n\n\n\n<h2 class=\"wp-block-heading\">Donald Trump ne cherche pas l\u2019apaisement<\/h2>\n\n\n\n<p>Le pr\u00e9sident am\u00e9ricain&nbsp;<a href=\"https:\/\/www.20minutes.fr\/dossier\/donald_trump\">Donald Trump<\/a>&nbsp;n\u2019est pour sa part pas all\u00e9 dans le sens de l\u2019apaisement. \u00ab&nbsp;Nous ne devons pas laisser un petit groupe de criminels et de vandales d\u00e9truire nos villes&nbsp;\u00bb, a-t-il lanc\u00e9 en attribuant les d\u00e9bordements \u00e0 \u00ab&nbsp;des groupes de l\u2019extr\u00eame gauche radicale&nbsp;\u00bb et notamment \u00ab&nbsp;Antifa&nbsp;\u00bb (antifascistes). Tim Walz, le gouverneur du Minnesota, a ainsi annonc\u00e9 la mobilisation des 13.000 soldats de la Garde nationale de l\u2019Etat, une premi\u00e8re, et a demand\u00e9 l\u2019aide du minist\u00e8re de la D\u00e9fense. Des unit\u00e9s de la police militaire ont \u00e9t\u00e9 mises en alerte pour pouvoir \u00e9ventuellement intervenir \u00e0 Minneapolis dans un d\u00e9lai de quatre heures, a pr\u00e9cis\u00e9 le Pentagone.<\/p>\n\n\n\n<p>Vendredi soir, 2.500 policiers et soldats de la Garde nationale et l\u2019imposition d\u2019un couvre-feu n\u2019avaient pourtant pas emp\u00each\u00e9 Minneapolis de s\u2019embraser, avec de nombreux pillages et incendies volontaires. Dans la journ\u00e9e, les habitants, arm\u00e9s de balais, ont tent\u00e9 de donner une autre image de leur ville. Minneapolis \u00ab&nbsp;a mal, br\u00fble&nbsp;\u00bb, commentait Kyle Johnson, 28 ans. \u00ab&nbsp;Tout ce que je peux faire, c\u2019est faire le m\u00e9nage&nbsp;\u00bb.<\/p>\n\n\n\n<h2 class=\"wp-block-heading\">Le policier inculp\u00e9<\/h2>\n\n\n\n<p>Partout dans le pays, les manifestants ont d\u00e9nonc\u00e9 les bavures polici\u00e8res qui frappent les Noirs de mani\u00e8re disproportionn\u00e9e. Ils veulent que cette fois, les forces de l\u2019ordre rendent des comptes pour l\u2019arrestation mortelle de George Floyd, dont les images \u00e9prouvantes ont fait le tour du monde. Le policier blanc Derek Chauvin qui, sur cette vid\u00e9o, maintient son genou pendant de longues minutes sur le cou du quadrag\u00e9naire, a \u00e9t\u00e9 arr\u00eat\u00e9 vendredi et inculp\u00e9 pour \u00ab&nbsp;homicide involontaire&nbsp;\u00bb. Mais pour nombre d\u2019Am\u00e9ricains, ce n\u2019est pas assez&nbsp;:&nbsp;ils r\u00e9clament son inculpation pour homicide volontaire et l\u2019arrestation des trois autres agents impliqu\u00e9s dans le drame.<\/p>\n","protected":false},"excerpt":{"rendered":"<p>Un peu moins d\u2019une semaine apr\u00e8s le d\u00e9c\u00e8s de George Floyd, la tension aux&nbsp;Etats-Unis&nbsp;ne retombe pas, bien au contraire. Des heurts entre manifestants et policiers ont secou\u00e9 samedi soir plusieurs grandes villes du pays, plac\u00e9es sous&nbsp;couvre-feu&nbsp;pour tenter de calmer la col\u00e8re qui s\u2019est empar\u00e9e du pays. \u00ab&nbsp;Il y a tellement de col\u00e8re&nbsp;\u00bb A&nbsp;Minneapolis, o\u00f9 cet [&hellip;]<\/p>\n","protected":false},"author":2,"featured_media":15770,"comment_status":"open","ping_status":"open","sticky":false,"template":"","format":"standard","meta":{"_jetpack_memberships_contains_paid_content":false,"footnotes":"","jetpack_publicize_message":"","jetpack_publicize_feature_enabled":true,"jetpack_social_post_already_shared":true,"jetpack_social_options":{"image_generator_settings":{"template":"highway","default_image_id":0,"font":"","enabled":false},"version":2},"_wpas_customize_per_network":false},"categories":[405],"tags":[],"class_list":["post-15769","post","type-post","status-publish","format-standard","has-post-thumbnail","hentry","category-actu-france-monde"],"jetpack_publicize_connections":[],"jetpack_featured_media_url":"https:\/\/i0.wp.com\/www.iceagetv.com\/radiosite\/wp-content\/uploads\/2020\/05\/Mort-de-George-Floyd-1.png?fit=627%2C400&ssl=1","jetpack_sharing_enabled":true,"_links":{"self":[{"href":"https:\/\/www.iceagetv.com\/radiosite\/wp-json\/wp\/v2\/posts\/15769","targetHints":{"allow":["GET"]}}],"collection":[{"href":"https:\/\/www.iceagetv.com\/radiosite\/wp-json\/wp\/v2\/posts"}],"about":[{"href":"https:\/\/www.iceagetv.com\/radiosite\/wp-json\/wp\/v2\/types\/post"}],"author":[{"embeddable":true,"href":"https:\/\/www.iceagetv.com\/radiosite\/wp-json\/wp\/v2\/users\/2"}],"replies":[{"embeddable":true,"href":"https:\/\/www.iceagetv.com\/radiosite\/wp-json\/wp\/v2\/comments?post=15769"}],"version-history":[{"count":1,"href":"https:\/\/www.iceagetv.com\/radiosite\/wp-json\/wp\/v2\/posts\/15769\/revisions"}],"predecessor-version":[{"id":15771,"href":"https:\/\/www.iceagetv.com\/radiosite\/wp-json\/wp\/v2\/posts\/15769\/revisions\/15771"}],"wp:featuredmedia":[{"embeddable":true,"href":"https:\/\/www.iceagetv.com\/radiosite\/wp-json\/wp\/v2\/media\/15770"}],"wp:attachment":[{"href":"https:\/\/www.iceagetv.com\/radiosite\/wp-json\/wp\/v2\/media?parent=15769"}],"wp:term":[{"taxonomy":"category","embeddable":true,"href":"https:\/\/www.iceagetv.com\/radiosite\/wp-json\/wp\/v2\/categories?post=15769"},{"taxonomy":"post_tag","embeddable":true,"href":"https:\/\/www.iceagetv.com\/radiosite\/wp-json\/wp\/v2\/tags?post=15769"}],"curies":[{"name":"wp","href":"https:\/\/api.w.org\/{rel}","templated":true}]}}