{"id":15772,"date":"2020-05-31T13:23:25","date_gmt":"2020-05-31T13:23:25","guid":{"rendered":"http:\/\/www.iceagetv.com\/radiosite\/?p=15772"},"modified":"2020-05-31T13:23:25","modified_gmt":"2020-05-31T13:23:25","slug":"deconfinement-100-de-loffre-des-trains-a-la-sncf-sera-remise-en-place-a-partir-de-la-mi-juin-et-la-regle-de-un-siege-sur-deux-occupe-sera-egalement-levee-a-cette-date","status":"publish","type":"post","link":"https:\/\/www.iceagetv.com\/radiosite\/deconfinement-100-de-loffre-des-trains-a-la-sncf-sera-remise-en-place-a-partir-de-la-mi-juin-et-la-regle-de-un-siege-sur-deux-occupe-sera-egalement-levee-a-cette-date\/","title":{"rendered":"D\u00e9confinement &#8211; 100% de l&rsquo;offre des trains \u00e0 la SNCF sera remise en place \u00e0 partir de la mi-juin et la r\u00e8gle de \u00ab\u00a0un si\u00e8ge sur deux occup\u00e9\u00a0\u00bb sera \u00e9galement lev\u00e9e \u00e0 cette date"},"content":{"rendered":"\n<p>Le secr\u00e9taire d&rsquo;Etat aux Transports, Jean-Baptiste Djebbari, a indiqu\u00e9 dimanche 31 mai sur BFMTV que \u00ab\u00a0100% de l&rsquo;offre\u00a0\u00bb de la SNCF serait commercialis\u00e9e \u00e0 partir de la \u00ab\u00a0mi-juin\u00a0\u00bb. \u00ab\u00a0Nous enlevons la restriction d&rsquo;un si\u00e8ge sur deux\u00a0\u00bb occup\u00e9, qui avait \u00e9t\u00e9 impos\u00e9e \u00e0 la SNCF pour respecter les r\u00e8gles de distanciation, a-t-il pr\u00e9cis\u00e9, en demandant \u00e0 l&rsquo;op\u00e9rateur public de \u00ab\u00a0ma\u00eetriser ses tarifs\u00a0\u00bb pendant l&rsquo;\u00e9t\u00e9. Cette restriction d&rsquo;un si\u00e8ge sur deux occup\u00e9, alors qu&rsquo;aucune contrainte de ce type n&rsquo;a \u00e9t\u00e9 impos\u00e9e en avion, faisait grincer des dents \u00e0 la SNCF, surtout s&rsquo;agissant des TGV, seuls trains sur lesquels elle fait habituellement des b\u00e9n\u00e9fices.<\/p>\n\n\n\n<p>L&rsquo;entreprise de transport a besoin d&rsquo;un taux d&rsquo;occupation d&rsquo;au moins 60% &#8211; jusqu&rsquo;\u00e0 80% dans les Ouigo &#8211; pour ne pas perdre d&rsquo;argent. \u00ab\u00a0Ce que nous anticipons c&rsquo;est que nous aurons probablement mi-juin 100% de l&rsquo;offre et 50% de la fr\u00e9quentation\u00a0\u00bb, a dit le secr\u00e9taire d&rsquo;Etat.<\/p>\n\n\n\n<p>Il s&rsquo;est \u00e9galement exprim\u00e9 sur les transports en commun : \u00ab\u00a0On va continuer \u00e0 avoir des mesures sanitaires tr\u00e8s importantes\u00a0\u00bb, notamment l&rsquo;obligation de porter le masque, a-t-il pr\u00e9cis\u00e9. Pour ce qui concerne l&rsquo;Ile-de-France, r\u00e9gion qui reste en zone \u00ab\u00a0orange\u00a0\u00bb, la normalisation sera un peu plus progressive.<\/p>\n\n\n\n<p>L&rsquo;attestation employeur pour prendre les transports en Ile-de-France aux heures de pointe restera obligatoire \u00ab\u00a0au moins jusqu&rsquo;au 22 juin\u00a0\u00bb, donc pour tout voyage entre 6h30 et 9h30, puis entre 16 heures et 19 heures, a indiqu\u00e9 Jean-Baptiste Djebbari.<\/p>\n\n\n\n<p>En ce qui concerne l&rsquo;accessibilit\u00e9 au m\u00e9tro \u00ab\u00a0nous avons 62 stations de m\u00e9tro ferm\u00e9es, ce sera certainement un peu moins\u00a0\u00bb prochainement, a-t-il avanc\u00e9, sans donner de chiffre pr\u00e9cis.<\/p>\n","protected":false},"excerpt":{"rendered":"<p>Le secr\u00e9taire d&rsquo;Etat aux Transports, Jean-Baptiste Djebbari, a indiqu\u00e9 dimanche 31 mai sur BFMTV que \u00ab\u00a0100% de l&rsquo;offre\u00a0\u00bb de la SNCF serait commercialis\u00e9e \u00e0 partir de la \u00ab\u00a0mi-juin\u00a0\u00bb. \u00ab\u00a0Nous enlevons la restriction d&rsquo;un si\u00e8ge sur deux\u00a0\u00bb occup\u00e9, qui avait \u00e9t\u00e9 impos\u00e9e \u00e0 la SNCF pour respecter les r\u00e8gles de distanciation, a-t-il pr\u00e9cis\u00e9, en demandant \u00e0 [&hellip;]<\/p>\n","protected":false},"author":2,"featured_media":15773,"comment_status":"open","ping_status":"open","sticky":false,"template":"","format":"standard","meta":{"_jetpack_memberships_contains_paid_content":false,"footnotes":"","jetpack_publicize_message":"","jetpack_publicize_feature_enabled":true,"jetpack_social_post_already_shared":true,"jetpack_social_options":{"image_generator_settings":{"template":"highway","default_image_id":0,"font":"","enabled":false},"version":2},"_wpas_customize_per_network":false},"categories":[405],"tags":[],"class_list":["post-15772","post","type-post","status-publish","format-standard","has-post-thumbnail","hentry","category-actu-france-monde"],"jetpack_publicize_connections":[],"jetpack_featured_media_url":"https:\/\/i0.wp.com\/www.iceagetv.com\/radiosite\/wp-content\/uploads\/2020\/05\/100-de-loffre-des-trains-%C3%A0-la-SNCF.png?fit=889%2C373&ssl=1","jetpack_sharing_enabled":true,"_links":{"self":[{"href":"https:\/\/www.iceagetv.com\/radiosite\/wp-json\/wp\/v2\/posts\/15772","targetHints":{"allow":["GET"]}}],"collection":[{"href":"https:\/\/www.iceagetv.com\/radiosite\/wp-json\/wp\/v2\/posts"}],"about":[{"href":"https:\/\/www.iceagetv.com\/radiosite\/wp-json\/wp\/v2\/types\/post"}],"author":[{"embeddable":true,"href":"https:\/\/www.iceagetv.com\/radiosite\/wp-json\/wp\/v2\/users\/2"}],"replies":[{"embeddable":true,"href":"https:\/\/www.iceagetv.com\/radiosite\/wp-json\/wp\/v2\/comments?post=15772"}],"version-history":[{"count":1,"href":"https:\/\/www.iceagetv.com\/radiosite\/wp-json\/wp\/v2\/posts\/15772\/revisions"}],"predecessor-version":[{"id":15774,"href":"https:\/\/www.iceagetv.com\/radiosite\/wp-json\/wp\/v2\/posts\/15772\/revisions\/15774"}],"wp:featuredmedia":[{"embeddable":true,"href":"https:\/\/www.iceagetv.com\/radiosite\/wp-json\/wp\/v2\/media\/15773"}],"wp:attachment":[{"href":"https:\/\/www.iceagetv.com\/radiosite\/wp-json\/wp\/v2\/media?parent=15772"}],"wp:term":[{"taxonomy":"category","embeddable":true,"href":"https:\/\/www.iceagetv.com\/radiosite\/wp-json\/wp\/v2\/categories?post=15772"},{"taxonomy":"post_tag","embeddable":true,"href":"https:\/\/www.iceagetv.com\/radiosite\/wp-json\/wp\/v2\/tags?post=15772"}],"curies":[{"name":"wp","href":"https:\/\/api.w.org\/{rel}","templated":true}]}}