{"id":15784,"date":"2020-06-01T08:18:12","date_gmt":"2020-06-01T08:18:12","guid":{"rendered":"http:\/\/www.iceagetv.com\/radiosite\/?p=15784"},"modified":"2020-06-01T08:18:12","modified_gmt":"2020-06-01T08:18:12","slug":"trois-semaines-apres-le-deconfinement-et-le-retour-des-francais-sur-les-routes-la-securite-routiere-sinquiete-de-premiers-chiffres-alarmants-avec-une-hausse-des-accidents-mortels","status":"publish","type":"post","link":"https:\/\/www.iceagetv.com\/radiosite\/trois-semaines-apres-le-deconfinement-et-le-retour-des-francais-sur-les-routes-la-securite-routiere-sinquiete-de-premiers-chiffres-alarmants-avec-une-hausse-des-accidents-mortels\/","title":{"rendered":"Trois semaines apr\u00e8s le d\u00e9confinement et le retour des Fran\u00e7ais sur les routes, la S\u00e9curit\u00e9 routi\u00e8re s&rsquo;inqui\u00e8te de \u00ab\u00a0premiers chiffres alarmants\u00a0\u00bb avec une hausse des accidents mortels"},"content":{"rendered":"\n<p>Trois semaines apr\u00e8s le d\u00e9confinement et le retour des Fran\u00e7ais sur les routes, la S\u00e9curit\u00e9 routi\u00e8re s&rsquo;inqui\u00e8te de \u00ab\u00a0premiers chiffres alarmants\u00a0\u00bb avec une hausse des accidents mortels et un bond de 15% des grands exc\u00e8s de vitesse.<\/p>\n\n\n\n<p>Une campagne appelant \u00e0 la prudence lors du d\u00e9confinement avait \u00e9t\u00e9 lanc\u00e9e d\u00e9but mai. \u00ab\u00a0H\u00e9las, nos craintes semblaient fond\u00e9es puisque les premiers chiffres remontant du terrain sont assez alarmants en termes de mortalit\u00e9\u00a0\u00bb, a d\u00e9clar\u00e9 David Julliard, l&rsquo;adjoint au d\u00e9l\u00e9gu\u00e9 interminist\u00e9riel \u00e0 la S\u00e9curit\u00e9 routi\u00e8re, dans une interview au journal Le Parisien.<\/p>\n\n\n\n<p>Lors du pont de l&rsquo;Ascension, \u00ab\u00a0il y a eu beaucoup d&rsquo;accidents meurtriers et le nombre de morts a \u00e9t\u00e9 plus important que l&rsquo;an dernier \u00e0 la m\u00eame \u00e9poque\u00a0\u00bb, rapporte-t-il.<\/p>\n\n\n\n<p>Si cette surmortalit\u00e9 peut en partie s&rsquo;expliquer par \u00ab\u00a0la m\u00e9t\u00e9o\u00a0\u00bb, car \u00ab\u00a0les beaux jours se traduisent souvent par un surcro\u00eet d&rsquo;accidents graves\u00a0\u00bb, M. Julliard s&rsquo;alarme \u00e9galement d&rsquo;un \u00ab\u00a0accroissement des comportements \u00e0 risque\u00a0\u00bb.<\/p>\n\n\n\n<p>\u00ab\u00a0Entre le 11 et le 27 mai, nous avons relev\u00e9 2.421 grands exc\u00e8s de vitesse, sup\u00e9rieurs \u00e0 50 km\/h au-dessus de la limitation\u00a0\u00bb, explique-t-il. \u00ab\u00a0C&rsquo;est 321 de plus qu&rsquo;en 2019 sur la m\u00eame p\u00e9riode, soit une hausse de pr\u00e8s de 15 %, ce qui est \u00e9norme.\u00a0\u00bb<\/p>\n\n\n\n<p>\u00ab\u00a0On nous a aussi signal\u00e9 une recrudescence des franchissements de feux rouges\u00a0\u00bb, ajoute-t-il. \u00ab\u00a0Cela confirme une forme de rel\u00e2chement ou de d\u00e9sinhibition des comportements au volant de la part d&rsquo;une minorit\u00e9 de conducteurs.\u00a0\u00bb<\/p>\n\n\n\n<p>Le confinement mis en place pour lutter contre l&rsquo;\u00e9pid\u00e9mie de nouveau coronavirus a provoqu\u00e9 une baisse historique du nombre de morts en avril, avec 55,8% de personnes tu\u00e9es en moins par rapport \u00e0 la m\u00eame p\u00e9riode l&rsquo;an dernier. Mais la S\u00e9curit\u00e9 routi\u00e8re s&rsquo;\u00e9tait d\u00e9j\u00e0 alarm\u00e9e d&rsquo;une recrudescence des grands exc\u00e8s de vitesse pendant cette p\u00e9riode.<\/p>\n","protected":false},"excerpt":{"rendered":"<p>Trois semaines apr\u00e8s le d\u00e9confinement et le retour des Fran\u00e7ais sur les routes, la S\u00e9curit\u00e9 routi\u00e8re s&rsquo;inqui\u00e8te de \u00ab\u00a0premiers chiffres alarmants\u00a0\u00bb avec une hausse des accidents mortels et un bond de 15% des grands exc\u00e8s de vitesse. Une campagne appelant \u00e0 la prudence lors du d\u00e9confinement avait \u00e9t\u00e9 lanc\u00e9e d\u00e9but mai. \u00ab\u00a0H\u00e9las, nos craintes semblaient [&hellip;]<\/p>\n","protected":false},"author":2,"featured_media":15785,"comment_status":"open","ping_status":"open","sticky":false,"template":"","format":"standard","meta":{"_jetpack_memberships_contains_paid_content":false,"footnotes":"","jetpack_publicize_message":"","jetpack_publicize_feature_enabled":true,"jetpack_social_post_already_shared":true,"jetpack_social_options":{"image_generator_settings":{"template":"highway","default_image_id":0,"font":"","enabled":false},"version":2},"_wpas_customize_per_network":false},"categories":[405],"tags":[2790],"class_list":["post-15784","post","type-post","status-publish","format-standard","has-post-thumbnail","hentry","category-actu-france-monde","tag-trois-semaines-apres-le-deconfinement-et-le-retour-des-francais-sur-les-routes"],"jetpack_publicize_connections":[],"jetpack_featured_media_url":"https:\/\/i0.wp.com\/www.iceagetv.com\/radiosite\/wp-content\/uploads\/2020\/06\/Trois-semaines-apr%C3%A8s-le-d%C3%A9confinement-et-le-retour-des-Fran%C3%A7ais-sur-les-routes-la-S%C3%A9curit%C3%A9-routi%C3%A8re.png?fit=629%2C272&ssl=1","jetpack_sharing_enabled":true,"_links":{"self":[{"href":"https:\/\/www.iceagetv.com\/radiosite\/wp-json\/wp\/v2\/posts\/15784","targetHints":{"allow":["GET"]}}],"collection":[{"href":"https:\/\/www.iceagetv.com\/radiosite\/wp-json\/wp\/v2\/posts"}],"about":[{"href":"https:\/\/www.iceagetv.com\/radiosite\/wp-json\/wp\/v2\/types\/post"}],"author":[{"embeddable":true,"href":"https:\/\/www.iceagetv.com\/radiosite\/wp-json\/wp\/v2\/users\/2"}],"replies":[{"embeddable":true,"href":"https:\/\/www.iceagetv.com\/radiosite\/wp-json\/wp\/v2\/comments?post=15784"}],"version-history":[{"count":1,"href":"https:\/\/www.iceagetv.com\/radiosite\/wp-json\/wp\/v2\/posts\/15784\/revisions"}],"predecessor-version":[{"id":15786,"href":"https:\/\/www.iceagetv.com\/radiosite\/wp-json\/wp\/v2\/posts\/15784\/revisions\/15786"}],"wp:featuredmedia":[{"embeddable":true,"href":"https:\/\/www.iceagetv.com\/radiosite\/wp-json\/wp\/v2\/media\/15785"}],"wp:attachment":[{"href":"https:\/\/www.iceagetv.com\/radiosite\/wp-json\/wp\/v2\/media?parent=15784"}],"wp:term":[{"taxonomy":"category","embeddable":true,"href":"https:\/\/www.iceagetv.com\/radiosite\/wp-json\/wp\/v2\/categories?post=15784"},{"taxonomy":"post_tag","embeddable":true,"href":"https:\/\/www.iceagetv.com\/radiosite\/wp-json\/wp\/v2\/tags?post=15784"}],"curies":[{"name":"wp","href":"https:\/\/api.w.org\/{rel}","templated":true}]}}